
{"id":51917,"date":"2015-05-21T09:56:04","date_gmt":"2015-05-21T07:56:04","guid":{"rendered":"http:\/\/www.gdapress.it\/it\/?p=51917"},"modified":"2015-06-25T07:12:44","modified_gmt":"2015-06-25T05:12:44","slug":"pinacoteca-di-breradal-quadro-al-piatto","status":"publish","type":"post","link":"https:\/\/www.gdapress.it\/it\/index.php\/51917\/arte\/pinacoteca-di-breradal-quadro-al-piatto.html","title":{"rendered":"PINACOTECA DI BRERA:DAL QUADRO AL PIATTO"},"content":{"rendered":"<p class=\"ecxMsoNormal\" align=\"center\"><b><i>\u00a0Cinque percorsi guidati all\u2019insegna di pittura, gastronomia e ricerca alimentare. Primo appuntamento, 21 maggio 2015<\/i><\/b><\/p>\n<p class=\"ecxMsoNormal\" align=\"center\"><b><i>con \u201cLa Cucina\u201d di Vincenzo Campi<\/i><\/b><\/p>\n<p class=\"ecxMsoNormal\" align=\"center\">Arte e cibo: un tema decisamente in sintonia con il tema guida di Expo 2015 \u201cNutrire il pianeta. Energia per la vita\u201d, sar\u00e0 protagonista di cinque incontri promossi dal Consiglio Nazionale delle Ricerche e la Pinacoteca di Brera articolati tra visite guidate e conferenze in cui esperti qualificati parleranno di storia dell\u2019arte, educazione alimentare e ricerca nel settore. Un\u2019occasione straordinaria che offre al pubblico la possibilit\u00e0 di conoscere alcune opere del Complesso Museale di Brera, in particolare quelle opere che rappresentano soggetti alimentari.<\/p>\n<p class=\"ecxMsoNormal\">Il primo di questi incontri \u00e8 in programma per il 21 maggio, nella splendida Sala della Passione della Pinacoteca e ha come soggetto uno dei dipinti pi\u00f9 famosi di Vincenzo Campi: \u201cLa cucina\u201d. Il quadro ritrae in modo realistico e dettagliato una tipica cucina italiana della fine del \u2018500, un\u2019importante rappresentazione di quelli che erano gli usi e i costumi di quel periodo capace di farne rivivere atmosfere, sensazioni \u00a0persino profumi.<\/p>\n<p class=\"ecxMsoNormal\">Partner dell\u2019evento, in collaborazione con \u2018Fondaco comunicare con l\u2019arte\u2019 e \u2018Amici di Brera\u2019, Rigoni di Asiago, gi\u00e0 sponsor della ristrutturazione dell\u2019Atrio dei Gesuiti di Brera e che sar\u00e0 presente con i suoi prodotti Fiordifrutta, Mielbio, Nocciolata e Tantifrutti.<\/p>\n<p class=\"ecxMsoNormal\"><b>Gioved\u00ec 21 maggio alle ore 10\u00a0<\/b><\/p>\n<p class=\"ecxMsoNormal\"><i>Sandrina Bandera<\/i>, direttore del Polo museale regionale della Lombardia<\/p>\n<p class=\"ecxMsoNormal\"><i>Francesco Loreto<\/i>, direttore del Dipartimento di scienze bio agroalimentari del Cnr<\/p>\n<p class=\"ecxMsoNormal\"><i>Enrico Bressan<b>, <\/b><\/i>presidente di \u201cFondaco. Comunicare con l\u2019arte\u201d<\/p>\n<p class=\"ecxMsoNormal\"><i>Sandra Fiore<b>, <\/b><\/i>storica dell\u2019arte e giornalista ufficio stampa del Cnr.<b><i>\u00a0<\/i><\/b><\/p>\n<p class=\"ecxMsoNormal\"><b><i>\u00a0<\/i><\/b><\/p>\n<p class=\"ecxMsoNormal\"><b>Ore 10.30 \u2013 12 Conferenza dibattito:<\/b><\/p>\n<p class=\"ecxMsoNormal\"><b><i>\u00a0<\/i><\/b><\/p>\n<p class=\"ecxMsoNormal\"><b><i>Luce, suoni, odori legati all\u2019alimentazione e alla vita rurale<\/i><\/b><i>, <\/i>Sandrina Bandera, direttore del Polo Museale Regionale della Lombardia<\/p>\n<p class=\"ecxMsoNormal\"><b><i>Cibo povero, ricco e junk: qualit\u00e0 e gusto a confronto<\/i><\/b>, Maria Grazia Volpe, Istituto di Scienze dell\u2019alimentazione del Cnr<\/p>\n<p class=\"ecxMsoNormal\"><b><i>Piatto freddo: il men\u00f9 della base scientifica \u201cConcordia\u201d in Antartide<\/i><\/b>, Paolo Loprete, Asl Milano e Corrado Leone, dipartimento scienza del sistema Terra e tecnologie per l\u2019ambiente del Cnr. Collegamento streaming con la base Concordia<\/p>\n<p class=\"ecxMsoNormal\"><b><i>Cotto e frullato, web parodia delle trasmissioni di cucina,<\/i><\/b> Maurizio Merluzzo e Paolo Cellamare.<\/p>\n<p class=\"ecxMsoNormal\"><b>Moderatore<\/b>: Marco Ferrazzoli, giornalista, capo ufficio stampa del Cnr.<\/p>\n<p class=\"ecxMsoNormal\">Dalla cucina opulenta dipinta nel Seicento da Vincenzo Campi al men\u00f9 servito presso la base scientifica &#8216;Concordia&#8217; in Antartide, dove le temperature in inverno toccano- 80\u00b0, dalla gastronomia molecolare alle ricette proposte dalla web parodia &#8216;Cotto&amp; frullato&#8217;, fino al pesce cotto in lavatrice. Sono alcuni momenti in programma a &#8220;<b><strong>Dal quadro al piatto&#8221;<\/strong><\/b>, cinque visite guidate-conferenze che si terranno, una al mese <b><strong>(21 maggio, 25 giugno, 16 luglio, 17 settembre, 15 ottobre, dalle 9.30 alle 13.00) <\/strong><\/b>presso la<b><strong> Pinacoteca di Brera a Milano per Expo 2015.<\/strong><\/b> Il progetto dell&#8217;Ufficio stampa del Consiglio nazionale delle ricerche, a cura della giornalista e storica dell&#8217;arte Sandra Fiore, \u00e8 promosso dal Dipartimento di Scienze bio-agroalimentari del Cnr in partnership con la Pinacoteca Brera, la partecipazione di Rigoni di Asiago, la collaborazione di &#8216;Fondaco comunicare con l&#8217;arte&#8217; e &#8216;Amici di Brera&#8217;. Per ogni incontro, la direttrice del Polo museale regionale della Lombardia Sandrina Bandera, presenter\u00e0 alcuni capolavori pittorici con soggetti alimentari (Campi, Veronese, Tiziano, Caravaggio), a partire dai quali ricercatori, giornalisti ed esperti dibatteranno di junk food, intolleranze, innovazione agraria, &#8216;tavola&#8217; nel cinema e come luogo relazione sociale. Gli incontri termineranno con una degustazione.<br \/>\nL&#8217;apertura dell&#8217;evento cui parteciper\u00e0 il Presidente del CNR Luigi Nicolais <b><strong>\u00e8 il 21 maggio, con &#8216;Profumi da una cucina&#8217; dedicata all&#8217;opera di Vincenzo Campi &#8216;Cucina&#8217;<\/strong><\/b>: si parler\u00e0 di cibo &#8220;spazzatura&#8221;, Maria Grazia Volpe dell&#8217;Istituto di scienze dell&#8217;alimentazione del Cnr, mentre Corrado Leone del Dipartimento scienze del sistema Terra e tecnologie per l&#8217;ambiente del Cnr e Paolo Loprete della Asl di Milano testimonieranno cosa mangiano i ricercatori al Polo sud. Maurizio Merluzzo e Paolo Cellammare, autori e protagonisti di &#8216;Cotto&amp; Frullato&#8217;, racconteranno invece la web parodia che conta oltre 7 milioni di visualizzazioni e un &#8216;web show Award&#8217; 2014. Modera: Marco Ferrazzoli, capo ufficio stampa del Cnr.<br \/>\n<b><strong>&#8216;I sapori della terra&#8217; <\/strong><\/b>\u00e8 il titolo dell&#8217;incontro<b><strong> del 25 giugno <\/strong><\/b>che richiama il dipinto<b><strong> &#8216;La fruttivendola&#8217; <\/strong><\/b>(Vincenzo Campi): la ricchezza di frutta e ortaggi raffigurati consentir\u00e0 a Claudio Cantini dell&#8217;Istituto per la valorizzazione del legno e delle specie arboree del Cnr di illustrare il progetto di recupero di alcune &#8216;specie perdute&#8217;. La carota, per esempio, in passato era viola o gialla: quando si diffonde la specie arancione? Il nodo viene sciolto da Dario Bressanini, giornalista di &#8220;Le scienze&#8217;. Modera: Giovanni Caprara, editorialista scientifico del Corriere della Sera.<br \/>\nGli interventi del<b><strong> 16 luglio <\/strong><\/b>ruotano intorno a &#8216;<b><strong>La vita degli alimenti&#8217;<\/strong><\/b>, a partire dalle opere &#8216;I pescivendoli&#8217; e &#8216;I pollivendoli&#8217; (Vincenzo Campi): Sabato D&#8217;Auria, direttore dell&#8217;Istituto di scienze dell&#8217;alimentazione del Cnr, illustrer\u00e0 l&#8217;uso di nanotecnologie e sensoristica per rilevare le contaminazioni nella filiera alimentare; Fabio Fiorentino dell&#8217;Istituto per l&#8217;ambiente marino costiero del Cnr si soffermer\u00e0 sull&#8217;impoverimento della biodiversit\u00e0 marina a tavola. Concluder\u00e0 Fabrizio Nonis chef, autore e conduttore del format turistico-enogastronomico &#8216;Sconfinando&#8217; e di &#8216;Beke\u00b4r-Macellaio in cucina&#8217;. Modera: Federico Pedrocchi, giornalista, conduttore di Moebius su Radio 24.<br \/>\nSi torna il<b><strong> 17 settembre<\/strong><\/b> con <b><strong><i><em>Cena a casa di Simone<\/em><\/i> di Paolo Veronese e <i><em>Cena in Emmaus<\/em><\/i> di Caravaggio <\/strong><\/b>per affrontare<b><strong> &#8216;Il convivio tra metafora e realt\u00e0&#8217;<\/strong><\/b>: il valore sociale dello stare a tavola con la psicologa Maria Paola Graziani; la contraddizione tra spreco e assenza di cibo con Pierpaolo Duce, Istituto di biometeorologia del Cnr; &#8216;la tavola&#8217; nella cinematografia con Marco Lombardi, giornalista e docente universitario. Modera: Sandra Fiore.<br \/>\nLa manifestazione si conclude<b><strong> il 15 ottobre<\/strong><\/b> con il &#8216;<b><strong>San Girolamo&#8217; di Tiziano<\/strong><\/b> e &#8216;<b><strong>Siamo ci\u00f2 che mangiamo&#8217;<\/strong><\/b>. Gli argomenti: i rischi della dieta &#8216;fai da te&#8217; a cura di Roberto Volpe del Servizio prevenzione e protezione del Cnr; intolleranze alimentari (che interessano circa il 5% della popolazione mondiale) il mercato e la moda del <i><em>gluten free <\/em><\/i>illustrati da Mauro Rossi dell&#8217;Isa-Cnr; Davide Cassi, docente di Fisica della materia ed esperto di cucina molecolare, spiegher\u00e0 come trasformare un caff\u00e8 espresso in gelato grazie all&#8217;azoto liquido e come cucinare il pesce in lavastoviglie. Modera: Fabrizia Sernia, giornalista scientifica, direttore Aida Informazioni.<\/p>\n<p><b><strong>La scheda:<br \/>\n<\/strong><\/b><br \/>\n<b><strong>Chi:<\/strong><\/b> Ufficio stampa Dipartimento di Scienze bio-agroalimentari del Consiglio nazionale delle ricerche, Pinacoteca Brera, Rigoni di Asiago &#8216;Fondaco comunicare con l&#8217;arte&#8217; e &#8216;Amici di Brera&#8217;<br \/>\n<b><strong>Cosa:<\/strong><\/b> ciclo di visite guidate e conferenze: &#8216;Dal quadro al piatto&#8217;<br \/>\n<b><strong>Quando:<\/strong><\/b> 21 maggio, 25 giugno, 16 luglio, 17 settembre, 15 ottobre, dalle 9.30 alle 13.00<br \/>\n<b><strong>Dove:<\/strong><\/b> Pinacoteca di Brera, Via Brera 28, Milano<br \/>\n<b><strong>Per informazioni:<\/strong><\/b> Sandra Fiore, responsabile progetto, ufficio stampa Cnr, sandra.fiore@cnr.it<\/p>\n<p>maggio &#8211; ottobre 2015<br \/>\n9.30 -13.00<br \/>\nSala della Passione<br \/>\nPinacoteca di Brera<br \/>\nVia Brera 28, Milano<\/p>\n<p>Programma<\/p>\n<p>Gioved\u00ec 21 maggio 2015<br \/>\n&#8220;PROFUMI DA UNA CUCINA&#8221;<br \/>\nVincenzo Campi, Cucina<\/p>\n<p>Ore 10.00 Saluti:<br \/>\nSandrina Bandera, direttore del Polo museale regionale della Lombardia<br \/>\nLuigi Nicolais, presidente del CNR,<br \/>\nSanja Vlahovic, ministro della Scienza del Montenegro<br \/>\nFrancesco Loreto, direttore del Dipartimento di scienze bio agroalimentari del Cnr<br \/>\nEnrico Bressan, presidente di &#8216;Fondaco. Comunicare con l&#8217;arte&#8217;<br \/>\nSandra Fiore, storica dell&#8217;arte e giornalista ufficio stampa del Cnr<\/p>\n<p>10.30 -12.00 conferenza dibattito<\/p>\n<p>Luce, suoni, odori legati all&#8217;alimentazione e alla vita rurale, Sandrina Bandera, direttrice del Polo museale<br \/>\nregionale della Lombardia<\/p>\n<p>Cibo povero, ricco e junk: qualit\u00e0 e gusto a confronto, Maria Grazia Volpe, Istituto di scienze<br \/>\ndell&#8217;alimentazione del Cnr<\/p>\n<p>&#8216;Piatto freddo&#8217;: il men\u00f9 della base scientifica &#8216;Concordia&#8217; in Antartide, Paolo Loprete, Asl Milano e<br \/>\nCorrado Leone, Dipartimento scienze del sistema Terra e tecnologie per l&#8217;ambiente del Cnr. Collegamento<br \/>\nstreaming con la base Concordia<\/p>\n<p>&#8216;Cotto e frullato&#8217;, web parodia delle trasmissioni di cucina, Maurizio Merluzzo e Paolo Cellammare<\/p>\n<p>Modera: Marco Ferrazzoli, giornalista, capo ufficio stampa del Cnr<\/p>\n<p>Gioved\u00ec 25 giugno 2015<br \/>\nI SAPORI DELLA TERRA<br \/>\nVincenzo Campi, La fruttivendola<\/p>\n<p>10.30 -12.00 conferenza dibattito<\/p>\n<p>La ricchezza agraria in Lombardia all&#8217;epoca di Carlo V e l&#8217;economia del latifondo, Sandrina Bandera,<br \/>\ndirettore del Polo museale regionale della Lombardia<\/p>\n<p>Alla ricerca delle specie ortofrutticole perdute, Claudio Cantini, Istituto per la valorizzazione del legno e delle specie arboree del Cnr<\/p>\n<p>Mangiare con &#8216;gli occhi&#8217;:analisi sensoriale della frutta, Stefano Predieri, Istituto di biometeorologia del Cnr<\/p>\n<p>Quando le carote erano viola. Come la pittura ha risolto un mistero scientifico, Dario Bressanini, giornalista di &#8216;Le scienze&#8217;<\/p>\n<p>Modera: Giovanni Caprara, editorialista scientifico del Corriere della Sera<\/p>\n<p>Gioved\u00ec 16 luglio 2015<br \/>\nLA VITA DEGLI ALIMENTI<\/p>\n<p>Vincenzo Campi, I pescivendoli,<br \/>\nI pollivendoli<\/p>\n<p>10.30 -12.00 conferenza dibattito<\/p>\n<p>Cibo e natura, Sandrina Bandera, direttore del Polo museale regionale della Lombardia<\/p>\n<p>Biodiversit\u00e0 acquatica a tavola, Fabio Fiorentino, Istituto per l&#8217;ambiente marino costiero del Cnr<\/p>\n<p>Food safety nella filiera alimentare, Sabato D&#8217;Auria, direttore dell&#8217;Istituto di scienze dell&#8217;alimentazione<br \/>\ndel Cnr<\/p>\n<p>&#8216;Sconfinando&#8217; tra enogastronomia e turismo, format televisivo dello chef Fabrizio Nonis<br \/>\nModera: Federico Pedrocchi, giornalista, direttore e conduttore di Moebius su Radio 24 &#8211; Il Sole 24 Ore<\/p>\n<p>Gioved\u00ec 17 settembre 2015<br \/>\nIL CONVIVIO: TRA METAFORA E<br \/>\nREALTA&#8217;<\/p>\n<p>Paolo Veronese, Cena in casa di Simone<\/p>\n<p>Caravaggio, Cena in Emmaus<\/p>\n<p>10.30 -12.00 conferenza dibattito<br \/>\nAlimentazione e sistema sociale attraverso la testimonianza della pittura, Sandrina Bandera, direttore del Polo museale regionale della Lombardia<br \/>\nLa &#8216;tavola dei valori&#8217;: il convivio tra passato e presente, Maria Paola Graziani, psicologa gi\u00e0 Cnr<br \/>\nSpreco e assenza di alimenti: il paradosso del mondo globalizzato, Pierpaolo Duce, Istituto di<br \/>\nbiometeorologia del Cnr<\/p>\n<p>Il cibo nella storia del cinema, Marco Lombardi, giornalista e docente presso l&#8217;Universit\u00e0 Suor Orsola Benincasa<\/p>\n<p>Modera: Sandra Fiore, storica dell&#8217;arte, giornalista Ufficio stampa del Cnr<\/p>\n<p>Gioved\u00ec 15 ottobre 2015<br \/>\nSIAMO CIO&#8217; CHE MANGIAMO<br \/>\nTiziano, San Gerolamo<\/p>\n<p>10.30 -12.00 conferenza dibattito<\/p>\n<p>La rappresentazione dei Santi nel deserto, Sandrina Bandera, direttore del Polo museale regionale della Lombardia<\/p>\n<p>Digiuno e saziet\u00e0: quando la salute \u00e8 in bilico, Roberto Volpe,\u00a0Servizio di prevenzione e protezione del Cnr<\/p>\n<p>Sempre pi\u00f9 intolleranti.agli alimenti, Mauro Rossi, Istituto di scienze dell&#8217;alimentazione del Cnr<\/p>\n<p>Cooking hackers (La vera storia della cucina molecolare), Davide Cassi, docente di Fisica della materia, Universit\u00e0 di Parma<\/p>\n<p>Modera: Fabrizia Sernia, giornalista scientifica, direttore AIDAinformazioni, rivista di Scienze<br \/>\ndell&#8217;informazione<\/p>\n<p>Ingresso libero fino ad esaurimento posti; prenotazione tramite il sito web: www.eventi.stampa.cnr.it<\/p>\n<p>Sandra Fiore, ufficio stampa del Cnr, responsabile progetto<br \/>\nTel. 06\/49933789-3383, e mail: sandra.fiore@cnr.it<\/p>\n<p>Organizzatori<\/p>\n<p>Ufficio stampa &#8211; Consiglio nazionale delle ricerche: Marco Ferrazzoli, capo ufficio, marco.ferrazzoli@cnr.it;<br \/>\nRosanna Dassisti, tel. 06\/49933588, e mail: rosanna.dassisti@cnr.it<br \/>\nDipartimento di Scienze bio &#8211; agroalimentari del Cnr, direttore Francesco Loreto, tel. 06\/49937803<br \/>\nwww.expo.cnr.it<\/p>\n<p>Sandrina Bandera, direttore Polo museale regionale della Lombardia,<\/p>\n<p>Pinacoteca di Brera<br \/>\nUfficio comunicazione, mostre e eventi: Marina Gargiulo, Paola Strada<br \/>\nsbsae-mi.brera@beniculturali.it<br \/>\ncomunicazione.brera@beniculturali.it<br \/>\nwww.brera.beniculturali.it<\/p>\n<p class=\"ecxMsoNormal\"><b><i>\u00a0<\/i><\/b><\/p>\n","protected":false},"excerpt":{"rendered":"<p>\u00a0Cinque percorsi guidati all\u2019insegna di pittura, gastronomia e ricerca alimentare. Primo appuntamento, 21 maggio 2015 con \u201cLa Cucina\u201d di Vincenzo Campi Arte e cibo: un tema decisamente in sintonia con il tema guida di Expo 2015 \u201cNutrire il pianeta. Energia per la vita\u201d, sar\u00e0 protagonista di cinque incontri promossi dal Consiglio Nazionale delle Ricerche e &hellip; <a href=\"https:\/\/www.gdapress.it\/it\/index.php\/51917\/arte\/pinacoteca-di-breradal-quadro-al-piatto.html\" class=\"more-link\">Read more <span class=\"screen-reader-text\">PINACOTECA DI BRERA:DAL QUADRO AL PIATTO<\/span><\/a><\/p>\n","protected":false},"author":3,"featured_media":0,"comment_status":"closed","ping_status":"open","sticky":false,"template":"","format":"standard","meta":{"footnotes":""},"categories":[4],"tags":[15344,8597,12191],"class_list":["post-51917","post","type-post","status-publish","format-standard","hentry","category-arte","tag-fondaco","tag-pinacoteca-di-brera","tag-rigoni-di-asiago"],"_links":{"self":[{"href":"https:\/\/www.gdapress.it\/it\/index.php\/wp-json\/wp\/v2\/posts\/51917","targetHints":{"allow":["GET"]}}],"collection":[{"href":"https:\/\/www.gdapress.it\/it\/index.php\/wp-json\/wp\/v2\/posts"}],"about":[{"href":"https:\/\/www.gdapress.it\/it\/index.php\/wp-json\/wp\/v2\/types\/post"}],"author":[{"embeddable":true,"href":"https:\/\/www.gdapress.it\/it\/index.php\/wp-json\/wp\/v2\/users\/3"}],"replies":[{"embeddable":true,"href":"https:\/\/www.gdapress.it\/it\/index.php\/wp-json\/wp\/v2\/comments?post=51917"}],"version-history":[{"count":3,"href":"https:\/\/www.gdapress.it\/it\/index.php\/wp-json\/wp\/v2\/posts\/51917\/revisions"}],"predecessor-version":[{"id":52724,"href":"https:\/\/www.gdapress.it\/it\/index.php\/wp-json\/wp\/v2\/posts\/51917\/revisions\/52724"}],"wp:attachment":[{"href":"https:\/\/www.gdapress.it\/it\/index.php\/wp-json\/wp\/v2\/media?parent=51917"}],"wp:term":[{"taxonomy":"category","embeddable":true,"href":"https:\/\/www.gdapress.it\/it\/index.php\/wp-json\/wp\/v2\/categories?post=51917"},{"taxonomy":"post_tag","embeddable":true,"href":"https:\/\/www.gdapress.it\/it\/index.php\/wp-json\/wp\/v2\/tags?post=51917"}],"curies":[{"name":"wp","href":"https:\/\/api.w.org\/{rel}","templated":true}]}}