
{"id":51879,"date":"2015-05-18T00:21:24","date_gmt":"2015-05-17T22:21:24","guid":{"rendered":"http:\/\/www.gdapress.it\/it\/?p=51879"},"modified":"2015-05-18T00:21:24","modified_gmt":"2015-05-17T22:21:24","slug":"plessi-in-venice-alla-galleria-giorgio-franchetti-alla-ca-doro","status":"publish","type":"post","link":"https:\/\/www.gdapress.it\/it\/index.php\/51879\/arte\/plessi-in-venice-alla-galleria-giorgio-franchetti-alla-ca-doro.html","title":{"rendered":"PLESSI IN VENICE Alla Galleria Giorgio Franchetti   alla Ca\u2019 d\u2019Oro"},"content":{"rendered":"<p><a href=\"http:\/\/www.gdapress.it\/it\/..\/public\/it\/2015\/05\/oro_1.jpg\"><img loading=\"lazy\" decoding=\"async\" class=\"alignnone size-large wp-image-51880\" src=\"http:\/\/www.gdapress.it\/it\/..\/public\/it\/2015\/05\/oro_1-500x330.jpg\" alt=\"oro_1\" width=\"500\" height=\"330\" srcset=\"https:\/\/www.gdapress.it\/it\/..\/public\/it\/2015\/05\/oro_1-500x330.jpg 500w, https:\/\/www.gdapress.it\/it\/..\/public\/it\/2015\/05\/oro_1-300x198.jpg 300w, https:\/\/www.gdapress.it\/it\/..\/public\/it\/2015\/05\/oro_1-900x594.jpg 900w, https:\/\/www.gdapress.it\/it\/..\/public\/it\/2015\/05\/oro_1.jpg 1790w\" sizes=\"auto, (max-width: 500px) 100vw, 500px\" \/><\/a><\/p>\n<p>&nbsp;<\/p>\n<p><strong>6 MAGGIO &#8211; 22 NOVEMBRE 2015<\/strong><\/p>\n<p><strong>Alla Galleria Giorgio Franchetti alla Ca\u2019 d\u2019Oro, sul Canal Grande,<\/strong><\/p>\n<p><strong><em>PLESSI. LIQUID LIFE<\/em><\/strong><strong><em>. <\/em><\/strong><strong><em>Il flusso della memoria. 1000 progetti<\/em><\/strong><strong>,<\/strong><\/p>\n<p><strong>l\u2019antologica di Fabrizio Plessi sul tema dell\u2019acqua.<\/strong><\/p>\n<p><strong>All\u2019Arsenale, la grande installazione <em>PLESSI. LIQUID LIGHT<\/em> composta dalle <em>Lla\u00fct<\/em>,<\/strong><\/p>\n<p><strong>le tradizionali barche delle isole Baleari.<\/strong><\/p>\n<p><strong>Venezia, citt\u00e0 d\u2019acqua<\/strong>, si appresta a ospitare <strong>PLESSI IN VENICE, un grande progetto<\/strong>, interamente dedicato a questo elemento naturale, interpretato da <strong>Fabrizio Plessi<\/strong> (Reggio Emilia, 1940), uno tra i maestri italiani pi\u00f9 riconosciuti e apprezzati a livello internazionale.<\/p>\n<p>Proprio l\u2019acqua \u00e8 una delle cifre pi\u00f9 caratteristiche del lavoro dell\u2019artista. Elemento che, fin dal 1968, guida molte delle sue creazioni, siano esse installazioni, film, videotape e performance. Come ha avuto modo di ricordare lo stesso Plessi, \u201c<em>l\u2019acqua \u00e8 sempre stata il motivo dominante della mia vita e del mio itinerario artistico e culturale<\/em>\u201d.<\/p>\n<p><strong>PLESSI IN VENICE si compone di due momenti distinti<\/strong>, entrambi a cura di Marco Tonelli.<\/p>\n<p>Il primo \u00e8 l\u2019esposizione <strong>PLESSI. LIQUID LIFE. Il flusso della memoria. 1000 progetti<\/strong>, organizzata dal Polo Museale del Veneto in collaborazione con la Fondazione Alberto Peruzzo,\u00a0 con il patrocino di EXPO 2015 e del Padiglione Italia EXPO 2015, in programma <strong>dal 6 maggio al 22 novembre 2015 alla Galleria Giorgio Franchetti alla Ca\u2019 d\u2019Oro<\/strong>, <strong>\u00a0<\/strong>palazzo di grande suggestione e ricco di storia, che si affaccia <strong>sul Canal Grande di Venezia<\/strong>.<\/p>\n<p>Alla Ca\u2019 d\u2019Oro Plessi ha pensato a una videoinstallazione in cui schermi, inseriti all\u2019interno di tavoli, rimanderanno le immagini di un \u201cflusso elettronico\u201d di acqua, a rappresentare idealmente il flusso dei pensieri e dell\u2019intera sua vita creativa.<\/p>\n<p>Le opere saranno in grado di innescare visioni pittoriche di grande suggestione. \u201c<em>Penso che il video<\/em> &#8211; afferma l\u2019artista &#8211; <em>formi con l\u2019acqua un binomio perfetto: l\u2019acqua \u00e8 un elemento cangiante, antico, ancestrale primordiale, il video \u00e8 un elemento della contemporaneit\u00e0: entrambi sono fluidi, instabili. Entrambi emanano un bagliore azzurro<\/em>\u201d. Lo stesso bagliore che Plessi ha potuto incontrare nelle invenzioni di Tintoretto e di Tiziano, e che ebbe modo di studiare e di apprezzare proprio vivendo in una citt\u00e0 d\u2019acqua come Venezia. Tavoli come scultura ma anche <strong>contenitori di mille disegni <\/strong>che rappresentano il nucleo ideativo e progettuale dei suoi lavori.<\/p>\n<p>\u201c<em>Se la luce, pura elettricit\u00e0<\/em> &#8211; afferma il curatore, Marco Tonelli &#8211;\u00a0 <em>\u00e8 la materia primordiale che anima la tecnologia, il disegno \u00e8 in Plessi memoria, vissuto personale e immaginazione che d\u00e0 forza ad un altro tipo di energia, quella interiore dell\u2019artista stesso, capace di captare le vibrazioni di una modernit\u00e0 che un grande sociologo del nostro tempo come Zygmunt Bauman ha definito<\/em> liquida\u201d.<\/p>\n<p>&nbsp;<\/p>\n<p>L\u2019altro evento, organizzato dalla Fondazione Alberto Peruzzo, col patrocinio del Consiglio Regionale Veneto e di VENICE TO EXPO 2015, proporr\u00e0 nelle stesse date<strong> alla Tesa 94 all\u2019Arsenale,<\/strong> un\u2019unica grande installazione, dal titolo <strong>PLESSI. LIQUID LIGHT<\/strong>, che per la prima volta da quarant\u2019anni a questa parte non reca traccia alcuna di monitor o schermi al plasma, ma solo una tenue e misteriosa luce azzurrina (che ricorda la luce della televisione), che fuoriesce dalle chiglie di quattordici barche rovesciate, le <em>lla\u00fct<\/em>, imbarcazioni tradizionali delle isole Baleari per la pesca a strascico e il sottofondo sonoro delle onde del mare.<\/p>\n<p>A seguito dell\u2019intervento della Comunit\u00e0 Europea che incentivava la loro dismissione, molte <em>lla\u00fct<\/em> furono abbandonate dai pescatori. Fabrizio Plessi, dopo una fase di minuziosa ricerca e recupero a Mallorca, ha voluto dar loro nuova vita rendendole contenuto e contenitore di questa installazione che omaggia il Mediterraneo.<\/p>\n<p>Il progetto <strong><em>PLESSI IN VENICE<\/em> <\/strong>\u00e8 accompagnato da due cataloghi <strong>Peruzzo Editoriale: uno specifico dedicato alla mostra in Ca\u2019 d\u2019Oro, un altro per l\u2019installazione dell\u2019Arsenale<\/strong>.<\/p>\n<p>&nbsp;<\/p>\n<p><strong>Fabrizio Plessi. Note biografiche<\/strong><\/p>\n<p>Fabrizio Plessi (Reggio Emilia, 1940), ha compiuto i suoi studi all\u2019Accademia di Belle Arti di Venezia, dove ha poi insegnato per molti anni. Usando il video come strumento artistico, ha tracciato un percorso innovativo che lo ha reso celebre in tutto il mondo. Cofondatore della Kunsthochschule f\u00fcr Medien di K\u00f6ln ha insegnato Umanizzazione delle Tecnologie e Scenografia Elettronica. Al Ludwig Museum di K\u00f6ln famosa \u00e8 la sua installazione <em>Bombay-Bombay<\/em>. Partecipa a 14 edizioni della Biennale di Venezia dal 1970 fino all\u2019ultima del 2011 con <em>Mari Verticali<\/em> al Padiglione Venezia. In Italia \u00e8 stato premiato dalla Quadriennale di Roma nel 1999. Nello stesso anno la Kestner Gesellschaft di Hannover lo premia come artista dell\u2019anno con il premio NLB. Nel 2002 antologica <em>Paradiso\/Inferno<\/em> alle Scuderie del Quirinale di Roma. Ha realizzato oltre 500 mostre personali, dal Centre Pompidou di Parigi (1982) al Guggenheim di New York (1998), dal Museum of Contemporary Art di San Diego (1998) al Guggenheim di Bilbao (2001). Partecipa a Documenta VIII di Kassel (1987) con la celebre installazione <em>Roma<\/em>. E\u2019 presente a Berlino nel 2003 con una antologica al Martin Gropius Bau. Sempre a Berlino realizza una grande installazione per il Sony Center in Potzsdammer Platz. Collabora con i musei pi\u00f9 importanti in Austria come il Kunshistoriche Museum, il Museum Ludwig e la Neue Galerie di Linz. Anche i paesi emergenti hanno in Plessi un sicuro riferimento, come dimostra l\u2019inaugurazione del nuovo Museo d\u2019Arte Contemporanea di Rabat nel 2006. Partecipa alla Biennale del Cairo come artista d\u2019onore nel 2001; cos\u00ec come a quella di Sharjah, di Sa\u00f5 Paulo e di Gwangju in Corea nel 2000. Dal 2008 collabora con il gruppo Louis Vuitton, affiancando la sua arte agli eventi della celebre casa francese, come ad esempio l\u2019America\u2019s Cup. Stretti i rapporti con l\u2019industria come dimostrano i suoi legami con BMW, Dornbracht, Loewe, Swarovski, Calvin Klein. Intellettuali e musicisti come Robert Wilson, Philip Glass e Michael Nyman hanno lavorato con lui. Indimenticabili le sue scenografie elettroniche realizzate per il concerto di Luciano Pavarotti al Central Park di New York nel 1993. <em>Monumenta<\/em> ad Agrigento \u00e8 la sua ultima grandiosa installazione realizzata all\u2019interno della Valle dei Templi. Il 21 giugno 2013 inaugura al Passo del Brennero il Plessi Museum, che ospita una sede espositiva permanente dedicata alla sua arte ed \u00e8 il primo esempio italiano di spazio museale in autostrada. Nel 2014 viene insignito del Premio Pino Pascali: il Museo e la Fondazione che a Polignano a Mare ricordano il grande artista pugliese gli dedicano una personale.<\/p>\n<p><strong>PLESSI. LIQUID LIFE<\/strong><\/p>\n<p><strong>Il flusso della memoria. 1000 progetti<\/strong><\/p>\n<p>Venezia, Galleria Giorgio Franchetti alla Ca\u2019 d\u2019Oro (Cannaregio, 3932)<\/p>\n<p><strong>6 maggio &#8211; 22 novembre 2015<\/strong><\/p>\n<p><strong>\u00a0<\/strong><\/p>\n<p><strong>Orari<\/strong>: \u00a0\u00a0\u00a0\u00a0\u00a0\u00a0\u00a0\u00a0\u00a0\u00a0\u00a0\u00a0 luned\u00ec: 8.15 \u2013 14.00 | marted\u00ec &#8211; domenica: 8.15 \u2013 19.15<\/p>\n<p>(la biglietteria chiude 30 minuti prima)<\/p>\n<p><strong>Ingresso<\/strong>: \u00a0\u00a0\u00a0\u00a0\u00a0\u00a0\u00a0 Intero\u00a0 10,00 euro;\u00a0 ridotto\u00a0 7,00 euro<\/p>\n<p>&nbsp;<\/p>\n<p>Catalogo Peruzzo Editoriale<\/p>\n<p>&nbsp;<\/p>\n<p><strong>Info<\/strong><\/p>\n<p><span style=\"text-decoration: underline;\"><a href=\"http:\/\/www.cadoro.org\/\"><strong>www.cadoro.org<\/strong><\/a><\/span><\/p>\n<p><span style=\"text-decoration: underline;\"><a href=\"http:\/\/www.facebook.com\/MuseoCadoro\"><strong>www.facebook.com\/MuseoCadoro<\/strong><\/a> <\/span><\/p>\n<p><strong><span style=\"text-decoration: underline;\">\u00a0<\/span><\/strong><\/p>\n<p><span style=\"text-decoration: underline;\"><a href=\"http:\/\/www.fondazionealbertoperuzzo.it\/\"><strong>www.fondazionealbertoperuzzo.it<\/strong><\/a>\u00a0 <\/span><\/p>\n<p><strong><span style=\"text-decoration: underline;\"><a href=\"http:\/\/www.facebook.com\/FondazioneAlbertoPeruzzo\">www.facebook.com\/FondazioneAlbertoPeruzzo<\/a> <\/span><\/strong><\/p>\n<p>&nbsp;<\/p>\n<p>&nbsp;<\/p>\n","protected":false},"excerpt":{"rendered":"<p>&nbsp; 6 MAGGIO &#8211; 22 NOVEMBRE 2015 Alla Galleria Giorgio Franchetti alla Ca\u2019 d\u2019Oro, sul Canal Grande, PLESSI. LIQUID LIFE. Il flusso della memoria. 1000 progetti, l\u2019antologica di Fabrizio Plessi sul tema dell\u2019acqua. All\u2019Arsenale, la grande installazione PLESSI. LIQUID LIGHT composta dalle Lla\u00fct, le tradizionali barche delle isole Baleari. Venezia, citt\u00e0 d\u2019acqua, si appresta a &hellip; <a href=\"https:\/\/www.gdapress.it\/it\/index.php\/51879\/arte\/plessi-in-venice-alla-galleria-giorgio-franchetti-alla-ca-doro.html\" class=\"more-link\">Read more <span class=\"screen-reader-text\">PLESSI IN VENICE Alla Galleria Giorgio Franchetti   alla Ca\u2019 d\u2019Oro<\/span><\/a><\/p>\n","protected":false},"author":3,"featured_media":0,"comment_status":"closed","ping_status":"open","sticky":false,"template":"","format":"standard","meta":{"footnotes":""},"categories":[4],"tags":[1340,15805,11023],"class_list":["post-51879","post","type-post","status-publish","format-standard","hentry","category-arte","tag-ca-doro","tag-galleria-giorgio-franchetti","tag-plessi"],"_links":{"self":[{"href":"https:\/\/www.gdapress.it\/it\/index.php\/wp-json\/wp\/v2\/posts\/51879","targetHints":{"allow":["GET"]}}],"collection":[{"href":"https:\/\/www.gdapress.it\/it\/index.php\/wp-json\/wp\/v2\/posts"}],"about":[{"href":"https:\/\/www.gdapress.it\/it\/index.php\/wp-json\/wp\/v2\/types\/post"}],"author":[{"embeddable":true,"href":"https:\/\/www.gdapress.it\/it\/index.php\/wp-json\/wp\/v2\/users\/3"}],"replies":[{"embeddable":true,"href":"https:\/\/www.gdapress.it\/it\/index.php\/wp-json\/wp\/v2\/comments?post=51879"}],"version-history":[{"count":1,"href":"https:\/\/www.gdapress.it\/it\/index.php\/wp-json\/wp\/v2\/posts\/51879\/revisions"}],"predecessor-version":[{"id":51881,"href":"https:\/\/www.gdapress.it\/it\/index.php\/wp-json\/wp\/v2\/posts\/51879\/revisions\/51881"}],"wp:attachment":[{"href":"https:\/\/www.gdapress.it\/it\/index.php\/wp-json\/wp\/v2\/media?parent=51879"}],"wp:term":[{"taxonomy":"category","embeddable":true,"href":"https:\/\/www.gdapress.it\/it\/index.php\/wp-json\/wp\/v2\/categories?post=51879"},{"taxonomy":"post_tag","embeddable":true,"href":"https:\/\/www.gdapress.it\/it\/index.php\/wp-json\/wp\/v2\/tags?post=51879"}],"curies":[{"name":"wp","href":"https:\/\/api.w.org\/{rel}","templated":true}]}}