
{"id":51873,"date":"2015-05-17T23:36:40","date_gmt":"2015-05-17T21:36:40","guid":{"rendered":"http:\/\/www.gdapress.it\/it\/?p=51873"},"modified":"2015-05-17T23:36:40","modified_gmt":"2015-05-17T21:36:40","slug":"remo-bianco-i-3d-uno-sperimentalismo-radicale","status":"publish","type":"post","link":"https:\/\/www.gdapress.it\/it\/index.php\/51873\/arte\/remo-bianco-i-3d-uno-sperimentalismo-radicale.html","title":{"rendered":"Remo Bianco: i \u201c3D\u201d Uno sperimentalismo radicale"},"content":{"rendered":"<h5><a href=\"http:\/\/www.gdapress.it\/it\/..\/public\/it\/2015\/05\/72-Bianco_anni50_60x50.jpg\"><img loading=\"lazy\" decoding=\"async\" class=\"alignnone size-large wp-image-51874\" src=\"http:\/\/www.gdapress.it\/it\/..\/public\/it\/2015\/05\/72-Bianco_anni50_60x50-311x400.jpg\" alt=\"72 Bianco_anni50_60x50\" width=\"311\" height=\"400\" srcset=\"https:\/\/www.gdapress.it\/it\/..\/public\/it\/2015\/05\/72-Bianco_anni50_60x50-311x400.jpg 311w, https:\/\/www.gdapress.it\/it\/..\/public\/it\/2015\/05\/72-Bianco_anni50_60x50-233x300.jpg 233w, https:\/\/www.gdapress.it\/it\/..\/public\/it\/2015\/05\/72-Bianco_anni50_60x50-526x676.jpg 526w, https:\/\/www.gdapress.it\/it\/..\/public\/it\/2015\/05\/72-Bianco_anni50_60x50.jpg 716w\" sizes=\"auto, (max-width: 311px) 100vw, 311px\" \/><\/a><\/h5>\n<h5>Milano, Galleria Blu, Via Senato 18<\/h5>\n<p>Tel. 02\/76022404 e 02\/76020028\u00a0 &#8211; galleriablu@fastwebnet.it<\/p>\n<p><strong>19 maggio \u2013 17 luglio 2015<\/strong><\/p>\n<p>da luned\u00ec a venerd\u00ec 10-12.30 \/ 15.30-19.00, sabato 15.30-19.00 (chiuso domenica e festivi)<\/p>\n<p><strong><span style=\"text-decoration: underline;\">inaugurazione: luned\u00ec 18 maggio 2015, ore 21<\/span><\/strong><\/p>\n<p>La Galleria Blu di Milano presenta una mostra dedicata ai \u201c3D\u201d di Remo Bianco, ciclo di lavori realizzati dalla fine degli anni Quaranta. Origine e fondamento del percorso successivo dell\u2019artista, i \u201c3D\u201d sono caratterizzati dall\u2019utilizzo di materiali e tecniche sperimentali, e costituiti dalla sovrapposizione di pi\u00f9 superfici trasparenti, in vetro e plastica, disegnate e dipinte a china, pennarelli, smalti, oppure opache, traforate secondo sagomature interne, in lamiera, legno laccato, plexiglas.<\/p>\n<p>Declinazioni concettualmente e non solo spazialmente tridimensionali, i \u201c3D\u201d, sono la prima tipologia di opere organicamente esposta come tale dall\u2019artista, che ne ha sempre sottolineato il valore fondante e cruciale per l\u2019intero suo percorso creativo, spesso identificato con i suoi pi\u00f9 noti \u201ctableaux dor\u00e9s\u201d. Una ricerca declinata in un dialogo attivo con le esperienze del MAC Movimento Arte Concreta (in particolare Atanasio Soldati e Bruno Munari), ma anche e soprattutto con lo Spazialismo di Lucio Fontana e il Movimento Arte Nucleare, per giungere a confrontarsi con le poetiche dell\u2019azzeramento e dell\u2019oggettualit\u00e0 di autori italiani come Piero Manzoni, Agostino Bonalumi, Enrico Castellani, Dadamaino, Paolo Scheggi, o di tendenze internazionali come Nouveau R\u00e9alisme, Neo-Dada, Zero, Minimalismo e Pop Art.<\/p>\n<p>La prima mostra personale di Bianco interamente dedicata ai \u201c3D\u201d, presentata alla Galleria del Naviglio di Milano nel 1953, era proprio accompagnata da un testo di Fontana, che esplicitamente collocava questa ricerca tra le punte pi\u00f9 avanzate di un\u2019innovativa indagine anti-emotiva e anti-illusiva di superamento della superficie in direzione spaziale e oggettuale, in una chiave fondamentale per comprendere lo sperimentalismo radicale di Bianco: dalla stagione dei \u201c3D\u201d, interprete di un metamorfismo linguistico, di un eclettismo propositivo, che \u00e8 indice e motivo di una persistente quanto crescente attualit\u00e0 della sua opera.<\/p>\n<p>Francesca Pola<\/p>\n<p><strong>La mostra \u201cRemo Bianco. I 3D: uno sperimentalismo radicale\u201d si inaugura luned\u00ec 18 maggio e rester\u00e0 aperta al pubblico fino al 17 luglio 2015 negli orari consueti della galleria: da luned\u00ec a venerd\u00ec 10-12.30 \/ 15.30-19.00, sabato 15.30-19.00 (chiuso domenica e festivi).<\/strong><\/p>\n<p>&nbsp;<\/p>\n","protected":false},"excerpt":{"rendered":"<p>Milano, Galleria Blu, Via Senato 18 Tel. 02\/76022404 e 02\/76020028\u00a0 &#8211; galleriablu@fastwebnet.it 19 maggio \u2013 17 luglio 2015 da luned\u00ec a venerd\u00ec 10-12.30 \/ 15.30-19.00, sabato 15.30-19.00 (chiuso domenica e festivi) inaugurazione: luned\u00ec 18 maggio 2015, ore 21 La Galleria Blu di Milano presenta una mostra dedicata ai \u201c3D\u201d di Remo Bianco, ciclo di lavori &hellip; <a href=\"https:\/\/www.gdapress.it\/it\/index.php\/51873\/arte\/remo-bianco-i-3d-uno-sperimentalismo-radicale.html\" class=\"more-link\">Read more <span class=\"screen-reader-text\">Remo Bianco: i \u201c3D\u201d Uno sperimentalismo radicale<\/span><\/a><\/p>\n","protected":false},"author":3,"featured_media":0,"comment_status":"closed","ping_status":"open","sticky":false,"template":"","format":"standard","meta":{"footnotes":""},"categories":[4],"tags":[15801,17,15800],"class_list":["post-51873","post","type-post","status-publish","format-standard","hentry","category-arte","tag-galleria-blu","tag-milano","tag-remo-bianco"],"_links":{"self":[{"href":"https:\/\/www.gdapress.it\/it\/index.php\/wp-json\/wp\/v2\/posts\/51873","targetHints":{"allow":["GET"]}}],"collection":[{"href":"https:\/\/www.gdapress.it\/it\/index.php\/wp-json\/wp\/v2\/posts"}],"about":[{"href":"https:\/\/www.gdapress.it\/it\/index.php\/wp-json\/wp\/v2\/types\/post"}],"author":[{"embeddable":true,"href":"https:\/\/www.gdapress.it\/it\/index.php\/wp-json\/wp\/v2\/users\/3"}],"replies":[{"embeddable":true,"href":"https:\/\/www.gdapress.it\/it\/index.php\/wp-json\/wp\/v2\/comments?post=51873"}],"version-history":[{"count":1,"href":"https:\/\/www.gdapress.it\/it\/index.php\/wp-json\/wp\/v2\/posts\/51873\/revisions"}],"predecessor-version":[{"id":51875,"href":"https:\/\/www.gdapress.it\/it\/index.php\/wp-json\/wp\/v2\/posts\/51873\/revisions\/51875"}],"wp:attachment":[{"href":"https:\/\/www.gdapress.it\/it\/index.php\/wp-json\/wp\/v2\/media?parent=51873"}],"wp:term":[{"taxonomy":"category","embeddable":true,"href":"https:\/\/www.gdapress.it\/it\/index.php\/wp-json\/wp\/v2\/categories?post=51873"},{"taxonomy":"post_tag","embeddable":true,"href":"https:\/\/www.gdapress.it\/it\/index.php\/wp-json\/wp\/v2\/tags?post=51873"}],"curies":[{"name":"wp","href":"https:\/\/api.w.org\/{rel}","templated":true}]}}