
{"id":51824,"date":"2015-05-17T00:16:28","date_gmt":"2015-05-16T22:16:28","guid":{"rendered":"http:\/\/www.gdapress.it\/it\/?p=51824"},"modified":"2015-05-17T00:16:28","modified_gmt":"2015-05-16T22:16:28","slug":"expo-milano-2015-le-bio-bonta-senza-glutine-e-vegan-sarchio-danno-piu-gusto-al-parco-della-biodiversita-di-bolognafiere","status":"publish","type":"post","link":"https:\/\/www.gdapress.it\/it\/index.php\/51824\/enogastronomia\/expo-milano-2015-le-bio-bonta-senza-glutine-e-vegan-sarchio-danno-piu-gusto-al-parco-della-biodiversita-di-bolognafiere.html","title":{"rendered":"Expo Milano 2015: le bio bont\u00e0 senza glutine e vegan Sarchio danno pi\u00f9 \u201cgusto\u201d al Parco della Biodiversit\u00e0 di BolognaFiere"},"content":{"rendered":"<p class=\"ecxMsoNormal\"><a href=\"http:\/\/www.gdapress.it\/it\/..\/public\/it\/2015\/05\/Sarchio-Prodotti-bio.jpg\"><img loading=\"lazy\" decoding=\"async\" class=\"alignnone size-large wp-image-51825\" src=\"http:\/\/www.gdapress.it\/it\/..\/public\/it\/2015\/05\/Sarchio-Prodotti-bio-500x222.jpg\" alt=\"Sarchio Prodotti bio\" width=\"500\" height=\"222\" srcset=\"https:\/\/www.gdapress.it\/it\/..\/public\/it\/2015\/05\/Sarchio-Prodotti-bio-500x222.jpg 500w, https:\/\/www.gdapress.it\/it\/..\/public\/it\/2015\/05\/Sarchio-Prodotti-bio-300x133.jpg 300w, https:\/\/www.gdapress.it\/it\/..\/public\/it\/2015\/05\/Sarchio-Prodotti-bio-900x400.jpg 900w, https:\/\/www.gdapress.it\/it\/..\/public\/it\/2015\/05\/Sarchio-Prodotti-bio.jpg 1860w\" sizes=\"auto, (max-width: 500px) 100vw, 500px\" \/><\/a><\/p>\n<p class=\"ecxMsoNormal\"><i>Fino al 31 ottobre 2015 l\u2019azienda modenese condivider\u00e0 la propria esperienza nel divulgare una corretta e sana alimentazione e presenter\u00e0 le novit\u00e0 di prodotto all\u2019interno del padiglione dedicato al biologico.<\/i><b><\/b><\/p>\n<p class=\"ecxMsoNormal\"><b>Sarchio<\/b> tra i protagonisti del Padiglione del Biologico e del Naturale del <b>Parco della Biodiversit\u00e0 di Expo Milano 2015<\/b>, una delle quattro aree tematiche dell\u2019Esposizione Universale creata da <b>BolognaFiere<\/b>.<\/p>\n<p class=\"ecxMsoNormal\">Uno spazio per raccontare come nascono le bont\u00e0 biologiche Sarchio, dalla selezione delle migliori materie prime, alla produzione con una cura artigianale. Per sei mesi, l\u2019azienda, dal 1982 punto di riferimento di un\u2019alimentazione sana e naturale con i suoi prodotti biologici, senza glutine e vegani, accoglier\u00e0 con presentazioni, degustazioni e show cooking.<\/p>\n<p class=\"ecxMsoNormal\">Realizzato all\u2019interno del Padiglione del Biologico e del Naturale utilizzando solamente materiali green ed\u00a0 ecosostenibili, lo <b>spazio Sarchio<\/b> dar\u00e0 modo ai visitatori di scoprire gli alimenti prodotti nella sede modenese, con una particolare attenzione alla <b>nuova linea di snack bio<\/b>, ideali anche per chi \u00e8 intollerante al glutine o sceglie un\u2019alimentazione vegana. Sei referenze che coniugano golosit\u00e0 e benessere con abbinamenti originali come: bacche di goji e mandorle, quinoa e mirtilli rossi, riso e gocce di cioccolato, crispy rice con cioccolato al latte finissimo o fondente extra e Sarciok al cocco ricoperto di cioccolato al latte.<\/p>\n<p class=\"ecxMsoNormal\">In luce anche le gallette di mais, di cereali, di sesamo o per i pi\u00f9 golosi ricoperte al cioccolato. Per una colazione sana e nutriente ecco la linea di <b>biscotti biologici e gluten free<\/b> Fior di Limone, Saraceno Miele e Cioccolosi; mentre chi segue un\u2019alimentazione vegana senza rinunciare al gusto potr\u00e0 scoprire la fragranza dei biscotti al Kamut, Farro e Riso, Mela e Carota, tutti senza latte e uova.<\/p>\n<p class=\"ecxMsoNormal\">I prodotti Sarchio saranno, inoltre, presenti nel Bio Store all\u2019interno del padiglione e protagonisti di diversi eventi esclusivi che si svolgeranno durante Expo 2015 e che daranno modo ai partecipanti di scoprire il gusto e il benessere di un\u2019alimentazione che nasce da un\u2019agricoltura biologica nel rispetto dell\u2019ambiente e della Terra.<\/p>\n<p class=\"ecxMsoNormal\">\u201c<i>Abbiamo scelto di essere presenti a quest\u2019importantissima vetrina internazionale non solo perch\u00e9 ne condividiamo i temi, ma perch\u00e9 crediamo nel biologico. Scegliere un\u2019alimentazione biologica significa innanzitutto sostenere un&#8217;agricoltura fonte di vita, lottare contro il saccheggio dell&#8217;ambiente, rispettare gli animali, salvaguardare la biodiversit\u00e0 del pianeta e proteggere la salute di tutti.\u00a0 Vogliamo testimoniare come un\u2019alimentazione sana, buona e naturale rappresenti l\u2019alternativa migliore per il pianeta e per tutti noi rispetto a quella convenzionale. \u00c8 una scelta responsabile che cambia il mondo\u201d,<\/i><a target=\"_blank\" name=\"_GoBack\"><\/a>ha dichiarato Sandra Mori, Responsabile Marketing di Sarchio.<\/p>\n<p class=\"ecxMsoNormal\"><i>\u00a0<\/i><\/p>\n<p><b>Sarchio<\/b><\/p>\n<p><i>Dal 1982 Sarchio produce e commercializza prodotti naturali, biologici, senza glutine e vegani, frutto di un\u2019agricoltura rispettosa dell\u2019ambiente, che non usa sostanze chimiche. Il forte legame con la terra \u00e8 sintetizzato nel nome scelto che rimanda a un attrezzo agricolo della tradizione contadina.<\/i><\/p>\n<p><i>La qualit\u00e0 e la sicurezza delle referenze Sarchio sono garantite da specifiche certificazioni e molteplici analisi: la certificazione di CCPB, l\u2019idoneit\u00e0 dello stabilimento ricevuta dal Ministero della Salute per la produzione di alimenti senza glutine, l\u2019utilizzo del Logo Spiga Sbarrata che identifica i prodotti idonei al consumo dei celiaci e l\u2019inserimento nel Prontuario degli Alimenti dell\u2019AIC. <\/i><a href=\"http:\/\/www.sarchio.com\/\" target=\"_blank\"><i>www.sarchio.com<\/i><\/a><i>\u00a0\u00a0<\/i><\/p>\n<p><i>\u00a0<\/i><\/p>\n<p><i>\u00a0<\/i><\/p>\n","protected":false},"excerpt":{"rendered":"<p>Fino al 31 ottobre 2015 l\u2019azienda modenese condivider\u00e0 la propria esperienza nel divulgare una corretta e sana alimentazione e presenter\u00e0 le novit\u00e0 di prodotto all\u2019interno del padiglione dedicato al biologico. Sarchio tra i protagonisti del Padiglione del Biologico e del Naturale del Parco della Biodiversit\u00e0 di Expo Milano 2015, una delle quattro aree tematiche dell\u2019Esposizione &hellip; <a href=\"https:\/\/www.gdapress.it\/it\/index.php\/51824\/enogastronomia\/expo-milano-2015-le-bio-bonta-senza-glutine-e-vegan-sarchio-danno-piu-gusto-al-parco-della-biodiversita-di-bolognafiere.html\" class=\"more-link\">Read more <span class=\"screen-reader-text\">Expo Milano 2015: le bio bont\u00e0 senza glutine e vegan Sarchio danno pi\u00f9 \u201cgusto\u201d al Parco della Biodiversit\u00e0 di BolognaFiere<\/span><\/a><\/p>\n","protected":false},"author":3,"featured_media":0,"comment_status":"closed","ping_status":"open","sticky":false,"template":"","format":"standard","meta":{"footnotes":""},"categories":[20],"tags":[15786,14976,14977,15628,15630,15785],"class_list":["post-51824","post","type-post","status-publish","format-standard","hentry","category-enogastronomia","tag-bolognafiere","tag-expo-milano-2015","tag-parco-della-biodiversita","tag-sarchio","tag-senza-glutine","tag-vegan"],"_links":{"self":[{"href":"https:\/\/www.gdapress.it\/it\/index.php\/wp-json\/wp\/v2\/posts\/51824","targetHints":{"allow":["GET"]}}],"collection":[{"href":"https:\/\/www.gdapress.it\/it\/index.php\/wp-json\/wp\/v2\/posts"}],"about":[{"href":"https:\/\/www.gdapress.it\/it\/index.php\/wp-json\/wp\/v2\/types\/post"}],"author":[{"embeddable":true,"href":"https:\/\/www.gdapress.it\/it\/index.php\/wp-json\/wp\/v2\/users\/3"}],"replies":[{"embeddable":true,"href":"https:\/\/www.gdapress.it\/it\/index.php\/wp-json\/wp\/v2\/comments?post=51824"}],"version-history":[{"count":1,"href":"https:\/\/www.gdapress.it\/it\/index.php\/wp-json\/wp\/v2\/posts\/51824\/revisions"}],"predecessor-version":[{"id":51826,"href":"https:\/\/www.gdapress.it\/it\/index.php\/wp-json\/wp\/v2\/posts\/51824\/revisions\/51826"}],"wp:attachment":[{"href":"https:\/\/www.gdapress.it\/it\/index.php\/wp-json\/wp\/v2\/media?parent=51824"}],"wp:term":[{"taxonomy":"category","embeddable":true,"href":"https:\/\/www.gdapress.it\/it\/index.php\/wp-json\/wp\/v2\/categories?post=51824"},{"taxonomy":"post_tag","embeddable":true,"href":"https:\/\/www.gdapress.it\/it\/index.php\/wp-json\/wp\/v2\/tags?post=51824"}],"curies":[{"name":"wp","href":"https:\/\/api.w.org\/{rel}","templated":true}]}}