
{"id":51750,"date":"2015-05-13T08:27:15","date_gmt":"2015-05-13T06:27:15","guid":{"rendered":"http:\/\/www.gdapress.it\/it\/?p=51750"},"modified":"2015-05-13T08:27:15","modified_gmt":"2015-05-13T06:27:15","slug":"alle-serre-della-villa-reale-di-monza-torna-il-festival-degli-orti","status":"publish","type":"post","link":"https:\/\/www.gdapress.it\/it\/index.php\/51750\/appuntamenti\/alle-serre-della-villa-reale-di-monza-torna-il-festival-degli-orti.html","title":{"rendered":"Alle Serre della Villa Reale di Monza torna il Festival degli Orti"},"content":{"rendered":"<h1><a href=\"http:\/\/www.gdapress.it\/it\/..\/public\/it\/2015\/05\/Orti_in_testa.jpg\"><img loading=\"lazy\" decoding=\"async\" class=\"alignnone size-medium wp-image-51751\" src=\"http:\/\/www.gdapress.it\/it\/..\/public\/it\/2015\/05\/Orti_in_testa-300x300.jpg\" alt=\"Orti_in_testa\" width=\"300\" height=\"300\" srcset=\"https:\/\/www.gdapress.it\/it\/..\/public\/it\/2015\/05\/Orti_in_testa-300x300.jpg 300w, https:\/\/www.gdapress.it\/it\/..\/public\/it\/2015\/05\/Orti_in_testa-150x150.jpg 150w, https:\/\/www.gdapress.it\/it\/..\/public\/it\/2015\/05\/Orti_in_testa-400x400.jpg 400w, https:\/\/www.gdapress.it\/it\/..\/public\/it\/2015\/05\/Orti_in_testa-144x144.jpg 144w, https:\/\/www.gdapress.it\/it\/..\/public\/it\/2015\/05\/Orti_in_testa.jpg 645w\" sizes=\"auto, (max-width: 300px) 100vw, 300px\" \/><\/a><\/h1>\n<p><strong><em>Special edition \u201cExpo a Monza\u201d<\/em><\/strong><\/p>\n<p><strong>13 &#8211; 24 maggio 2015\u00a0 |\u00a0 Giardini delle Serre, Villa Reale di Monza<\/strong><\/p>\n<p><strong>A TAVOLA NELL&#8217;ORTO! \/ DINING IN THE GARDEN!<\/strong><\/p>\n<p><strong>Nell\u2019anno di Expo, la manifestazione, giunta alla sua quarta edizione, affronter\u00e0 il tema dell\u2019alimentazione attraverso un format innovativo che esplorer\u00e0 argomenti legati al cibo, partendo dalla terra, dall\u2019orto, dall\u2019architettura rurale e urbana.<\/strong><\/p>\n<p><strong>Previsti corsi, seminari e laboratori rivolti ad adulti e ragazzi, incontri, show cooking, esposizioni e molto altro ancora.<\/strong><\/p>\n<p><strong>Dal 13 al 24 maggio 2015, alle Serre della Villa Reale di Monza, torna il Festival degli Orti<\/strong> organizzato da Terralab3.0 associazione di promozione sociale, in collaborazione con il Comune di Monza e il Consorzio Villa Reale e Parco di Monza.<\/p>\n<p><strong>La manifestazione, giunta alla sua quarta edizione, affronter\u00e0 nell\u2019anno di Expo il tema dell\u2019alimentazione<\/strong>, attraverso un format innovativo che esplorer\u00e0 argomenti legati al cibo, come la terra, l\u2019orto, l\u2019architettura rurale, all\u2019interno di un\u2019area \u2013 la Villa Reale di Monza &#8211; che rappresenta uno dei poli culturali collegati ad Expo 2015.<\/p>\n<p>Il Festival, suddiviso in varie sezioni, costituir\u00e0 un\u2019opportunit\u00e0 per parlare di alimentazione, agricoltura, paesaggio, ma anche di architettura ecologica, di natura intesa come \u2018cura\u2019 ed educazione <em>green<\/em> nelle scuole.<\/p>\n<p><strong>Corsi, seminari e laboratori<\/strong> rivolti a bambini, ragazzi e adulti offriranno diverse opportunit\u00e0 di sperimentare l\u2019orticoltura, il giardinaggio e la cucina. Un\u2019occasione per vivere in prima persona le tematiche di valorizzazione dell\u2019ambiente e dell\u2019alimentazione naturale.<\/p>\n<p><strong>Sabato 16 maggio, dalle 9.00 alle 20.00<\/strong>, nell\u2019ambito dei <strong>Green speech<\/strong>, esperti internazionali si confronteranno sul tema <strong>Nutrire la citt\u00e0: nuove forme di agricoltura urbana,<\/strong><strong> welfare e paesaggio<\/strong> e porteranno il loro contributo alla riflessione sulla tematica dell&#8217;agricoltura urbana e i suoi risvolti positivi sul sistema economico, sociale e di welfare: le nuove economie green, le filiere corte, la rigenerazione urbana e il benessere.<\/p>\n<p>Due saranno le sessioni: la prima, dalle 9.00 alle 13.30, ruoter\u00e0 attorno a Cibo e territorio: agricoltura urbana, produttivit\u00e0 e nuove filiere; quella pomeridiana, dalle 13.30 alle 20.00, si svilupper\u00e0 su Cibo e cultura: alimentazione consapevole e sostenibile, con un focus sul Food Design.<\/p>\n<p>L\u2019area <strong><em>Show cooking<\/em><\/strong> accoglier\u00e0 un ricco programma di percorsi gastronomici dove si potranno conoscere diverse proposte culinarie. Una grande cucina <em>open air<\/em> ospiter\u00e0 degustazioni e performance di cuochi e maestri della ristorazione provenienti dal territorio che realizzeranno piatti con i prodotti dell\u2019orto, valorizzando anche le ricette tradizionali brianzole. Inoltre sono previste degustazioni di vini di alta qualit\u00e0, dai migliori produttori che operano nel tentativo di mantenere vivo il dialogo tra cultura e natura.<\/p>\n<p>Il punto di ristoro del <em>Festival degli orti<\/em> sar\u00e0 il <strong>Polo del Gusto<\/strong> che proporr\u00e0 percorsi gastronomici, offrendo particolare attenzione ai temi della cucina naturale, dell\u2019orto, del benessere attraverso il cibo e delle tradizioni locali.<\/p>\n<p><strong><em>L\u2019orto in tavola<\/em><\/strong> \u00e8 il titolo di un <strong>concorso di idee rivolto a progettisti del settore<\/strong>, in collaborazione con l\u2019Ordine degli Architetti PPC di Monza e Brianza, la Consulta Regionale Lombarda degli Ordini degli Architetti PPC e il Consiglio Nazionale degli Architetti PPC, per la realizzazione di un <strong>allestimento vegetale<\/strong>. Una mostra allestita nel prato dei Giardini delle Serre, accoglier\u00e0 le installazioni selezionate dalla giuria come vincitrici, e che si riferiscono al tema dell&#8217;orto, quale forma di nuova agricoltura urbana in grado di influire sullo sviluppo della citt\u00e0 come elemento di rigenerazione sociale e paesaggistica del territorio e rappresentare congiuntamente le tematiche connesse al tema dell\u2019alimentazione.<\/p>\n<p>Inoltre, in apposita sezione, saranno esposti alcuni lavori <em>fuori<\/em> <em>concorso.<\/em><\/p>\n<p>Ai visitatori sar\u00e0 offerta l\u2019opportunit\u00e0 di trovare prodotti e articoli specifici grazie alla <strong>mostra mercato di piante e fiori, prodotti biologici e naturali, attrezzature e accessori per l&#8217;orticoltura e il giardinaggio, benessere, e artigianato. Sabato 16 e domenica 17 maggio<\/strong>, espositori florovivaistici in anteprima di \u2018Frutti rari alla Santa\u2019 (settembre 2015, Villasanta) a cura di Thuja Lab.<\/p>\n<p>Quindi, <strong>sabato 23 e domenica 24 maggio<\/strong>, mercato di prodotti alimentari a cura di Slow Food Monza Brianza.<\/p>\n<p><strong><em>Orti in testa<\/em><\/strong> \u00e8 l\u2019originale concorso floreale ideato in collaborazione con Monpassage.it e in collaborazione con Lorenzo Riva, aperto alle donne di tutte le et\u00e0, che potranno partecipare indossando un adorno floreale abbinato a un abito scelto per l\u2019occasione. La premiazione avverr\u00e0 durante l\u2019inaugurazione di <strong>mercoled\u00ec 13 maggio<\/strong>, a seguito del voto della giuria composta dallo stilista Lorenzo Riva, Glenda e Denise Sampietro (Mon passage), Alice De Bortoli (set designer) e Ilaria Vita (blogger). A partire dalle ore 15.00 Andrea Bellotti di Aldo Coppola Monza sar\u00e0 a disposizione per aiutare a comporre le acconciature. Fiori a cura di Artemisia, Monza.<\/p>\n<p>Venerd\u00ec 5 giugno al Serrone della Villa Reale, la cena di gala <strong>Green Dinner<\/strong> decreter\u00e0 l\u2019ideale conclusione della quarta edizione del <em>Festival<\/em>, con un men\u00f9 selezionato tramite un concorso interno alla Scuola di cucina Food Genius Academy; le preparazioni saranno effettuate in collaborazione con gli istituti professionali del territorio e parte del ricavato sar\u00e0 devoluto al progetto di Ortoterapia \u2018LOrto di San Gerardo.\u2019.<\/p>\n<p>Il <strong><em>Festival degli Orti<\/em><\/strong> \u00e8 un progetto di<strong> Terralab3.0 <\/strong>curato da<strong> Michela Genghini<\/strong> &#8211; presidente e coordinamento generale, <strong>Cristina Molteni<\/strong> &#8211; progettazione evento e gestione partner, <strong>Giulia Minghetti<\/strong> \u2013 organizzazione green speech, Margherita Tambini e Giulietta Carito &#8211; segreteria organizzativa.<\/p>\n<p><strong>FESTIVAL DEGLI ORTI<\/strong><\/p>\n<p><strong>IV edizione<\/strong><\/p>\n<p><strong><em>Special edition \u201cExpo a Monza\u201d<\/em><\/strong><\/p>\n<p><strong>Monza, Villa Reale, Giardini delle Serre <\/strong><\/p>\n<p><strong>13 &#8211; 24 maggio 2015 <\/strong><\/p>\n<p><strong>Orari<\/strong>: dalle 10.00 alle 21.00<\/p>\n<p><strong>Ingresso libero<\/strong><\/p>\n<p>Ingresso pedonale: viale Regina Margherita<\/p>\n<p>Parcheggio: viale Cavriga, Porta Monza<\/p>\n<p><strong>\u00a0<\/strong><\/p>\n<p><strong>Informazioni: <\/strong><\/p>\n<p>Terralab3.0 Associazione di Promozione Sociale<\/p>\n<p>Tel. +39 039 9363795; <a href=\"mailto:info@festivaldegliorti.it\">info@festivaldegliorti.it<\/a> &#8211; \u2013 <a href=\"mailto:segreteria@festivaldegliorti.it\">segreteria@festivaldegliorti.it<\/a>\u00a0 <strong><a href=\"http:\/\/www.festivaldegliorti.it\">www.festivaldegliorti.it<\/a><\/strong><\/p>\n","protected":false},"excerpt":{"rendered":"<p>Special edition \u201cExpo a Monza\u201d 13 &#8211; 24 maggio 2015\u00a0 |\u00a0 Giardini delle Serre, Villa Reale di Monza A TAVOLA NELL&#8217;ORTO! \/ DINING IN THE GARDEN! Nell\u2019anno di Expo, la manifestazione, giunta alla sua quarta edizione, affronter\u00e0 il tema dell\u2019alimentazione attraverso un format innovativo che esplorer\u00e0 argomenti legati al cibo, partendo dalla terra, dall\u2019orto, dall\u2019architettura &hellip; <a href=\"https:\/\/www.gdapress.it\/it\/index.php\/51750\/appuntamenti\/alle-serre-della-villa-reale-di-monza-torna-il-festival-degli-orti.html\" class=\"more-link\">Read more <span class=\"screen-reader-text\">Alle Serre della Villa Reale di Monza torna il Festival degli Orti<\/span><\/a><\/p>\n","protected":false},"author":3,"featured_media":0,"comment_status":"closed","ping_status":"open","sticky":false,"template":"","format":"standard","meta":{"footnotes":""},"categories":[2245],"tags":[15762,171,15761],"class_list":["post-51750","post","type-post","status-publish","format-standard","hentry","category-appuntamenti","tag-festival-degli-orti","tag-monza","tag-serre-della-villa-reale"],"_links":{"self":[{"href":"https:\/\/www.gdapress.it\/it\/index.php\/wp-json\/wp\/v2\/posts\/51750","targetHints":{"allow":["GET"]}}],"collection":[{"href":"https:\/\/www.gdapress.it\/it\/index.php\/wp-json\/wp\/v2\/posts"}],"about":[{"href":"https:\/\/www.gdapress.it\/it\/index.php\/wp-json\/wp\/v2\/types\/post"}],"author":[{"embeddable":true,"href":"https:\/\/www.gdapress.it\/it\/index.php\/wp-json\/wp\/v2\/users\/3"}],"replies":[{"embeddable":true,"href":"https:\/\/www.gdapress.it\/it\/index.php\/wp-json\/wp\/v2\/comments?post=51750"}],"version-history":[{"count":1,"href":"https:\/\/www.gdapress.it\/it\/index.php\/wp-json\/wp\/v2\/posts\/51750\/revisions"}],"predecessor-version":[{"id":51752,"href":"https:\/\/www.gdapress.it\/it\/index.php\/wp-json\/wp\/v2\/posts\/51750\/revisions\/51752"}],"wp:attachment":[{"href":"https:\/\/www.gdapress.it\/it\/index.php\/wp-json\/wp\/v2\/media?parent=51750"}],"wp:term":[{"taxonomy":"category","embeddable":true,"href":"https:\/\/www.gdapress.it\/it\/index.php\/wp-json\/wp\/v2\/categories?post=51750"},{"taxonomy":"post_tag","embeddable":true,"href":"https:\/\/www.gdapress.it\/it\/index.php\/wp-json\/wp\/v2\/tags?post=51750"}],"curies":[{"name":"wp","href":"https:\/\/api.w.org\/{rel}","templated":true}]}}