
{"id":51656,"date":"2015-04-24T19:05:59","date_gmt":"2015-04-24T17:05:59","guid":{"rendered":"http:\/\/www.gdapress.it\/it\/?p=51656"},"modified":"2015-05-11T19:07:51","modified_gmt":"2015-05-11T17:07:51","slug":"pic-nic-a-trevi-arte-musica-e-merende-tra-gli-olivi","status":"publish","type":"post","link":"https:\/\/www.gdapress.it\/it\/index.php\/51656\/turismo\/pic-nic-a-trevi-arte-musica-e-merende-tra-gli-olivi.html","title":{"rendered":"\u201cPic &#038; Nic a Trevi, arte, musica e merende tra gli olivi\u201d"},"content":{"rendered":"<p class=\"ecxMsoNormal\" align=\"center\"><b>Al via la manifestazione il 25 aprile con tante iniziative in programma<\/b><\/p>\n<p class=\"ecxMsoNormal\" align=\"center\"><b>\u00a0<\/b><\/p>\n<p class=\"ecxMsoNormal\">Al via il <b>25 aprile<\/b> <b>l\u20198\u00b0 edizione di<\/b> \u201c<b>Pic&amp;Nic a Trevi\u201d <\/b>evento che il<b> <\/b>Comune di Trevi organizza per festeggiare l\u2019arrivo della primavera e che si protrarr\u00e0 <b>fino al 26 aprile<\/b>.<\/p>\n<div><\/div>\n<p class=\"ecxMsoNormal\">Tante le attivit\u00e0 in programma<b> <\/b>per la due giorni che animer\u00e0 Trevi, ma <b>per iniziare il 25 aprile<\/b> fin dalle ore 9 saranno inaugurati il <b>Mercato del Contadino <\/b>(con prodotti bio e non, di piccole aziende agricole dell&#8217;Umbria)\u00a0\u00a0in Piazza Mazzini insieme al <b>Mercato del\u00a0Pane\u00a0<\/b>(esposizione e vendita di prodotti da forno, vendita delle selezionate farine del Molino sul Clitunno, in\u00a0particolare della nuova prodotta <b>Pan del Clitunno<\/b> e del lievito madre della Gastronomia Andreani). In Piazza del Teatro la <b>Mostra dei Mastri Birrai Artigiani<\/b> e in Piazza\u00a0 Garibaldi il <b>Mercato dell&#8217;antiquariato.<\/b>\u00a0Verr\u00e0 inaugurato in Piazza Garibaldi <b>\u201cEuroape 2015\u201d<\/b><b>:<\/b> esposizione dei modelli pi\u00f9 significativi della storia dell\u2019ape, compreso l\u2019ultimissimo modello vintage calessino HL, mentre a Villa Fabri, sia il 25 che il 26 aprile, sar\u00e0 possibile anche questo anno, incontrare una selezione di \u00a0<b>#artigianiinnovatori e le loro creazioni.<\/b><\/p>\n<div><\/div>\n<p class=\"ecxMsoNormal\">Entrambe i giorni alle ore 10.00 i visitatori potranno partecipare alla <b>Caccia al tartufo c<\/b>on cani e cavatori esperti presso l\u2019Az. Agr. S. Pietro a Pettine, alla visita guidata alla <b>scoperta di Trevi \u201cSegui le orme\u201d<\/b> a cura di Ass. ProTrevi che partir\u00e0 da Piazza Mazzini sia la mattina che il pomeriggio. Dalle 10:00 alle 12:30 da Piazza Garibaldi ci si potr\u00e0 addentrare<b> <\/b>alla <b>scoperta dei vicoli <\/b>di Trevi e della Piaggia <b>con Ape calessino elettrico<\/b> o godersi le esibizioni degli Ape da corsa in Piazza Garibaldi dove fino a sera ci saranno <b>performance di drifting in Ape<\/b>.<\/p>\n<div><\/div>\n<p class=\"ecxMsoNormal\">Sia sabato che domenica dalle ore 10:30 alle 12:30 <b>presso l\u2019Oleoteca, <\/b>in\u00a0Via Fantosati, Il Molino sul Clitunno proporr\u00e0\u00a0\u00a0<b>&#8220;laboratori\u00a0di panificazione\u201d<\/b> dove si impareranno \u00a0i segreti del saper fare il pane e del prendersi cura del<b>lievito madre della Banca del Lievito madre della Gastronomia Andreani<\/b> con la farina Pan del Clitunno del Molino sul Clitunno, mentre <b>nei due pomeriggi<\/b> dalle ore 16.30 alle 18.30 presso l\u2019Oleoteca &#8220;<b>il Laboratorio per\u2028imparare a fare la\u00a0Pizza&#8221;, \u2028con il maestro Riccardo Menon<\/b>\u2028 che utilizzer\u00e0 il lievito\u2028 madre della Banca del\u2028 Lievito madre della\u2028 Gastronomia Andreani e \u2028le farine del Molino sul \u2028Clitunno.<\/p>\n<div><\/div>\n<\/p>\n<p class=\"ecxMsoNormal\">Entrambe i giorni dalle ore 10 alle 18 lungo il \u201cCorso\u201d di trevi, grazie alla partnership tra \u201cPicNic a Trevi\u201d e \u201cPorchettiamo\u201d che si tiene a San Terenziano (Gualdo Cattaneo) il prossimo 15-17 maggio sar\u00e0 allestito un set e contest fotografico <b>\u201cl\u2019angolo delle coppie in \u201capetto\u201d. Siete una coppia Pic&amp;Nic o Pig e Nic?<\/b> Sar\u00e0 possibile farsi fotografare in coppia con i personaggi delle due manifestazioni.<\/p>\n<div><\/div>\n<p class=\"ecxMsoNormal\">Per chi volesse invece dedicarsi alla conoscenza degli ulivi e delle\u00a0campagne\u00a0trevane, il\u00a0Dott.\u00a0Andrea\u00a0Paoletti\u00a0potatore\u00a0professionista\u00a0abilitato e botanico,\u00a0<b>sia il 25 che il 26 aprile <\/b>alle ore 10.30 condurr\u00e0\u00a0\u00a0<b>mini corsi di potatura degli ulivi<\/b>\u00a0mentre alle 15.30 nella Collina olivata ci sar\u00e0 il mini corso per riconoscere le <b>erbe spontanee mangerecce<\/b>. Inoltre il <b>25 aprile<\/b> alle ore <b>15.00 e il 26<\/b> <b>aprile<\/b> alle <b>ore 12.30 presso la Chiesa di Santa Maria di Pietrarossa<\/b>: \u201cPasseggiata tra i profumi delle erbe selvatiche: saperle riconoscere e utilizzare\u201d, scampagnata alla scoperta delle erbe campestri mangerecce o meno, degustazione finale di prodotti locali a cura di <b>Legambiente Circolo di Spoleto.<\/b><\/p>\n<div><\/div>\n<p class=\"ecxMsoNormal\"><b>Dalle 12.30 alle 16.30 ci sar\u00e0 il vero e proprio Pic Nic tra gli Ulivi di Villa Fabri.<\/b> Al di sotto della Villa c\u2019\u00e8 infatti una \u201cChiusa di Ulivi\u201d nella quale <b>l&#8217;Ente Palio dei Terzieri<\/b> proporr\u00e0 un men\u00f9 con prodotti del territorio. Per partecipare al Pic nic, \u00e8 necessario acquistare, in Piazza Mazzini, lo sportino a quadrettoni bianchi e rossi al costo di euro 10 a Piazza Mazzini; il Pic Nic \u00e8 gratuito per bambini sotto gli 8 anni.<\/p>\n<div><\/div>\n<p class=\"ecxMsoNormal\">Nei due pomeriggi non mancheranno i <b>laboratori e fattorie didattiche per bambini:<\/b> il 25 aprile alle ore 16.00<b> <\/b>nel cortile di Villa Fabri l\u2019Agriturismo \u201cIl Podere\u201d propone il <b>laboratorio sul riciclo creativo<\/b> e per i pi\u00f9 piccoli laboratori sulla <b>semina e sugli spaventapasseri<\/b>, mentre alle ore 16.30 ci sar\u00e0 il laboratorio:<b> Il grano diventa<\/b>&#8230;a cura della Fattoria Didattica Ascanio di Cruciani Fabio; che si ripeter\u00e0 anche il 26 aprile alle ore 15.30. Il 26 aprile invece alle ore 16.30 i bambini potranno partecipare a: <b>\u201cLa buffa storia dello zafferano\u201d.<\/b> Un piccolo viaggio alla scoperta del magico fiore dai preziosi pistilli rossi. A cura di Agriturismo e Fattoria Didattica Zafferano e dintorni.<\/p>\n<div><\/div>\n<p class=\"ecxMsoNormal\">Nel programma dei due giorni poi: <b>degustazioni guidate di Olio<\/b> Extra Vergine di Oliva Dop Umbria a cura del Consorzio di Tutela dell&#8217;Olio Extravergine di Oliva Dop Umbria, la <b>musica:<\/b> il 25 aprile alle <b>ore 11.45 <\/b>in Piazza del Teatro con gli <b>Alto Ritmo in Concerto<\/b> a cura di Antifestival &#8211; La zona Franca, mentre alle <b>ore 17.00 <\/b>nel Centro Storico <b>\u201cPortofino 50\u2019s Mood &#8211; Italian marching band\u201d<\/b>.<\/p>\n<div><\/div>\n<p class=\"ecxMsoNormal\">Non mancano <b>le passeggiate all\u2019aria aperta<\/b>: il <b>25 aprile<\/b> alle ore <b>9.30 <\/b>la partenza per un<b> trekking<\/b> lungo l\u2019acquedotto romano fino ad arrivare all\u2019olivo millenario di Sant\u2019Emiliano. Mentre per chiudere questa prima, intensa giornata di Pic Nic a Trevi, una <b>passeggiata al tramonto tra ulivi e muretti a secco<\/b>\u00a0fino alla prima montagna di Trevi, nella localit\u00e0 Coste, con partenza alle <b>ore 17.00 da Villa Fabri<\/b>. Il <b>26 aprile<\/b> invece si parte in bicicletta dalle<b>ore 9.00 <\/b>con <b>\u201cGira l\u2019Umbria in bicicletta\u201d<\/b> per una passeggiata tra ulivi, castelli, molini e lungo le rive del Fiume Clitunno. L\u2019appuntamento \u00e8 a Villa Fabri per poi proseguire in Via degli ulivi, Castello di Pissignano, Fonti del Clitunno, Chiesa di Pietrarossa, Molino di Casco dell\u2019acqua e tornare a Trevi. Sar\u00e0 poi possibile <b>\u201ccamminare correttamente\u201d<\/b>grazie alla passeggiata di <b>Nordic Walking<\/b> in programma dalle <b>ore 9.00<\/b>: una mini lezione per un corretto cammino, con visita all\u2019antico frantoio dell\u2019Agriturismo I Mandorli, mentre <b>dalle ore 9.45 <\/b>si parte da Piazza Mazzini per<b>un\u2019escursione tra chiese rurali e fonti<\/b>; al termine della passeggiata \u00e8 prevista una degustazione di bruschetta al tartufo.<\/p>\n<div><\/div>\n<p class=\"ecxMsoNormal\">Anche un momento convegnistico in calendario per<b> domenica 26 aprile alle ore 11:30 <\/b>presso il<b> Teatro Clitunno, <\/b>si terr\u00e0 infatti il <b>seminario<\/b>, coordinato dal giornalista Maurizio Pescari, dal titolo <b>\u201cLe Stagioni dell\u2019Olivo &#8211; La salute della pianta\u201d\u2028<\/b> al quale interverranno: Bernardino Sperandio &#8211; Sindaco del Comune di Trevi, Stefania Moccoli &#8211; Consigliere Nazionale Anco \u2013 Vice Sindaco di Trevi, Gianluca Tribolati &#8211; Assessore Attivit\u00e0 Produttive e Commercio del Comune di Trevi, Marco Gammaidoni \u2013 Agronomo. Al Termine del seminario la <b>seconda edizione di #TreviproducEccellenza<\/b>: consegna degli attestati ai produttori di olio extravergine di oliva che si sono distinti nell\u2019ambito di concorsi nazionali e internazionali. Seguir\u00e0 un assaggio di bruschetta a cura dell\u2019Az. Agricola San Pietro a Pettine.<\/p>\n<div><\/div>\n<\/p>\n<p class=\"ecxMsoNormal\">Molte le <b>esposizioni<\/b> che animeranno la citt\u00e0: a <b>Villa Fabri <\/b>ore 10.00 &#8211; 18.30 \u201cIn anima memore\u201d di <b>Antonella Di Lucia<\/b>; in Via Roma prosegue <b>la mostra di Rachel Williams<\/b> \u2013\u201cCrocevia\u201d, presso la Pinacoteca di<b> San Francesco <\/b>ore 10.00-12.30\/14.30-18.00 <b>\u201cL\u2019\u00c2ge d\u2019Or __ Davide Querin\u201d<\/b> esposizione di pittura contemporanea (Ingresso 4\u20ac che permette la visita di tutto il Complesso Museale di San Francesco); mentre a <b>Palazzo Lucarini Contemporary <\/b>dalle ore 15:30 alle 18:30 sar\u00e0 possibile visitare<b> la mostra di Pierluigi Calignano \u201cNon dire, non aggiungere \u201d e Galleria Cinica che presenter\u00e0 \u201cVacuus\u201c di How To Cure Our Soul<\/b> (Ingresso Libero).<\/p>\n<div><\/div>\n<div><\/div>\n<p class=\"ecxMsoNormal\"><b>Il programma completo su <\/b><span class=\"ecxMsoHyperlink\"><b><a href=\"http:\/\/www.picnicatrevi.it\/\" target=\"_blank\">www.picnicatrevi.it<\/a><\/b><\/span><\/p>\n<p class=\"ecxMsoNormal\"><b>Seguici su Facebook: @Pic&amp;Nic a Trevi<\/b><\/p>\n<p class=\"ecxMsoNormal\"><b>Instagram:picnicatrevi<\/b><\/p>\n<div><\/div>\n<p class=\"ecxMsoNormal\" align=\"center\"><b>Per informazioni:\u00a0<\/b><\/p>\n<p class=\"ecxMsoNormal\" align=\"center\"><b><a href=\"mailto:infoturismo@comune.trevi.pg.it\">infoturismo@comune.trevi.pg.it<\/a><\/b><\/p>\n<p class=\"ecxMsoNormal\" align=\"center\"><b>Tel +39 0742 332269 \/<span class=\"ecxMsoHyperlink\">+39 329 3521229<\/span><\/b><\/p>\n","protected":false},"excerpt":{"rendered":"<p>Al via la manifestazione il 25 aprile con tante iniziative in programma \u00a0 Al via il 25 aprile l\u20198\u00b0 edizione di \u201cPic&amp;Nic a Trevi\u201d evento che il Comune di Trevi organizza per festeggiare l\u2019arrivo della primavera e che si protrarr\u00e0 fino al 26 aprile. Tante le attivit\u00e0 in programma per la due giorni che animer\u00e0 &hellip; <a href=\"https:\/\/www.gdapress.it\/it\/index.php\/51656\/turismo\/pic-nic-a-trevi-arte-musica-e-merende-tra-gli-olivi.html\" class=\"more-link\">Read more <span class=\"screen-reader-text\">\u201cPic &#038; Nic a Trevi, arte, musica e merende tra gli olivi\u201d<\/span><\/a><\/p>\n","protected":false},"author":3,"featured_media":0,"comment_status":"closed","ping_status":"open","sticky":false,"template":"","format":"standard","meta":{"footnotes":""},"categories":[9],"tags":[15710],"class_list":["post-51656","post","type-post","status-publish","format-standard","hentry","category-turismo","tag-pic-nic-a-trevi"],"_links":{"self":[{"href":"https:\/\/www.gdapress.it\/it\/index.php\/wp-json\/wp\/v2\/posts\/51656","targetHints":{"allow":["GET"]}}],"collection":[{"href":"https:\/\/www.gdapress.it\/it\/index.php\/wp-json\/wp\/v2\/posts"}],"about":[{"href":"https:\/\/www.gdapress.it\/it\/index.php\/wp-json\/wp\/v2\/types\/post"}],"author":[{"embeddable":true,"href":"https:\/\/www.gdapress.it\/it\/index.php\/wp-json\/wp\/v2\/users\/3"}],"replies":[{"embeddable":true,"href":"https:\/\/www.gdapress.it\/it\/index.php\/wp-json\/wp\/v2\/comments?post=51656"}],"version-history":[{"count":1,"href":"https:\/\/www.gdapress.it\/it\/index.php\/wp-json\/wp\/v2\/posts\/51656\/revisions"}],"predecessor-version":[{"id":51657,"href":"https:\/\/www.gdapress.it\/it\/index.php\/wp-json\/wp\/v2\/posts\/51656\/revisions\/51657"}],"wp:attachment":[{"href":"https:\/\/www.gdapress.it\/it\/index.php\/wp-json\/wp\/v2\/media?parent=51656"}],"wp:term":[{"taxonomy":"category","embeddable":true,"href":"https:\/\/www.gdapress.it\/it\/index.php\/wp-json\/wp\/v2\/categories?post=51656"},{"taxonomy":"post_tag","embeddable":true,"href":"https:\/\/www.gdapress.it\/it\/index.php\/wp-json\/wp\/v2\/tags?post=51656"}],"curies":[{"name":"wp","href":"https:\/\/api.w.org\/{rel}","templated":true}]}}