
{"id":51603,"date":"2015-05-11T10:51:45","date_gmt":"2015-05-11T08:51:45","guid":{"rendered":"http:\/\/www.gdapress.it\/it\/?p=51603"},"modified":"2015-05-11T10:51:45","modified_gmt":"2015-05-11T08:51:45","slug":"mille-e-piulibri-sulla-storia-del-cibo-nostro-e-del-mondo","status":"publish","type":"post","link":"https:\/\/www.gdapress.it\/it\/index.php\/51603\/libri\/mille-e-piulibri-sulla-storia-del-cibo-nostro-e-del-mondo.html","title":{"rendered":"MILLE E PIU\u2019LIBRI  SULLA STORIA DEL CIBO NOSTRO E DEL MONDO"},"content":{"rendered":"<p><a href=\"http:\/\/www.gdapress.it\/it\/..\/public\/it\/2015\/05\/image001-2.png\"><img loading=\"lazy\" decoding=\"async\" class=\"alignnone size-full wp-image-51604\" src=\"http:\/\/www.gdapress.it\/it\/..\/public\/it\/2015\/05\/image001-2.png\" alt=\"image001 (2)\" width=\"238\" height=\"373\" srcset=\"https:\/\/www.gdapress.it\/it\/..\/public\/it\/2015\/05\/image001-2.png 238w, https:\/\/www.gdapress.it\/it\/..\/public\/it\/2015\/05\/image001-2-191x300.png 191w\" sizes=\"auto, (max-width: 238px) 100vw, 238px\" \/><\/a><\/p>\n<p>Istituto Italiano di Cultura \u2013 Marsiglia<\/p>\n<p>Sino \u00a0al 30 giugno 2015<\/p>\n<p>Una grande mostra, nell\u2019ambito della <strong><em>Giornata Mondiale del Libro e del diritto d\u2019autore, <\/em><\/strong>\u00a0si \u00e8 inaugurata all\u2019Istituto Italiano di Cultura di Marsiglia. Un evento, unico nel suo genere, per la vastit\u00e0 e la preziosit\u00e0 della collezione presentata, pensato e realizzato da Roberta Alberotanza, Direttrice del Centro, che proprio a Marsiglia conclude il lungo e produttivo percorso lavorativo.<\/p>\n<p>Mille e pi\u00f9 libri per celebrare la tradizione culinaria non solo italiana, ma di altri 56 paesi nel mondo sono il cuore di questa mostra che \u00e8 stata realizzata seguendo lo spirito della tematica dell\u2019Expo di Milano 2015\u00a0: <strong><em>Nutrire il pianeta. Energia per la vita:<\/em><\/strong> il grande evento internazionale dove il nutrimento \u00e8 il protagonista.\u00a0 Va sottolineato che \u00e8 prevista, alla fine dell\u2019esposizione universale, la stesura di una <strong><em>Charta di Milano,<\/em><\/strong> un documento incontestabile che marcher\u00e0 il futuro delle nuove generazione.<\/p>\n<p><strong><em>Mille e pi\u00f9 libri sulla storia del cibo nostro e del mondo <\/em><\/strong>\u00e8 patrocinata dall\u2019<strong>UNESCO<\/strong><\/p>\n<p>La rassegna presenta, per la prima volta, una collezione che traccia le usanze e le tradizioni culinarie italiane, ma non solo. Infatti sono rappresentati, in questa occasione, altri 56 paesi. L\u2019insieme consta di pi\u00f9 di mille volumi raggruppati in 6 sezioni\u00a0: la cucina regionale italiana, la cucina internazionale, la storia della cucina, i libri antichi, il vino ed, infine, la cucina tematica. Questo ultimo gruppo, che \u00a0consta di ben 335 volumi, mette la gastronomia a confronto con la pittura, la scienza, la letteratura e, naturalmente, il benessere.<\/p>\n<p>Un centinaio di libri forma la sezione della Storia. Per il visitatore sar\u00e0 come un viaggio attraverso i secoli che lo porter\u00e0 ad intraprendere un affascinante percorso dall\u2019epoca romana al medio Evo, dai banchetti del Rinascimento fino all\u2019alimentazione contemporanea e l\u2019occasione per apprendere, in maniera dettagliata, le abitudini culinarie delle diverse popolazioni.<\/p>\n<p>Saranno esposti alcuni volumi rari e preziosi, come l\u2019edizione del 1911 de <em>La scienza nella cucina e l\u2019arte del mangiare bene <\/em>di Pellegrino Artusi, figura della letteratura gastronomica italiane e <em>La fisiologia del gusto<\/em> di Brillat-Savarin, una vera riflessione filosofica sulla cucina francese.<\/p>\n<p>Raccontare la storia della cucina di un popolo significa scoprirne un ruolo essenziale\u00a0. Anche se troppo a lungo \u00e0 stata trascurata, la cucina \u00e8 infatti depositaria delle tradizioni e della cultura di coloro che vi si dedicano.<\/p>\n<p>A sottolineare l\u2019importanza dell\u2019alimentazione nelle tradizioni e nelle religioni, si \u00e8 tenuta una conferenza-colloquio sulla <strong><em>Cucina e religione<\/em><\/strong>.<\/p>\n<p>Tre gli interventi\u00a0:<\/p>\n<p><strong>Martine Yana<\/strong>, direttrice del centro culturale ebraico di Marsiglia, le <em>Centre Fleg, che ha illustrato ii costumi e le tradizoni della tavola ebraica<\/em><\/p>\n<p><strong>Annie Hovsepian <\/strong>ha parlato sull\u2019evoluzione della cultura culinaria della Chiesa Apostolica Armena. Ricordiamo che la Comunit\u00e0 Armena \u00e8 concentrata principalmente a Marsiglia, la prima citt\u00e0 dove sbarcarono i sopravvissuti al genocidio.<\/p>\n<p><strong>Zekri Saliha<\/strong> ha presentato la ricchezza della cucina del mondo mussulmano.<\/p>\n<p>&nbsp;<br \/>\nL&#8217;esposizione rester\u00e0 aperta al pubblico fino al 30 giugno 2015;<\/p>\n<p>da luned\u00ec a gioved\u00ec 9.30-12.30 e 14.30-17.30 &#8211; Venerd\u00ec 9.30-12.30<\/p>\n<p><strong>Per informazioni <\/strong>\u00a0Camilla Trombi<\/p>\n<p>6, rue Fernand Pauriol \u2013 13005 Marsiglia<\/p>\n<p>T\u00e9l\u00a0: 04 91921286<\/p>\n<p><a href=\"mailto:mediateca2.iicmarsiglia@esteri.it\">mediateca2.iicmarsiglia@esteri.it<\/a><\/p>\n","protected":false},"excerpt":{"rendered":"<p>Istituto Italiano di Cultura \u2013 Marsiglia Sino \u00a0al 30 giugno 2015 Una grande mostra, nell\u2019ambito della Giornata Mondiale del Libro e del diritto d\u2019autore, \u00a0si \u00e8 inaugurata all\u2019Istituto Italiano di Cultura di Marsiglia. Un evento, unico nel suo genere, per la vastit\u00e0 e la preziosit\u00e0 della collezione presentata, pensato e realizzato da Roberta Alberotanza, Direttrice &hellip; <a href=\"https:\/\/www.gdapress.it\/it\/index.php\/51603\/libri\/mille-e-piulibri-sulla-storia-del-cibo-nostro-e-del-mondo.html\" class=\"more-link\">Read more <span class=\"screen-reader-text\">MILLE E PIU\u2019LIBRI  SULLA STORIA DEL CIBO NOSTRO E DEL MONDO<\/span><\/a><\/p>\n","protected":false},"author":3,"featured_media":0,"comment_status":"closed","ping_status":"open","sticky":false,"template":"","format":"standard","meta":{"footnotes":""},"categories":[6],"tags":[741,17448,1509,43],"class_list":["post-51603","post","type-post","status-publish","format-standard","hentry","category-libri","tag-cibo","tag-libri","tag-mondo","tag-storia"],"_links":{"self":[{"href":"https:\/\/www.gdapress.it\/it\/index.php\/wp-json\/wp\/v2\/posts\/51603","targetHints":{"allow":["GET"]}}],"collection":[{"href":"https:\/\/www.gdapress.it\/it\/index.php\/wp-json\/wp\/v2\/posts"}],"about":[{"href":"https:\/\/www.gdapress.it\/it\/index.php\/wp-json\/wp\/v2\/types\/post"}],"author":[{"embeddable":true,"href":"https:\/\/www.gdapress.it\/it\/index.php\/wp-json\/wp\/v2\/users\/3"}],"replies":[{"embeddable":true,"href":"https:\/\/www.gdapress.it\/it\/index.php\/wp-json\/wp\/v2\/comments?post=51603"}],"version-history":[{"count":1,"href":"https:\/\/www.gdapress.it\/it\/index.php\/wp-json\/wp\/v2\/posts\/51603\/revisions"}],"predecessor-version":[{"id":51605,"href":"https:\/\/www.gdapress.it\/it\/index.php\/wp-json\/wp\/v2\/posts\/51603\/revisions\/51605"}],"wp:attachment":[{"href":"https:\/\/www.gdapress.it\/it\/index.php\/wp-json\/wp\/v2\/media?parent=51603"}],"wp:term":[{"taxonomy":"category","embeddable":true,"href":"https:\/\/www.gdapress.it\/it\/index.php\/wp-json\/wp\/v2\/categories?post=51603"},{"taxonomy":"post_tag","embeddable":true,"href":"https:\/\/www.gdapress.it\/it\/index.php\/wp-json\/wp\/v2\/tags?post=51603"}],"curies":[{"name":"wp","href":"https:\/\/api.w.org\/{rel}","templated":true}]}}