
{"id":51455,"date":"2015-05-03T09:34:29","date_gmt":"2015-05-03T07:34:29","guid":{"rendered":"http:\/\/www.gdapress.it\/it\/?p=51455"},"modified":"2015-05-03T09:34:29","modified_gmt":"2015-05-03T07:34:29","slug":"tuttofood-2015-al-via-e-ora-di-cogliere-i-frutti-del-business","status":"publish","type":"post","link":"https:\/\/www.gdapress.it\/it\/index.php\/51455\/enogastronomia\/tuttofood-2015-al-via-e-ora-di-cogliere-i-frutti-del-business.html","title":{"rendered":"TUTTOFOOD 2015  AL VIA:  E\u2019 ORA DI COGLIERE I FRUTTI DEL BUSINESS"},"content":{"rendered":"<p><a href=\"http:\/\/www.gdapress.it\/it\/..\/public\/it\/2015\/05\/DSC_9435.jpg\"><img loading=\"lazy\" decoding=\"async\" class=\"alignnone size-large wp-image-51456\" src=\"http:\/\/www.gdapress.it\/it\/..\/public\/it\/2015\/05\/DSC_9435-500x333.jpg\" alt=\"DSC_9435\" width=\"500\" height=\"333\" srcset=\"https:\/\/www.gdapress.it\/it\/..\/public\/it\/2015\/05\/DSC_9435-500x333.jpg 500w, https:\/\/www.gdapress.it\/it\/..\/public\/it\/2015\/05\/DSC_9435-300x200.jpg 300w, https:\/\/www.gdapress.it\/it\/..\/public\/it\/2015\/05\/DSC_9435-900x599.jpg 900w\" sizes=\"auto, (max-width: 500px) 100vw, 500px\" \/><\/a><\/p>\n<p>&nbsp;<\/p>\n<p>\u00c8 tutto pronto. L\u2019entusiasmo e l\u2019attesa sono ai massimi per questa edizione che si preannuncia davvero storica per TUTTO<strong>FOOD<\/strong> 2015, il Salone Agroalimentare di Fiera Milano che aprir\u00e0 i battenti <strong>dal 3 al 6 maggio 2015, in concomitanza con la prima settimana di apertura di Expo 2015.<\/strong><\/p>\n<p>Il Salone \u00e8 cresciuto edizione dopo edizione e si racconta dai suoi numeri, ma non solo. \u201c<em>A spiegare l\u2019evoluzione della manifestazione rispetto alle precedenti non bastano le statistiche di questa edizione \u2013<strong> 2.838 espositori<\/strong>, in rappresentanza di <strong>7.000 marchi<\/strong>, una <strong>superficie totale di 180 mila metri quadri lordi<\/strong>\u00a0distribuita\u00a0<strong>su 10 padiglioni<\/strong>, con un tasso altissimo di fidelizzazione delle aziende edizione dopo edizione e un turn over esiguo, del solo 8% <\/em>&#8211;\u00a0 afferma <strong>Paolo Borgio<\/strong>, Exhibition Manager di TUTTO<strong>FOOD<\/strong><em> \u2013 dato dall\u2019attenzione per la filiera che abbiamo saputo offrire durante anni di accordi con le associazioni, incontri con le aziende, convegni aperti agli operatori\u201d.<\/em><\/p>\n<p>L\u2019edizione 2015 di TUTTO<strong>FOOD<\/strong>, terza fiera agroalimentare in Europa (con un \u201csalto\u201d di due posizioni rispetto al 2013) accoglier\u00e0 gli operatori all\u2019interno di un layout specializzato in settori, ma che non esclude dialogo, commistioni, innovative idee trasversali. E all\u2019insegna del nuovo TUTTO<strong>FOOD<\/strong> si muove aggiungendo ai settori ormai \u201cstorici\u201d, nuove merceologie e registrando una crescita generalizzata che in alcuni comparti doppia i risultati del 2013.<\/p>\n<p>Come quello dedicato a <strong><em>Carne e Salumi<\/em><\/strong>, <strong>cresciuto del<\/strong> <strong>40% rispetto al 2013<\/strong>, al dolciario con\u00a0<strong><em>Dolce Italia<\/em><\/strong>, il cui numero di espositori <strong>\u00e8 raddoppiato<\/strong>, al <em>Lattiero Caseario<\/em> e ai <em>Surgelati<\/em>, anch\u2019essi pi\u00f9 rappresentati, fino al \u00a0<strong>Multiprodotto, che occupa il doppio degli spazi rispetto al 2013<\/strong> e all\u2019Ho.re.ca.\u00a0 e Beverage, che ha visto la presenza delle aziende del settore <strong>acque minerali e birra crescere rispettivamente del 50% e del 130%.<\/strong><\/p>\n<p>A queste realt\u00e0 si sono aggiunti in questa edizione un intero padiglione dedicato al Vending, con una special edition di <strong>Venditalia<\/strong>, realizzato in collaborazione con <strong>CONFIDA<\/strong>, si \u00e8 fortemente ampliato e potenziato il settore del <em>Green Food<\/em> che <strong>ha triplicato i volumi<\/strong>, grazie ad un\u2019area dedicata che verr\u00e0 completata da uno spazio showcooking. Infine, a TUTTO<strong>FOOD<\/strong> 2015 debutter\u00e0 il <em>settore Ittico<\/em>, che dar\u00e0 spazio per la prima volta a una delle grandi tipicit\u00e0 del nostro Paese e alle sue tante potenzialit\u00e0 di mercato<\/p>\n<p>Crescite importanti per ciascuna area e saturazione degli spazi raggiunta diversi mesi prima della manifestazione mostrano come TUTTO<strong>FOOD<\/strong> sia oggi un vero e proprio <em>hub<\/em> riconosciuto dal settore: questo grazie anche alle preziose alleanze di cui si \u00e8 arricchito negli anni, associazioni dei vari comparti, come <strong>AIDEPI <\/strong>(pasta e dolci), <strong>ASSICA <\/strong>(carni\u00a0 e salumi), <strong>ASSOBIRRA <\/strong>(industria della birra), <strong>CONFIDA <\/strong>(vending), <strong>MINERACQUA <\/strong>(Acqua e bibite), <strong>QUALIVITA <\/strong>(consorzio per la qualit\u00e0 certificata del food),<strong> UNAPROL <\/strong>(olio e olivicoltura) e <strong>UNIONALIMENTARI<\/strong> (Unione Nazionale della Piccola e Media Industria Alimentare). Tutte realt\u00e0 in grado di portare esperienze alla manifestazione, facendosi interpreti delle necessit\u00e0 di aziende molto differenti, per tipologia di prodotto, tradizione e dimensione, ma capaci di trasformare\u00a0 la manifestazione in un appuntamento imprescindibile.<\/p>\n<p>Alle associazioni di categoria si aggiungeranno poi gli spazi istituzionali di <strong>Regioni, Consorzi, realt\u00e0 locali e territoriali<\/strong>, che hanno scelto la manifestazione come portabandiera delle proprie tipicit\u00e0 e riferimento per la ricerca di nuovi mercati a livello nazionale e sovrannazionale.<\/p>\n<p>Accanto alle realt\u00e0 fortemente localizzate e italianissime, non mancher\u00e0, infine, l\u2019offerta di <strong>aziende estere<\/strong>, circa <strong>400 espositori<\/strong>, cresciute dell\u2019<strong>80%<\/strong> e provenienti da <strong>43 nazioni<\/strong>.<\/p>\n<p>TUTTO<strong>FOOD<\/strong> ha inoltre raccolto e supportato gli studi e gli osservatori di grandi realt\u00e0 di settore come<strong> IRI<\/strong>,<strong>IPSOS <\/strong>e<strong> NOMISMA<\/strong>, in grado di monitorare il mercato e mettere a disposizione una visione di insieme che, in pi\u00f9 occasioni nei mesi precedenti la manifestazione \u00e8 stata offerta e commentata da esperti durante incontri e convegni destinati agli operatori e pensati a tutto beneficio delle loro strategie di approccio al mercato. Un <em>know how<\/em> specifico a disposizione anche di tutti gli operatori che visiteranno TUTTO<strong>FOOD<\/strong>.<\/p>\n<p>Sono tutte queste realt\u00e0 cos\u00ec differenti, pi\u00f9 dei numeri che le censiscono, a rendere la grandezza di una manifestazione unica nel suo genere, capace di accogliere il meglio del settore e proporlo al mondo, portando Milano e la Lombardia &#8211; non certo priva di tradizioni e industrie agroalimentari &#8211; al centro dell\u2019interesse degli operatori che verranno in manifestazione, ma anche di quei visitatori dell\u2019Esposizione Universale pi\u00f9 attenti alla dimensione di business internazionale che potr\u00e0 offrire loro TUTTO<strong>FOOD<\/strong>.<\/p>\n<p>Anche dal punto di vista dell\u2019incontro con l\u2019estero, l\u2019edizione 2015 rappresenta un unicum, poich\u00e9 si prevede che il bacino dei buyer raggiunti sar\u00e0 di <strong>20.000<\/strong> operatori, di <strong>cui 2.100<\/strong> top hosted buyers provenienti dai mercati di maggior interesse, individuati attraverso la collaborazione con <strong>ITA &#8211; Italian Trade Agency<\/strong> e profilati grazie a <strong>EMP, Expo Matching Program<\/strong>, il sistema di matching di Fiera Milano che consente di fissare appuntamenti mirati allo stand.<\/p>\n<p>Anche gli operatori in visita ad Expo 2015 saranno intercettati per entrare in contatto con le aziende in mostra attraverso il programma di matching loro specificamente dedicato, l\u2019<strong>Expo Business Matching<\/strong>, promosso da Expo Milano 2015 in partnership con\u00a0 Fiera Milano, Camera di commercio di Milano, Promos e PwC, una piattaforma web di incontri d\u2019affari, creata per incoraggiare e facilitare l\u2019internazionalizzazione delle imprese durante i sei mesi di Expo.<\/p>\n<p>La collaborazione tra Expo 2015 e TUTTO<strong>FOOD<\/strong> sar\u00e0 sancita anche dalla serata che il 3 maggio, gli espositori della manifestazione potranno trascorrere all\u2019interno del Padiglione Italia, fulcro dell\u2019Esposizione Universale.<\/p>\n<p>Anche a TUTTO<strong>FOOD <\/strong>non mancheranno <strong>eventi e incontri <\/strong>pensati valorizzer\u00e0 le aziende presenti, attraverso convegni, show cooking e workshop delle aziende.<\/p>\n<p>Tra queste iniziative, tre interessanti concorsi a cui i visitatori potranno partecipare direttamente dando le proprie preferenze alle referenze in gara, individuate tra le centinaia di prodotti partecipanti da realt\u00e0 esperte. Cos\u00ec, grazie a <strong>IPSOS<\/strong> e alla sua competenza, verr\u00e0 scelto il prodotto pi\u00f9 innovativo, con <strong>QUALIVITA<\/strong> si scoprir\u00e0 il prodotto certificato di maggior qualit\u00e0.<\/p>\n<p>Inoltre, la <strong><em>TUTTOFOOD Academy<\/em><\/strong>, declinata in <strong>tre aree speciali<\/strong> coordinate rispettivamente dallo Chef <strong>Francesco Favorito<\/strong> nel settore del <em>Multuprodotto,<\/em> da <strong>Fresco Pesce<\/strong> nel settore <em>Ittico<\/em> e da <strong>Planet One<\/strong> nel settore <em>Ho.Re.Ca e Beverag<\/em>e, completer\u00e0 l\u2019esperienza di visita con convegni e dimostrazioni, per offrire ai visitatori le conoscenze pi\u00f9 attuali e contatti altamente strategici per il loro business.<\/p>\n<p>L\u2019attenzione al visitatore di TUTTO<strong>FOOD<\/strong> non sar\u00e0 solo nell\u2019offerta di prodotti e contenuti, ma anche nella stessa logistica della manifestazione. Per non sovrapporre gli orari di ingresso della manifestazione a quelli di Expo, infatti, gli orari di TUTTO<strong>FOOD <\/strong>saranno anticipati, con l\u2019apertura alle 8,30 e la chiusura alle 17,30, una tempistica che consentir\u00e0 anche ai visitatori di TUTTO<strong>FOOD<\/strong> di non perdere l\u2019occasione di visitare l\u2019Esposizione Universale alla fine della giornata di business in fiera.<\/p>\n<p>&nbsp;<\/p>\n<p>&nbsp;<\/p>\n","protected":false},"excerpt":{"rendered":"<p>&nbsp; \u00c8 tutto pronto. L\u2019entusiasmo e l\u2019attesa sono ai massimi per questa edizione che si preannuncia davvero storica per TUTTOFOOD 2015, il Salone Agroalimentare di Fiera Milano che aprir\u00e0 i battenti dal 3 al 6 maggio 2015, in concomitanza con la prima settimana di apertura di Expo 2015. Il Salone \u00e8 cresciuto edizione dopo edizione &hellip; <a href=\"https:\/\/www.gdapress.it\/it\/index.php\/51455\/enogastronomia\/tuttofood-2015-al-via-e-ora-di-cogliere-i-frutti-del-business.html\" class=\"more-link\">Read more <span class=\"screen-reader-text\">TUTTOFOOD 2015  AL VIA:  E\u2019 ORA DI COGLIERE I FRUTTI DEL BUSINESS<\/span><\/a><\/p>\n","protected":false},"author":3,"featured_media":0,"comment_status":"closed","ping_status":"open","sticky":false,"template":"","format":"standard","meta":{"footnotes":""},"categories":[20],"tags":[1091,748,17,2837,15620],"class_list":["post-51455","post","type-post","status-publish","format-standard","hentry","category-enogastronomia","tag-business","tag-fiera","tag-milano","tag-rho","tag-tuttofood-2015"],"_links":{"self":[{"href":"https:\/\/www.gdapress.it\/it\/index.php\/wp-json\/wp\/v2\/posts\/51455","targetHints":{"allow":["GET"]}}],"collection":[{"href":"https:\/\/www.gdapress.it\/it\/index.php\/wp-json\/wp\/v2\/posts"}],"about":[{"href":"https:\/\/www.gdapress.it\/it\/index.php\/wp-json\/wp\/v2\/types\/post"}],"author":[{"embeddable":true,"href":"https:\/\/www.gdapress.it\/it\/index.php\/wp-json\/wp\/v2\/users\/3"}],"replies":[{"embeddable":true,"href":"https:\/\/www.gdapress.it\/it\/index.php\/wp-json\/wp\/v2\/comments?post=51455"}],"version-history":[{"count":1,"href":"https:\/\/www.gdapress.it\/it\/index.php\/wp-json\/wp\/v2\/posts\/51455\/revisions"}],"predecessor-version":[{"id":51457,"href":"https:\/\/www.gdapress.it\/it\/index.php\/wp-json\/wp\/v2\/posts\/51455\/revisions\/51457"}],"wp:attachment":[{"href":"https:\/\/www.gdapress.it\/it\/index.php\/wp-json\/wp\/v2\/media?parent=51455"}],"wp:term":[{"taxonomy":"category","embeddable":true,"href":"https:\/\/www.gdapress.it\/it\/index.php\/wp-json\/wp\/v2\/categories?post=51455"},{"taxonomy":"post_tag","embeddable":true,"href":"https:\/\/www.gdapress.it\/it\/index.php\/wp-json\/wp\/v2\/tags?post=51455"}],"curies":[{"name":"wp","href":"https:\/\/api.w.org\/{rel}","templated":true}]}}