
{"id":51446,"date":"2015-05-03T02:41:50","date_gmt":"2015-05-03T00:41:50","guid":{"rendered":"http:\/\/www.gdapress.it\/it\/?p=51446"},"modified":"2015-05-03T02:41:50","modified_gmt":"2015-05-03T00:41:50","slug":"aceto-balsamico-di-modena-igp-protagonista-a-tutto-food","status":"publish","type":"post","link":"https:\/\/www.gdapress.it\/it\/index.php\/51446\/enogastronomia\/aceto-balsamico-di-modena-igp-protagonista-a-tutto-food.html","title":{"rendered":"ACETO BALSAMICO DI MODENA IGP PROTAGONISTA A TUTTO FOOD"},"content":{"rendered":"<p class=\"ecxmsonormal\" style=\"margin-bottom: .0001pt; text-align: center;\" align=\"center\"><a href=\"http:\/\/www.gdapress.it\/it\/..\/public\/it\/2015\/05\/Aceto-Balsamico-di-Modena-a-Tuttofood.jpg\"><img loading=\"lazy\" decoding=\"async\" class=\"alignnone size-medium wp-image-51447\" src=\"http:\/\/www.gdapress.it\/it\/..\/public\/it\/2015\/05\/Aceto-Balsamico-di-Modena-a-Tuttofood-300x200.jpg\" alt=\"Aceto Balsamico di Modena a Tuttofood\" width=\"300\" height=\"200\" srcset=\"https:\/\/www.gdapress.it\/it\/..\/public\/it\/2015\/05\/Aceto-Balsamico-di-Modena-a-Tuttofood-300x200.jpg 300w, https:\/\/www.gdapress.it\/it\/..\/public\/it\/2015\/05\/Aceto-Balsamico-di-Modena-a-Tuttofood-500x334.jpg 500w, https:\/\/www.gdapress.it\/it\/..\/public\/it\/2015\/05\/Aceto-Balsamico-di-Modena-a-Tuttofood-900x601.jpg 900w, https:\/\/www.gdapress.it\/it\/..\/public\/it\/2015\/05\/Aceto-Balsamico-di-Modena-a-Tuttofood.jpg 1151w\" sizes=\"auto, (max-width: 300px) 100vw, 300px\" \/><\/a><\/p>\n<p class=\"ecxmsonormal\" style=\"margin-bottom: .0001pt; text-align: center;\" align=\"center\"><i><span style=\"font-size: 11.0pt; color: black;\">Il prezioso alimento sar\u00e0 presente anche a <strong>Identit\u00e0 Golose Expo<\/strong> per tutti i sei mesi di manifestazione<\/span><\/i><\/p>\n<p class=\"ecxmsonormal\" style=\"margin-bottom: .0001pt; text-align: center;\" align=\"center\"><span style=\"font-size: 11.5pt; color: black;\">\u00a0<\/span><b><span style=\"font-size: 14.0pt; color: black;\">ACETO BALSAMICO DI MODENA IGP PROTAGONISTA A TUTTO FOOD <\/span><\/b><\/p>\n<p class=\"ecxmsonormal\" style=\"margin-bottom: .0001pt; text-align: center;\" align=\"center\"><b><span style=\"font-size: 14.0pt; color: black;\">L&#8217;ORO NERO DI MODENA SARA&#8217; IN DEGUSTAZIONE INSIEME A PIADINA ROMAGNOLA IGP E SQUACQUERONE DI ROMAGNA DOP\u00a0<\/span><\/b><\/p>\n<p class=\"ecxmsonormal\" style=\"margin-bottom: .0001pt; text-align: center;\" align=\"center\"><b><i><span style=\"font-size: 11.5pt; color: black;\">Durante l&#8217;evento milanese in programma dal 3 al 6 maggio sar\u00e0 anche presentato il nuovo sito del Consorzio di Tutela ABM<\/span><\/i><\/b><\/p>\n<p class=\"ecxmsonormal\" style=\"margin-bottom: .0001pt; text-align: justify;\"><span style=\"font-size: 8.0pt; color: black;\">\u00a0<\/span><\/p>\n<p class=\"ecxmsonormal\" style=\"margin-bottom: .0001pt; text-align: justify;\"><span style=\"font-size: 11.0pt; color: black;\">Tre DOP e IGP dell&#8217;Emilia Romagna protagoniste a Tuttofood dal 3 al 6 maggio a Milano: <strong>Aceto Balsamico di Modena IGP, Piadina Romagnola IGP e Squacquerone di Romagna DOP <\/strong>saranno infatti sotto i riflettori della prestigiosa kermesse &#8211; che quest&#8217;anno viagger\u00e0 in tandem con l&#8217;Esposizione Universale &#8211; con una serie di degustazioni mirate ad accrescere nel pubblico la conoscenza delle peculiarit\u00e0 di queste produzioni di eccellenza del Made in Italy enogastronomico. Tali degustazioni &#8211; organizzate con la collaborazione tra Consorzio di Tutela Aceto Balsamico di Modena IGP, Consorzio di Promozione della Piadina Romagnola e Associazione Squacquerone di Romagna DOP &#8211; saranno ospitate presso lo stand K26-M23 di <strong>AICIG, Associazione Italiana Consorzi Indicazioni Geografiche<\/strong>, al Padiglione 4 della manifestazione di Rho Pero, nello spazio espositivo di Fiera Milano adiacente ai Padiglioni di Expo 2015 cui \u00e8 direttamente collegata.<\/span><\/p>\n<p class=\"ecxmsonormal\" style=\"margin-bottom: .0001pt; text-align: justify;\"><span style=\"font-size: 8.0pt; color: black;\">\u00a0<\/span><\/p>\n<p class=\"ecxmsonormal\" style=\"margin-bottom: .0001pt; text-align: justify;\"><span style=\"font-size: 11.0pt; color: black;\">Ogni giorno presso lo stand, sar\u00e0 possibile assaggiare cocktail e long drink all&#8217;arancia rossa e al mirtillo naturale arricchiti con aceto balsamico, studiati per l&#8217;occasione dal team di Quad\u00f2 Editore specializzato in editoria enogastronomica, ma il momento clou sar\u00e0 luned\u00ec 4 e marted\u00ec 5 quando si terranno\u00a0tre cooking show live che vedranno l&#8217;oro nero di Modena protagonista con il Consorzio Piadina Romagnola e l&#8217;Associazione Squacquerone di Romagna Dop. A rappresentare il Consorzio di Tutela Aceto Balsamico di Modena IGP il Direttore Federico Desimoni, mentre per il Consorzio Piadina Romagnola ci saranno il presidente del Consorzio Elio Simoni e il vicepresidente Moreno Giulianelli.<\/span><\/p>\n<p class=\"ecxmsonormal\" style=\"margin-bottom: .0001pt; text-align: justify;\"><span style=\"font-size: 8.0pt; color: black;\">\u00a0<\/span><\/p>\n<p class=\"ecxmsonormal\" style=\"margin-bottom: .0001pt; text-align: justify;\"><span style=\"font-size: 11.0pt; color: black;\">Gli appuntamenti che vedranno protagonista l&#8217;Aceto Balsamico di Modena, proseguiranno tuttavia anche oltre i cooking show: in occasione di Tuttofood, sar\u00e0 infatti presentato ufficialmente il nuovo <strong>sito web del Consorzio<\/strong>, firmato dalla digital communication agency <strong>Aicod (<a href=\"http:\/\/www.aicod.it\/\" target=\"_blank\"><span style=\"font-weight: normal;\">www.aicod.it<\/span><\/a>) e Mind the Pop,<\/strong> l&#8217;agenzia che ne cura i canali social. A orientare il restyling del sito istituzionale del Consorzio, l&#8217;obiettivo di comunicare in modo chiaro al consumatore le peculiarit\u00e0 dell&#8217;Aceto Balsamico di Modena IGP e le garanzie offerte dal Consorzio stesso, riservando uno spazio dedicato anche alle ricette, sia quelle firmate dai giovani studenti della Scuola Alberghiera e di Ristorazione di Serramazzoni, sia quelle proposte da un team di foodblogger italiane.<\/span><\/p>\n<p class=\"ecxmsonormal\" style=\"margin-bottom: .0001pt; text-align: justify;\"><span style=\"font-size: 8.0pt; color: black;\">\u00a0<\/span><\/p>\n<p class=\"ecxmsonormal\" style=\"margin-bottom: .0001pt; text-align: justify;\"><span style=\"font-size: 11.0pt; color: black;\">Da Tuttofood a Expo, dove l&#8217;Aceto Balsamico di Modena IGP sar\u00e0 presente e messo a disposizione dei clienti di <strong>Identit\u00e0 Golose Expo<\/strong>, l&#8217;evento che per i sei mesi dell&#8217;Esposizione Universale porter\u00e0 a Milano grandi chef italiani e internazionali per un inedito <i>temporary restaurant<\/i> di grande raffinatezza.<\/span><\/p>\n<p class=\"ecxmsonormal\" style=\"margin-bottom: .0001pt; text-align: justify;\"><span style=\"font-size: 8.0pt; color: black;\">\u00a0<\/span><\/p>\n<p class=\"ecxmsonormal\" style=\"margin-bottom: .0001pt; text-align: justify;\"><span style=\"font-size: 11.0pt; color: black;\">Expo e Tuttofood a parte &#8211; ma sempre a Milano &#8211; l&#8217;oro nero di Modena sar\u00e0 ancora protagonista nei mesi successivi in una location completamente differente: in occasione della Milano Design Week 2015, lo showroom di Lea Ceramiche di Via Durini a Milano si trasformer\u00e0 in una gastronomia gourmet allestita in collaborazione con <strong>Piacere Modena<\/strong>, il progetto cui aderiscono tutti i Consorzi di tutela e delle DOP e IGP provinciali, il Consorzio Modena a Tavola, Modenatur e Artest e che promuove lo sviluppo del settore agroindustriale grazie alla Fondazione Agroalimentare Modenese e al contributo di Camera di Commercio di Modena e dei Consorzi di Tutela delle denominazioni del territorio. Per tutto il periodo di Expo Milano 2015, lo spazio vivr\u00e0 con appuntamenti di degustazione mensili: per l&#8217;Aceto Balsamico sar\u00e0 necessario aspettare agosto per vivere l&#8217;esperienza sensoriale di &#8220;Gelato e Aceto Balsamico family drops&#8221;, con il prezioso alimento.\u00a0<\/span><\/p>\n<p class=\"ecxmsonormal\" style=\"margin-bottom: .0001pt; text-align: justify;\"><span style=\"font-size: 11.0pt; color: black;\">\u00a0<\/span><\/p>\n","protected":false},"excerpt":{"rendered":"<p>Il prezioso alimento sar\u00e0 presente anche a Identit\u00e0 Golose Expo per tutti i sei mesi di manifestazione \u00a0ACETO BALSAMICO DI MODENA IGP PROTAGONISTA A TUTTO FOOD L&#8217;ORO NERO DI MODENA SARA&#8217; IN DEGUSTAZIONE INSIEME A PIADINA ROMAGNOLA IGP E SQUACQUERONE DI ROMAGNA DOP\u00a0 Durante l&#8217;evento milanese in programma dal 3 al 6 maggio sar\u00e0 anche &hellip; <a href=\"https:\/\/www.gdapress.it\/it\/index.php\/51446\/enogastronomia\/aceto-balsamico-di-modena-igp-protagonista-a-tutto-food.html\" class=\"more-link\">Read more <span class=\"screen-reader-text\">ACETO BALSAMICO DI MODENA IGP PROTAGONISTA A TUTTO FOOD<\/span><\/a><\/p>\n","protected":false},"author":3,"featured_media":0,"comment_status":"closed","ping_status":"open","sticky":false,"template":"","format":"standard","meta":{"footnotes":""},"categories":[20],"tags":[6170,9212,2579,4047],"class_list":["post-51446","post","type-post","status-publish","format-standard","hentry","category-enogastronomia","tag-aceto-balsamico","tag-igp","tag-modena","tag-tutto-food"],"_links":{"self":[{"href":"https:\/\/www.gdapress.it\/it\/index.php\/wp-json\/wp\/v2\/posts\/51446","targetHints":{"allow":["GET"]}}],"collection":[{"href":"https:\/\/www.gdapress.it\/it\/index.php\/wp-json\/wp\/v2\/posts"}],"about":[{"href":"https:\/\/www.gdapress.it\/it\/index.php\/wp-json\/wp\/v2\/types\/post"}],"author":[{"embeddable":true,"href":"https:\/\/www.gdapress.it\/it\/index.php\/wp-json\/wp\/v2\/users\/3"}],"replies":[{"embeddable":true,"href":"https:\/\/www.gdapress.it\/it\/index.php\/wp-json\/wp\/v2\/comments?post=51446"}],"version-history":[{"count":1,"href":"https:\/\/www.gdapress.it\/it\/index.php\/wp-json\/wp\/v2\/posts\/51446\/revisions"}],"predecessor-version":[{"id":51448,"href":"https:\/\/www.gdapress.it\/it\/index.php\/wp-json\/wp\/v2\/posts\/51446\/revisions\/51448"}],"wp:attachment":[{"href":"https:\/\/www.gdapress.it\/it\/index.php\/wp-json\/wp\/v2\/media?parent=51446"}],"wp:term":[{"taxonomy":"category","embeddable":true,"href":"https:\/\/www.gdapress.it\/it\/index.php\/wp-json\/wp\/v2\/categories?post=51446"},{"taxonomy":"post_tag","embeddable":true,"href":"https:\/\/www.gdapress.it\/it\/index.php\/wp-json\/wp\/v2\/tags?post=51446"}],"curies":[{"name":"wp","href":"https:\/\/api.w.org\/{rel}","templated":true}]}}