
{"id":51432,"date":"2015-05-03T01:59:33","date_gmt":"2015-05-02T23:59:33","guid":{"rendered":"http:\/\/www.gdapress.it\/it\/?p=51432"},"modified":"2015-05-03T01:59:33","modified_gmt":"2015-05-02T23:59:33","slug":"a-tutto-food-2015-la-qualita-e-la-genuinita-firmate-le-farine-magiche-molino-vigevano-e-decori","status":"publish","type":"post","link":"https:\/\/www.gdapress.it\/it\/index.php\/51432\/enogastronomia\/a-tutto-food-2015-la-qualita-e-la-genuinita-firmate-le-farine-magiche-molino-vigevano-e-decori.html","title":{"rendered":"A TUTTO FOOD 2015 LA QUALIT\u00c0 E LA GENUINIT\u00c0 FIRMATE LE FARINE MAGICHE, MOLINO VIGEVANO E DECOR\u00cc"},"content":{"rendered":"<p><a href=\"http:\/\/www.gdapress.it\/it\/..\/public\/it\/2015\/05\/Isola-PV.jpg\"><img loading=\"lazy\" decoding=\"async\" class=\"alignnone size-medium wp-image-51433\" src=\"http:\/\/www.gdapress.it\/it\/..\/public\/it\/2015\/05\/Isola-PV-300x102.jpg\" alt=\"Isola (PV)\" width=\"300\" height=\"102\" srcset=\"https:\/\/www.gdapress.it\/it\/..\/public\/it\/2015\/05\/Isola-PV-300x102.jpg 300w, https:\/\/www.gdapress.it\/it\/..\/public\/it\/2015\/05\/Isola-PV-500x169.jpg 500w, https:\/\/www.gdapress.it\/it\/..\/public\/it\/2015\/05\/Isola-PV-900x305.jpg 900w, https:\/\/www.gdapress.it\/it\/..\/public\/it\/2015\/05\/Isola-PV.jpg 1920w\" sizes=\"auto, (max-width: 300px) 100vw, 300px\" \/><\/a><\/p>\n<p><em>Tra le novit\u00e0 che il Gruppo Lo Conte presenter\u00e0 in fiera, l\u2019apertura della nuova sede a Torre d\u2019Isola (PV) e in programma degustazioni e performance live di grandi maestri<\/em><\/p>\n<p><strong>\u00a0<\/strong><\/p>\n<p><strong>Dal 3 al 6 Maggio<\/strong>, il Gruppo Lo Conte, leader italiano nella produzione di farine speciali dal 1980, partecipa per la prima volta, con i marchi <strong>Le Farine Magiche<\/strong>, <strong>Molino Vigevano<\/strong> e <strong>Decor\u00ec<\/strong>, alla quinta edizione di <strong>TUTTOFOOD<\/strong>, il Salone Internazionale dell\u2019agroalimentare che si terr\u00e0 a Fiera Milano. Un evento di portata internazionale, contesto ideale per l\u2019azienda, che potr\u00e0 far apprezzare, ad un ampio pubblico di esperti e operatori del settore, la bont\u00e0 e la genuinit\u00e0 dei propri prodotti tutti made in Italy.<\/p>\n<p>Ma <strong>TUTTOFOOD<\/strong>, che in questa edizione godr\u00e0 di una maggiore spinta all\u2019internazionalizzazione svolgendosi all\u2019interno di Expo Milano 2015, rappresenter\u00e0 per il Gruppo Lo Conte anche il contesto privilegiato per annunciare ufficialmente l\u2019inaugurazione della <strong>nuova sede di Molino Vigevano a Torre d\u2019Isola, <\/strong>in provincia di Pavia, che avverr\u00e0 il <strong>4 Maggio<\/strong> in contemporanea con l\u2019evento fieristico.<\/p>\n<p>&nbsp;<\/p>\n<p>Presso lo <strong>stand N01-P02, pad. 03,<\/strong> food experience e performance live di maestri e chef d\u2019eccezione intratterranno e stupiranno gli ospiti attesi. Durante la giornata inaugurale della fiera, il 3 Maggio, il pizzaiolo Basilio Pintori, preparer\u00e0 per gli operatori del settore presenti, pane e sfiziose pizze gluten free, utilizzando il <strong>Mix Pane e Pizza Molino Vigevano<\/strong> della linea <strong><em>Oro Free<\/em><\/strong> dedicata al senza glutine. Tante anche le novit\u00e0 di prodotto che il Gruppo presenter\u00e0 in anteprima per l\u2019occasione.<\/p>\n<p>A firma <strong>Molino Vigevano, <\/strong>verranno proposti i lieviti, in particolare il <strong>lievito madre con Lactobacillus germinarius<\/strong> per donare sapore, profumo e aromi sensazionali a tutte le ricette e la linea di farine <strong>Oro di Macina Plus<\/strong>, che garantiscono una maggiore lievitazione agli impasti, una leggerezza imparagonabili e un gusto superiore, grazie all\u2019innovativo processo di <strong>germinazione assistita<\/strong> che trasforma il germoglio in un vero e proprio concentrato di nutrienti.<\/p>\n<p>Frutto della collaborazione con la pi\u00f9 nota <strong>focacceria di Recco \u201cManuelina\u201d,<\/strong> il Gruppo Lo Conte dedicher\u00e0 parte della seconda giornata, dalle ore 12.00 alle 14.00, alla famosa focaccia al formaggio ligure. Ai presenti verr\u00e0 mostrato live il procedimento per prepararle in modo eccellente grazie alla \u201cManuelina\u201d un nuovo prodotto Molino Vigevano pensato ad hoc che verr\u00e0 presentato in anteprima in fiera.<\/p>\n<p>Verr\u00e0, inoltre, rilanciato il marchio <strong>Decor\u00ec, <\/strong>dolci da magia, specializzato in ingredienti e decorazioni per dolci e cake design che, in una nuova veste grafica, sar\u00e0 ancora pi\u00f9 vicino al mondo della linea Dolci Le Farine Magiche.<\/p>\n<p>Durante l&#8217;evento milanese saranno realizzati show cooking con i <strong>maestri pizzaioli Molino Vigevano<\/strong>, <strong>Maurizio Stanco e Michele Franco, <\/strong>che realizzeranno squisite pizze e focacce da far degustare agli operatori del settore presenti, utilizzando come ingredienti i prodotti di punta Molino Vigevano: <strong>Costiera Oro, Oro fibra 1, Oro Fibra 2 integrale, Moreschina<\/strong>.<\/p>\n<p>Un\u2019ampia variet\u00e0 di dolci a lievitazione naturale saranno invece preparati live dal maestro pasticcere <strong>Toty Catanese<\/strong>.<\/p>\n<p>Il pubblico presente, durante le quattro giornate di fiera, potr\u00e0, inoltre, saggiare e apprezzare fritture gustose e leggere, realizzate al momento da chef d\u2019eccezione, in collaborazione con la pizzeria <strong>Piccola Ischia di Milano<\/strong>, che utilizzeranno i prodotti della linea dedicata ai fritti <strong>Le Farine Magiche<\/strong>, in particolare <strong><em>Fritture<\/em><\/strong><em>,<\/em> per fritti asciutti, dorati e croccanti, il preparato per <strong><em>Tempura<\/em><\/strong>, ideale per pesce e verdure e <strong><em>Panatura Croccante<\/em><\/strong>, con una granulometria studiata per una doratura perfetta.<\/p>\n<p>La presenza del Gruppo Lo Conte all&#8217;evento sar\u00e0 rafforzata infine dalla partecipazione alla collettiva del <strong>Gluten Free Expo<\/strong>.<\/p>\n<p>In particolare, verranno presentati i primi risultati clinici ottenuti presso il policlinico Umberto I di Roma sul progetto di <strong>detossificazione del glutine<\/strong> presente negli alimenti provenienti dai cereali.<\/p>\n<p>Sar\u00e0 inoltre l&#8217;occasione per visionare le tante novit\u00e0 per lo scaffale del senza glutine, per operatori del settore e buyer della GDO, tra cui il <strong>mix di Farina di Quinoa, Teff e Chia<\/strong>, il nuovo <strong>mix per Pane Nero<\/strong>, la <strong>Farina<\/strong><strong> di Riso<\/strong> e gli amidi speciali, come l\u2019<strong>Amido di Riso<\/strong>. Tutti prodotti compresi nella <strong>linea Senza Glutine<\/strong> a marchio <strong>Le Farine Magiche<\/strong>.<\/p>\n<p>Ai professionisti del canale HO.RE.CA. verranno invece presentate le ultime novit\u00e0 <strong><em>Oro Free<\/em><\/strong>, la linea Senza Glutine a marchio <strong>Molino Vigevano<\/strong>, lanciate in occasione del Gluten Free Expo: il Mix per<strong> FROLLA, <\/strong>il Mix per<strong> DOLCI <\/strong>e il Mix<strong> PIZZA E PANE.<\/strong><\/p>\n<p>Tutte le referenze gluten free distribuite dal Gruppo Lo Conte sono realizzate in uno stabilimento autorizzato dal Ministero della Salute, indipendente e separato dalla linea di produzione dei prodotti contenenti glutine (dallo stoccaggio delle materie prime a quello del prodotto finito), eliminando del tutto il rischio di contaminazioni accidentali. Ciascun prodotto \u00e8, inoltre, contrassegnato dal marchio Spiga Barrata, concesso dall\u2019AIC, Associazione Italiana Celiachia.<\/p>\n<p>&nbsp;<\/p>\n<p>Per il Gruppo Lo Conte la partecipazione a <strong>TUTTOFOOD<\/strong> rappresenta un importante appuntamento per affermare la dinamicit\u00e0 dell&#8217;offerta di alta qualit\u00e0 e le tante novit\u00e0, frutto della ricerca avanzata portata avanti dal proprio laboratorio di ricerca e sviluppo.<\/p>\n<p>&nbsp;<\/p>\n<p>&nbsp;<\/p>\n","protected":false},"excerpt":{"rendered":"<p>Tra le novit\u00e0 che il Gruppo Lo Conte presenter\u00e0 in fiera, l\u2019apertura della nuova sede a Torre d\u2019Isola (PV) e in programma degustazioni e performance live di grandi maestri \u00a0 Dal 3 al 6 Maggio, il Gruppo Lo Conte, leader italiano nella produzione di farine speciali dal 1980, partecipa per la prima volta, con i &hellip; <a href=\"https:\/\/www.gdapress.it\/it\/index.php\/51432\/enogastronomia\/a-tutto-food-2015-la-qualita-e-la-genuinita-firmate-le-farine-magiche-molino-vigevano-e-decori.html\" class=\"more-link\">Read more <span class=\"screen-reader-text\">A TUTTO FOOD 2015 LA QUALIT\u00c0 E LA GENUINIT\u00c0 FIRMATE LE FARINE MAGICHE, MOLINO VIGEVANO E DECOR\u00cc<\/span><\/a><\/p>\n","protected":false},"author":3,"featured_media":0,"comment_status":"closed","ping_status":"open","sticky":false,"template":"","format":"standard","meta":{"footnotes":""},"categories":[20],"tags":[15618,15616,15615,15617,1811,15614],"class_list":["post-51432","post","type-post","status-publish","format-standard","hentry","category-enogastronomia","tag-decori","tag-farine-magiche","tag-genuinita","tag-molino-vigevano","tag-qualita","tag-tutto-food-2015"],"_links":{"self":[{"href":"https:\/\/www.gdapress.it\/it\/index.php\/wp-json\/wp\/v2\/posts\/51432","targetHints":{"allow":["GET"]}}],"collection":[{"href":"https:\/\/www.gdapress.it\/it\/index.php\/wp-json\/wp\/v2\/posts"}],"about":[{"href":"https:\/\/www.gdapress.it\/it\/index.php\/wp-json\/wp\/v2\/types\/post"}],"author":[{"embeddable":true,"href":"https:\/\/www.gdapress.it\/it\/index.php\/wp-json\/wp\/v2\/users\/3"}],"replies":[{"embeddable":true,"href":"https:\/\/www.gdapress.it\/it\/index.php\/wp-json\/wp\/v2\/comments?post=51432"}],"version-history":[{"count":1,"href":"https:\/\/www.gdapress.it\/it\/index.php\/wp-json\/wp\/v2\/posts\/51432\/revisions"}],"predecessor-version":[{"id":51434,"href":"https:\/\/www.gdapress.it\/it\/index.php\/wp-json\/wp\/v2\/posts\/51432\/revisions\/51434"}],"wp:attachment":[{"href":"https:\/\/www.gdapress.it\/it\/index.php\/wp-json\/wp\/v2\/media?parent=51432"}],"wp:term":[{"taxonomy":"category","embeddable":true,"href":"https:\/\/www.gdapress.it\/it\/index.php\/wp-json\/wp\/v2\/categories?post=51432"},{"taxonomy":"post_tag","embeddable":true,"href":"https:\/\/www.gdapress.it\/it\/index.php\/wp-json\/wp\/v2\/tags?post=51432"}],"curies":[{"name":"wp","href":"https:\/\/api.w.org\/{rel}","templated":true}]}}