
{"id":51424,"date":"2015-05-02T09:27:34","date_gmt":"2015-05-02T07:27:34","guid":{"rendered":"http:\/\/www.gdapress.it\/it\/?p=51424"},"modified":"2015-05-02T09:27:34","modified_gmt":"2015-05-02T07:27:34","slug":"orchestra-i-pomeriggi-musicali-teatro-dal-verme-4","status":"publish","type":"post","link":"https:\/\/www.gdapress.it\/it\/index.php\/51424\/musica\/orchestra-i-pomeriggi-musicali-teatro-dal-verme-4.html","title":{"rendered":"Orchestra I Pomeriggi Musicali Teatro Dal Verme"},"content":{"rendered":"<p><strong>70\u00aa STAGIONE SINFONICA<\/strong><\/p>\n<p><strong>ORCHESTRA I POMERIGGI MUSICALI<\/strong><\/p>\n<p><strong>Direttore Artistico, M\u00b0 Maurizio Salerno<\/strong><\/p>\n<p><strong>Stagione 2014-2015<\/strong><\/p>\n<p><strong>Sabato 2 maggio, ore 17.00<\/strong><\/p>\n<p><strong>Teatro Dal Verme<\/strong><\/p>\n<p><em>Via San Giovanni sul Muro 2 \u2013 Milano<\/em><\/p>\n<p>Direttore: <strong>Carlo Boccadoro<\/strong><\/p>\n<p>Violino:<strong> Giovanni Sollima<\/strong><\/p>\n<p><strong>Orchestra I Pomeriggi Musicali<\/strong><\/p>\n<p><strong>Sollima<\/strong>, <em>Terra con variazioni, <\/em>per violoncello e orchestra<\/p>\n<p>(prima esecuzione assoluta \u2013 commissione I Pomeriggi Musicali)<br \/>\n<strong>\u010cajkowskij<\/strong>, <em>Variazioni su un tema rococ\u00f2<\/em> per violoncello e orchestra<br \/>\n<strong>Brahms<\/strong>, <em>Serenata n. 1<\/em>, op. 11<\/p>\n<p>Il concerto del 30 aprile\/2 maggio 2015 \u00e8 un appuntamento importantissimo per la <strong>70\u00aa Stagione Sinfonica <\/strong>dell\u2019<strong>Orchestra<\/strong> <strong>I Pomeriggi Musicali. <\/strong>Protagonista sul palco del Teatro Dal Verme \u00e8 <strong>Giovanni Sollima<\/strong>, il grande e eclettico violoncellista, che eseguir\u00e0 il brano <em>Terra con variazioni, <\/em>commissionatogli da I Pomeriggi e dal quale \u00e8 stato tratto il logo sonoro di <em>Expo in citt\u00e0<\/em>.<\/p>\n<p>Con questa commissione, l\u2019attivit\u00e0 de I Pomeriggi Musicali, costantemente rivolta a sostenere la ricerca musicale e la sperimentazione di nuovi linguaggi, \u00e8 stata premiata e onorata oltremodo: \u201cL\u2019Assessore alla Cultura del Comune di Milano, Filippo Del Corno, indicando in <em>Terra con variazioni<\/em>, commissionato da I Pomeriggi a Giovanni Sollima, il Logo sonoro per le attivit\u00e0 di <em>Expo in Citt\u00e0 2015, ha riconosciuto con sensibilit\u00e0 il legame che unisce I Pomeriggi alla citt\u00e0 sin dal loro debutto, il 27 novembre 1945\u201d; queste le parole di Massimo Collarini, presidente della Fondazione, quando il maggio scorso si presentava la 70\u00aa Stagione sinfonica.<\/em><\/p>\n<p><strong>Nelle intenzioni di Sollima, <em>Terra con variazioni<\/em><\/strong> <em>\u00e8 costruito come un tema con variazioni a tutti gli effetti, in cui, tuttavia, il senso della variazione graduale \u00e8 quasi totalmente ribaltato e lascia affiorare il vero tema poco a poco nel corso del brano, per liberarlo del tutto solo alla fine evocando un viaggio<\/em> <em>senza sosta tra luoghi reali e, soprattutto, immaginati. \u201cIl tema <\/em><strong><em>svelato<\/em><\/strong><em> \u2013 cos\u00ec spiega il violoncellista \u2013 \u00e8 in realt\u00e0 il logo sonoro che ho composto qualche mese fa per l\u2019<\/em><em>Expo in Citt\u00e0<\/em><em>, dal quale \u2013 credo \u2013 si evinca una certa mediterraneit\u00e0. Il tentativo \u00e8 soprattutto quello di evocare luci, odori, sapori, temperatura, canto\u2026acqua<\/em><em>\u201d.<\/em><\/p>\n<p>Dopo questa prima assoluta, Sollima si esibir\u00e0 nell\u2019esecuzioni delle splendide <strong><em>Variazioni su un tema rococ\u00f2<\/em><\/strong> per violoncello e orchestra di <strong>\u010cajkowskij<\/strong>, regalando ancora una volta al pubblico l\u2019emozione che solo un grande solista sa trasmettere. Inoltre, sul podio per questo importante appuntamento vi \u00e8 <strong>Carlo Boccadoro<\/strong>, tra i pi\u00f9 importanti compositori e direttori d\u2019orchestra dei nostri giorni, sodale de I Pomeriggi Musicali e legato all\u2019orchestra da quando vi debutt\u00f2 come percussionista all\u2019et\u00e0 di 13 anni.<\/p>\n<p>A chiudere, sar\u00e0 la <strong><em>Serenata n.1 <\/em><\/strong>di <strong>Brahms<\/strong>, che dar\u00e0 al pubblico l\u2019arrivederci al prossimo concerto.<\/p>\n<p><strong>CARLO BOCCADORO, direttore<\/strong><\/p>\n<p>Carlo Boccadoro ha studiato al Conservatorio Giuseppe Verdi di Milano dove si \u00e8 diplomato in Pianoforte e Strumenti a Percussione. Nello stesso istituto ha studiato Composizione con diversi insegnanti, tra i quali Paolo Arata, Bruno Cerchio, Ivan Fedele e Marco Tutino. Dal 1990 la sua musica \u00e8 presente in importanti stagioni concertistiche e sale da concerto tra cui: Teatro alla Scala, Biennale di Venezia, <em>Bang On A Can Marathon <\/em>di New York, Orchestra Filarmonica della Scala, Gewandhaus di Lipsia, Aspen Music Festival, Monday Evening Concerts (Los Angeles), Detroit Symphony Orchestra, Musikverein di Vienna, Salle Pleyel di Parigi, Teatro La Fenice di Venezia, Barbican Centre di Londra, Alte Oper di Francoforte, Festival di Lucerna, Concertgebouw di Amsterdam, National Concert Hall Dublin, Royal Academy di Glasgow, Maggio Musicale Fiorentino, Orchestra Sinfonica Nazionale della RAI, Filarmonica \u2018900 del Regio di Torino, I Pomeriggi Musicali, Orchestra Giuseppe Verdi di Milano, Arena di Verona, Festival MITO, Unione Musicale di Torino; Mittelfest di Cividale del Friuli; Tiroler Festpiel; Societ\u00e0 del Quartetto di Milano, Festival Bolzano Danza, Settimane Musicali di Stresa; Teatro Comunale di Bologna; Ferrara Musica, Aterforum, Orchestra Arturo Toscanini dell&#8217;Emilia Romagna, Teatro Regio di Parma; Orchestra della Toscana; Cantiere Internazionale D\u2019Arte di Montepulciano; Accademia Filarmonica Romana; RomaEuropa Festival, Teatro Massimo di Palermo; Teatro Comunale di Cagliari, e molti altri. Ha collaborato con artisti provenienti da mondi molto diversi, tra i quali Riccardo Chailly, Omer Meir Wellber, Gianandrea Noseda, John Axelrod, Franco Battiato, Luca Ronconi, Gavin Bryars, David Lang, Enrico Dindo, Lu Ja, Antonio Ballista, Donald Crockett, James MacMillan, Vicky Ray, Evan Ziporyn, Bruno Canino, Marcello Panni, Eugenio Finardi, Domenico Nordio, Mario Brunello, Enzo Cucchi, Gianluigi Trovesi, Gianni Coscia, Federico Maria Sardelli, Giovanni Mancuso, Giuseppe Albanese, il duo Pepicelli, Roberto Prosseda, Claudio Bisio, Moni Ovadia, Andrea Lucchesini, Ars Ludi, Bruno Casoni, Danilo Rossi, Emanuele Segre, Fabrizio Meloni, Valerio Magrelli, Giovanni Sollima, Pietro De Maria, Lina Sastri, Abdullah Ibrahim, Jim Hall, Paolo Fresu, Maria Pia De Vito, Mauro Negri, Paolo Birro, Bebo Ferra, Glauco Venier, Roberto Dani, Andrea Dulbecco, Paolino Dalla Porta, Emanuele Cisi, Furio Di Castri, Chris Collins. Nel 2001 \u00e8 stato selezionato dalla Rai per partecipare alla Tribuna Internazionale dei Compositori dell\u2019UNESCO a Parigi. Nel 2004 Luciano Berio gli ha commissionato, per l&#8217;Accademia Nazionale di Santa Cecilia, l&#8217;opera per ragazzi <em>La nave a tre piani<\/em>, eseguita all&#8217;Auditorium di Roma diretta dall&#8217;Autore stesso nel 2005 e successivamente ripresa lo stesso anno dal Teatro Regio di Torino. Ha inoltre scritto altre quattro opere da camera: <em>A qualcuno piace tango<\/em> (eseguita a Torino, Milano, Palermo, Montepulciano, Narni, Terni, Amelia) <em>Robinson<\/em> (eseguita a Terni, Narni, Amelia, Torino e Napoli<em>), Cappuccetto rosso<\/em> (Modena) e <em>Boletus<\/em> (Terni). \u00c8 tra i fondatori del progetto culturale Sentieri selvaggi, che comprende un Festival al Teatro Elfo Puccini di Milano e un Ensemble di cui \u00e8 direttore artistico e musicale. Svolge anche attivit\u00e0 come direttore d&#8217;orchestra: ha diretto l&#8217;Orchestra del Teatro alla Scala, l&#8217;Orchestra Sinfonica Nazionale della RAI, la Royal Philarmonic Orchestra, I Pomeriggi Musicali di Milano, l&#8217;Orchestra Giuseppe Verdi di Milano, l&#8217;Orchestra della Toscana, L&#8217;Orchestra del Teatro Regio di Torino, l&#8217;Orchestra della Fondazione Arena di Verona e altre ancora. Diverse sue composizioni sono state registrate su etichette discografiche come EMI Classics, Sony Classical, Ricordi, Warner Classics, Canteloupe Music, Agor\u00e0, Velut Luna, Materiali Sonori, Sensible Records, Phoenix Classics.<\/p>\n<p>&nbsp;<\/p>\n<p><strong>GIOVANNI SOLLIMA, violoncello<\/strong><\/p>\n<p>Nasce a Palermo da una famiglia di musicisti. Studia violoncello con Giovanni Perriera e Antonio Janigro e composizione con il padre Eliodoro Sollima e Milko Kelemen. Fin da giovanissimo collabora con musicisti quali Claudio Abbado, Giuseppe Sinopoli, J\u00f6rg Demus, Martha Argerich, Riccardo Muti, Yuri Bashmet, Katia e Marielle Lab\u00e8que, Ruggero Raimondi, Bruno Canino, DJ Scanner, Victoria Mullova, Patti Smith, Philip Glass e Yo-Yo Ma. La sua attivit\u00e0 &#8211; in veste di solista con orchestra e con diversi ensemble (tra i quali la Giovanni Sollima Band, da lui fondata a New York nel 1997) &#8211; si dispiega fra sedi ufficiali e ambiti alternativi: Brooklyn Academy of Music, Alice Tully Hall, Knitting Factory e Carnegie Hall (New York), Wigmore Hall e Queen Elizabeth Hall (Londra), Salle Gaveau (Parigi), Accademia di Santa Cecilia a Roma , Teatro San Carlo (Napoli), Kunstfest (Weimar), Teatro Massimo di Palermo, Teatro alla Scala (Milano), International Music Festival di Istanbul, Cello Biennale (Amsterdam), Summer Festival di Tokyo, Biennale di Venezia, Ravenna Festival, I Suoni delle Dolomiti, Ravello Festival, Expo 2010 (Shanghai), Concertgebouw ad Amsterdam. Per la danza collabora, tra gli altri, con Karole Armitage e Carolyn Carlson, per il teatro con Bob Wilson, Alessandro Baricco e Peter Stein e per il cinema con Marco Tullio Giordana, Peter Greenaway, John Turturro e Lasse Gjertsen (DayDream, 2007). Insieme al compositore-violoncellista Enrico Melozzi, ha dato vita al progetto dei 100 violoncelli, nato nel 2012 all&#8217;interno del Teatro Valle Occupato, con lo scopo di dimostrare che si possono abbattere anche barriere di carattere pratico, grazie alla bellezza. Musicisti di et\u00e0 e formazione diversa, interscambio tra culture e livelli differenti, laboratorio permanente. La promozione di forme di creativit\u00e0 musicale non esclusivamente legate all&#8217;esecuzione di repertori gi\u00e0 esistenti \u00e8 una delle prerogative di questo progetto, insieme alla democraticit\u00e0 del suo funzionamento e ad un&#8217;ampia base di partecipazione. La manifestazione, infatti, si costruisce ogni anno attraverso una &#8220;chiamata alle arti&#8221; di tre giorni, dedicata alla musica &#8220;spontanea&#8221;, con ospiti da tutto il mondo, blitz urbani in giro per la citt\u00e0, repertori imprevedibili e che abbracciano diverse epoche storiche, un concorso di composizione (quest&#8217;anno il primo &#8220;in clausura&#8221; seguito in diretta da Radio 3) e tanti concerti, tra cui un concerto finale con l&#8217;Orchestra dei 100 violoncelli. Nel 2013, I 100 violoncelli hanno aperto il tradizionale concerto del 1\u00b0Maggio a Roma. A Maggio 2014 la manifestazione si \u00e8 sposta a Milano al Teatro delle Arti! Tra i CD di Giovanni: per SONY,\u00a0<em>Works, We Were Trees<\/em>; per la Glossa, <em>Neapolitain Concertos<\/em> in collaborazione con I Turchini di Antonio Florio, disco che raccoglie tre concerti barocchi inediti del Settecento napoletano e un nuovo brano di Giovanni <em>Fecit Neap<\/em>; per l&#8217;Egea, <em>Caravaggio. <\/em>Giovanni Sollima insegna presso l&#8217;Accademia di Santa Cecilia a Roma, dove \u00e8 anche accademico effettivo, e alla Fondazione Romanini di Brescia. Suona un violoncello Francesco Ruggeri fatto a Cremona nel 1679.<\/p>\n<p>&nbsp;<\/p>\n<p><strong>ORCHESTRA I POMERIGGI MUSICALI<\/strong><\/p>\n<p>27 novembre 1945, ore 17.30: al Teatro Nuovo di Milano debutta l\u2019Orchestra I Pomeriggi Musicali. In programma Mozart e Beethoven accostati a Stravinskij e Prokov\u2019ev. Nell\u2019immediato dopoguerra, nel pieno fervore della ricostruzione, l\u2019impresario teatrale Remigio Paone e il critico musicale Ferdinando Ballo lanciano la nuova formazione con un progetto di straordinaria attualit\u00e0: dare alla citt\u00e0 un\u2019orchestra da camera con un solido repertorio classico ed una specifica vocazione alla contemporaneit\u00e0. Il successo \u00e8 immediato e l\u2019Orchestra contribuisce notevolmente alla divulgazione popolare in Italia della musica dei grandi del Novecento censurati durante la dittatura fascista: Stravinskij, Hindemith, Webern, Berg, Poulenc, Honegger, Copland, Yves, Fran\u00e7ais. I Pomeriggi Musicali avviano, inoltre, una tenace attivit\u00e0 di commissione musicale. Per I Pomeriggi compongono infatti Casella, Dallapiccola, Ghedini, Gian Francesco Malipiero, Pizzetti, Respighi. Questa scelta programmatica si consolida nel rapporto con i compositori delle leve successive: Berio, Bussotti, Luciano Chailly, Clementi, Donatoni, Hazon, Maderna, Mannino, Manzoni, Margola, Pennisi, Testi, Tutino, Panni, Fedele, Francesconi, Vacchi. Oggi I Pomeriggi Musicali contano su un vastissimo repertorio che include i capolavori del Barocco, del Classicismo e del primo Romanticismo insieme alla gran parte della musica moderna e contemporanea. Compositori come Honegger e Hindemith, Pizzetti, Dallapiccola, Petrassi e Penderecki hanno diretto la loro musica sul podio de I Pomeriggi Musicali, che diventano trampolino di lancio verso la celebrit\u00e0 di tanti giovani artisti. \u00c8 il caso di\u00a0 Claudio Abbado, Leonard Bernstein, Rudolf Buchbinder, Pierre Boulez, Michele Campanella, Giuliano Carmignola, Aldo Ceccato, Sergiu Celibidache, Riccardo Chailly, Daniele Gatti, Gianandrea Gavazzeni, Carlo Maria Giulini, Vittorio Gui, Natalia Gutman, Angela Hewitt, Leonidas Kavakos, Alexander Lonquich, Alexander Igor Markevitch, Zubin Mehta, Carl Melles, Riccardo Muti, Hermann Scherchen, Thomas Schippers, Christian Thielemann, Salvatore Accardo, Antonio Ballista, Arturo Benedetti Michelangeli, Bruno Canino, Dino Ciani, Severino Gazzelloni, Franco Gulli, Nikita Magaloff, Nathan Milstein, Massimo Quarta, Maurizio Pollini, Corrado Rovaris e Uto Ughi. Tra i Direttori stabili dell\u2019Orchestra, ricordiamo Nino Sanzogno, il primo, Gianluigi Gelmetti, Giampiero Taverna e Othmar Maga, per arrivare ai milanesi Daniele Gatti, Aldo Ceccato e Antonello Manacorda. In alcuni casi, la direzione musicale \u00e8 stata affiancata da una direzione artistica; in questa veste: Italo Gomez, Carlo Majer, Marcello Panni, Marco Tutino, Gianni Tangucci, Ivan Fedele, Massimo Collarini e, da luglio 2013, Maurizio Salerno. L\u2019Orchestra I Pomeriggi Musicali svolge la sua attivit\u00e0 principalmente a Milano e nelle citt\u00e0 lombarde, mentre in autunno contribuisce alle stagioni liriche dei Teatri di Bergamo, Brescia, Como, Cremona, Mantova, Pavia, e alla stagione di balletto del Teatro alla Scala. Invitata nelle principali stagioni sinfoniche italiane, l\u2019Orchestra \u00e8 ospite anche delle maggiori sale da concerto europee. I Pomeriggi Musicali sono una Fondazione costituita dalla Regione Lombardia, dal Comune di Milano, dalla Provincia di Milano, e da enti privati, riconosciuta dallo Stato come istituzione concertistico-orchestrale e dalla Regione Lombardia come ente primario di produzione musicale. Sede dell\u2019Orchestra I Pomeriggi Musicali \u00e8 lo storico Teatro Dal Verme, sito nel cuore di Milano.<\/p>\n<p><strong>BIGLIETTI<\/strong><\/p>\n<p><strong>Interi<\/strong><\/p>\n<p>Primo Settore (Platea, dalla fila 1 alla 30): <strong>\u20ac 19,00 <\/strong>+ prevendita<\/p>\n<p>Secondo Settore (Platea, dalla fila 31 alla 40): <strong>\u20ac 13,50 <\/strong>+ prevendita<\/p>\n<p>Balconata: <strong>\u20ac 10,50 <\/strong>+ prevendita<\/p>\n<p>&nbsp;<\/p>\n<p><strong>Ridotti <\/strong>(Giovani under 26; Anziani over 60; Cral; Ass.<\/p>\n<p>Culturali, Biblioteche; Gruppi; Scuole e Universit\u00e0)<\/p>\n<p>Primo Settore (Platea, dalla fila 1 alla fila 30) <strong>\u20ac 15,00 <\/strong>+ prevendita<\/p>\n<p>Secondo Settore (Platea, dalla fila 31 alla fila 40) <strong>\u20ac 11,50 <\/strong>+ prevendita<\/p>\n<p>Balconata <strong>\u20ac 8,50 <\/strong>+ prevendita<\/p>\n<p>&nbsp;<\/p>\n<p><strong>BIGLIETTI per le prove generali aperte<\/strong><\/p>\n<p>Interi: <strong>\u20ac 10,00<\/strong> + prevendita<\/p>\n<p>Ridotti (Giovani under 26; anziani over 60; cral; ass. culturali, biblioteche; gruppi; scuole e universit\u00e0): <strong>\u20ac 8,00<\/strong> + prevendita<\/p>\n<p>&nbsp;<\/p>\n<p><strong>Biglietteria TicketOne <\/strong><\/p>\n<p><strong>Teatro<\/strong> <strong>Dal Verme <\/strong><\/p>\n<p>Via San Giovanni Sul Muro, 2 \u2013 20121 Milano<\/p>\n<p>Tel. 02 87.905.201<\/p>\n<p>dal marted\u00ec al sabato dalle 11.00 alle 18.00<\/p>\n<p><strong>\u00a0<\/strong><\/p>\n<p><a href=\"http:\/\/www.ipomeriggi.it\/\">www.ipomeriggi.it<\/a><\/p>\n<p><a href=\"http:\/\/www.ipomeriggi.it\/facebook\">www.ipomeriggi.it\/facebook<\/a><\/p>\n<p><a href=\"http:\/\/www.ipomeriggi.it\/youtube\">www.ipomeriggi.it\/youtube<\/a><\/p>\n<p>Biglietteria on-line: <a href=\"http:\/\/www.ticketone.it\/\">www.ticketone.it<\/a><\/p>\n","protected":false},"excerpt":{"rendered":"<p>70\u00aa STAGIONE SINFONICA ORCHESTRA I POMERIGGI MUSICALI Direttore Artistico, M\u00b0 Maurizio Salerno Stagione 2014-2015 Sabato 2 maggio, ore 17.00 Teatro Dal Verme Via San Giovanni sul Muro 2 \u2013 Milano Direttore: Carlo Boccadoro Violino: Giovanni Sollima Orchestra I Pomeriggi Musicali Sollima, Terra con variazioni, per violoncello e orchestra (prima esecuzione assoluta \u2013 commissione I Pomeriggi &hellip; <a href=\"https:\/\/www.gdapress.it\/it\/index.php\/51424\/musica\/orchestra-i-pomeriggi-musicali-teatro-dal-verme-4.html\" class=\"more-link\">Read more <span class=\"screen-reader-text\">Orchestra I Pomeriggi Musicali Teatro Dal Verme<\/span><\/a><\/p>\n","protected":false},"author":3,"featured_media":0,"comment_status":"closed","ping_status":"open","sticky":false,"template":"","format":"standard","meta":{"footnotes":""},"categories":[19],"tags":[1546,14296,1568,17444],"class_list":["post-51424","post","type-post","status-publish","format-standard","hentry","category-musica","tag-dal-verme","tag-i-pomeriggi-musicali","tag-orchestra","tag-teatro"],"_links":{"self":[{"href":"https:\/\/www.gdapress.it\/it\/index.php\/wp-json\/wp\/v2\/posts\/51424","targetHints":{"allow":["GET"]}}],"collection":[{"href":"https:\/\/www.gdapress.it\/it\/index.php\/wp-json\/wp\/v2\/posts"}],"about":[{"href":"https:\/\/www.gdapress.it\/it\/index.php\/wp-json\/wp\/v2\/types\/post"}],"author":[{"embeddable":true,"href":"https:\/\/www.gdapress.it\/it\/index.php\/wp-json\/wp\/v2\/users\/3"}],"replies":[{"embeddable":true,"href":"https:\/\/www.gdapress.it\/it\/index.php\/wp-json\/wp\/v2\/comments?post=51424"}],"version-history":[{"count":1,"href":"https:\/\/www.gdapress.it\/it\/index.php\/wp-json\/wp\/v2\/posts\/51424\/revisions"}],"predecessor-version":[{"id":51425,"href":"https:\/\/www.gdapress.it\/it\/index.php\/wp-json\/wp\/v2\/posts\/51424\/revisions\/51425"}],"wp:attachment":[{"href":"https:\/\/www.gdapress.it\/it\/index.php\/wp-json\/wp\/v2\/media?parent=51424"}],"wp:term":[{"taxonomy":"category","embeddable":true,"href":"https:\/\/www.gdapress.it\/it\/index.php\/wp-json\/wp\/v2\/categories?post=51424"},{"taxonomy":"post_tag","embeddable":true,"href":"https:\/\/www.gdapress.it\/it\/index.php\/wp-json\/wp\/v2\/tags?post=51424"}],"curies":[{"name":"wp","href":"https:\/\/api.w.org\/{rel}","templated":true}]}}