
{"id":51326,"date":"2015-04-25T16:06:20","date_gmt":"2015-04-25T14:06:20","guid":{"rendered":"http:\/\/www.gdapress.it\/it\/?p=51326"},"modified":"2015-04-27T16:08:41","modified_gmt":"2015-04-27T14:08:41","slug":"fratelli-rossetti-e-franciacorta-insieme-per-expo","status":"publish","type":"post","link":"https:\/\/www.gdapress.it\/it\/index.php\/51326\/expo-2015-2\/fratelli-rossetti-e-franciacorta-insieme-per-expo.html","title":{"rendered":"Fratelli Rossetti e Franciacorta insieme per Expo"},"content":{"rendered":"<p><a href=\"http:\/\/www.gdapress.it\/it\/..\/public\/it\/2015\/04\/fa79716c14bc5b3715a74361e15a962d_99f1fa7a.jpg\"><img loading=\"lazy\" decoding=\"async\" class=\"alignnone size-large wp-image-51328\" src=\"http:\/\/www.gdapress.it\/it\/..\/public\/it\/2015\/04\/fa79716c14bc5b3715a74361e15a962d_99f1fa7a-275x400.jpg\" alt=\"fa79716c14bc5b3715a74361e15a962d_99f1fa7a\" width=\"275\" height=\"400\" srcset=\"https:\/\/www.gdapress.it\/it\/..\/public\/it\/2015\/04\/fa79716c14bc5b3715a74361e15a962d_99f1fa7a-275x400.jpg 275w, https:\/\/www.gdapress.it\/it\/..\/public\/it\/2015\/04\/fa79716c14bc5b3715a74361e15a962d_99f1fa7a-206x300.jpg 206w, https:\/\/www.gdapress.it\/it\/..\/public\/it\/2015\/04\/fa79716c14bc5b3715a74361e15a962d_99f1fa7a-465x676.jpg 465w, https:\/\/www.gdapress.it\/it\/..\/public\/it\/2015\/04\/fa79716c14bc5b3715a74361e15a962d_99f1fa7a.jpg 1559w\" sizes=\"auto, (max-width: 275px) 100vw, 275px\" \/><\/a><\/p>\n<p><strong>Fratelli Rossetti e Franciacorta insieme per Expo<\/strong>: due realt\u00e0 leader nei rispettivi settori &#8211; fashion &amp; wine &#8211; si alleano nel nome della qualit\u00e0, convinti che la valorizzazione del Made in Italy sia una priorit\u00e0 assoluta.<\/p>\n<p>Varie le attivit\u00e0 che vedranno i due marchi coinvolti su un fronte comune. Prima fra tutte le degustazioni in boutique: con il titolo di <strong>\u201cTuesday Tasting Night\u201d <\/strong>ogni marted\u00ec sera sar\u00e0 possibile provare i migliori Franciacorta alla presenza di sommelier AIS.<\/p>\n<p>L\u2019evento, aperto al pubblico, si sviluppa con il seguente calendario:<\/p>\n<ul>\n<li>Maggio: Brut<\/li>\n<li>Giugno: Pas-Dos\u00e9<\/li>\n<li>Luglio: Millesimato<\/li>\n<li>Agosto: Ros\u00e9<\/li>\n<li>Settembre: Sat\u00e8n<\/li>\n<li>Ottobre: Riserva<\/li>\n<\/ul>\n<p><strong>Boutique Fratelli Rossetti, via Montenapoleone 1, Milano \u2013 dalle 18.00 alle 20.00.<\/strong><\/p>\n<p>L\u2019intesa tra Fratelli Rossetti e Franciacorta\u00a0 prevede inoltre una campagna di comunicazione comune, vetrine dedicate e una cooperazione per eventi futuri.<\/p>\n<p class=\"FratelliRossetti\"><em>\u201cSiamo convinti che Expo rappresenti una grande opportunit\u00e0 per mettere sotto i riflettori internazionali il Made in Italy e le sue eccellenze<\/em>, <strong>spiega Luca Rossetti, amministratore delegato di Fratelli Rossetti.<\/strong> <em>\u201cL\u2019alleanza con Franciacorta avvicina due marchi di settori diversi ma che hanno in comune la ricerca della qualit\u00e0 senza compromessi\u201d.<\/em><\/p>\n<p class=\"FratelliRossetti\"><em>\u201cCrediamo molto in Expo Milano 2015, di cui siamo unico Wine Sponsor, come grande occasione per raccontare le eccellenze italiane ad un pubblico internazionale e nazionale,<\/em><strong>dichiara Maurizio Zanella, Presidente del Consorzio Franciacorta. <\/strong>\u00a0\u201c<em>Siamo felici di condividere questo obiettivo con Fratelli Rossetti, un marchio che rappresenta la pi\u00f9 alta espressione dell\u2019artigianalit\u00e0 e dello stile italiano\u201d.<\/em><\/p>\n","protected":false},"excerpt":{"rendered":"<p>Fratelli Rossetti e Franciacorta insieme per Expo: due realt\u00e0 leader nei rispettivi settori &#8211; fashion &amp; wine &#8211; si alleano nel nome della qualit\u00e0, convinti che la valorizzazione del Made in Italy sia una priorit\u00e0 assoluta. Varie le attivit\u00e0 che vedranno i due marchi coinvolti su un fronte comune. Prima fra tutte le degustazioni in &hellip; <a href=\"https:\/\/www.gdapress.it\/it\/index.php\/51326\/expo-2015-2\/fratelli-rossetti-e-franciacorta-insieme-per-expo.html\" class=\"more-link\">Read more <span class=\"screen-reader-text\">Fratelli Rossetti e Franciacorta insieme per Expo<\/span><\/a><\/p>\n","protected":false},"author":3,"featured_media":0,"comment_status":"closed","ping_status":"open","sticky":false,"template":"","format":"standard","meta":{"footnotes":""},"categories":[12170],"tags":[1775,1397,5833],"class_list":["post-51326","post","type-post","status-publish","format-standard","hentry","category-expo-2015-2","tag-expo","tag-franciacorta","tag-fratelli-rossetti"],"_links":{"self":[{"href":"https:\/\/www.gdapress.it\/it\/index.php\/wp-json\/wp\/v2\/posts\/51326","targetHints":{"allow":["GET"]}}],"collection":[{"href":"https:\/\/www.gdapress.it\/it\/index.php\/wp-json\/wp\/v2\/posts"}],"about":[{"href":"https:\/\/www.gdapress.it\/it\/index.php\/wp-json\/wp\/v2\/types\/post"}],"author":[{"embeddable":true,"href":"https:\/\/www.gdapress.it\/it\/index.php\/wp-json\/wp\/v2\/users\/3"}],"replies":[{"embeddable":true,"href":"https:\/\/www.gdapress.it\/it\/index.php\/wp-json\/wp\/v2\/comments?post=51326"}],"version-history":[{"count":2,"href":"https:\/\/www.gdapress.it\/it\/index.php\/wp-json\/wp\/v2\/posts\/51326\/revisions"}],"predecessor-version":[{"id":51329,"href":"https:\/\/www.gdapress.it\/it\/index.php\/wp-json\/wp\/v2\/posts\/51326\/revisions\/51329"}],"wp:attachment":[{"href":"https:\/\/www.gdapress.it\/it\/index.php\/wp-json\/wp\/v2\/media?parent=51326"}],"wp:term":[{"taxonomy":"category","embeddable":true,"href":"https:\/\/www.gdapress.it\/it\/index.php\/wp-json\/wp\/v2\/categories?post=51326"},{"taxonomy":"post_tag","embeddable":true,"href":"https:\/\/www.gdapress.it\/it\/index.php\/wp-json\/wp\/v2\/tags?post=51326"}],"curies":[{"name":"wp","href":"https:\/\/api.w.org\/{rel}","templated":true}]}}