
{"id":51306,"date":"2015-04-26T23:34:19","date_gmt":"2015-04-26T21:34:19","guid":{"rendered":"http:\/\/www.gdapress.it\/it\/?p=51306"},"modified":"2015-04-26T23:34:19","modified_gmt":"2015-04-26T21:34:19","slug":"n-n-figli-di-nessuno-teatro-i-milano","status":"publish","type":"post","link":"https:\/\/www.gdapress.it\/it\/index.php\/51306\/teatro\/n-n-figli-di-nessuno-teatro-i-milano.html","title":{"rendered":"N.N. Figli di nessuno Teatro i Milano"},"content":{"rendered":"<p>Dal 9 al 27 aprile 2015<\/p>\n<p>N.N. Figli di nessuno<\/p>\n<p>di Francesca Garolla<\/p>\n<p>regia di Renzo Martinelli<\/p>\n<p>con Giovanni Battaglia e Matteo de Mojana<\/p>\n<p>suono e video Fabio Cinicola<\/p>\n<p>luci Mattia De Pace<\/p>\n<p>produzione Teatro i con il contributo di Next &#8211; Laboratorio delle idee<\/p>\n<p>Il testo \u00e8 stato tradotto e presentato all&#8217;interno della rassegna Face \u00e0 Face, Paroles d\u2019Italie pour les sc\u00e8nes de France, a Le Theatre Sc\u00e8ne National di Saint Nazaire, all&#8217;interno del Festival Ring a La manufacture di Nancy e al TNP di Lione.<\/p>\n<p>N.N. \u00e8 una formula usata in passato per indicare i cosiddetti &#8220;figli di nessuno&#8221;. NOMEN NESCIO significa nome sconosciuto. Figlio di N.N., figlio di padre senza nome. Senza padre e senza storia. N.N. come nessun nome, come niente, come nulla.<\/p>\n<p>In scena due sole figure. Un padre e un figlio.L\u2019azione \u00e8 il loro colloquio, un colloquio apparente, un flusso di parole che attraversa entrambi ma che potrebbe appartenere ad uno solo. Uno pi\u00f9 uno \u00e8 davvero uguale a uno. I due si incontrano in un frammento di tragedia: unit\u00e0 di tempo, di luogo e di azione. Si incontrano nello spazio tempo di un lutto non ancora elaborato: nell\u2019attesa di un funerale, nella pausa prima della tumulazione, nell\u2019intervallo in cui si veglia una bara, aperta su un volto che \u00e8 gi\u00e0 altro dalla persona amata. \u00c8 l\u2019attimo subito successivo al dramma, in cui il tempo interrompe il suo fluire lineare o circolare e forma una bolla di non respiro e senza lacrime. E in tutto questo la Storia c\u2019\u00e8, anche se sembra perduta. Non risuona pi\u00f9 universale, come nelle parole dei padri, ma \u00e8 eco indistinta alla quale sono stati tolti potenza e nitore. Frasi roboanti e volutamente vuote che nominano la guerra eppure non sanno rappresentarla, nomi che richiamano volti, strade e piazze. Un passato che diventa presente e col presente si confonde. Padre e figlio emergono in questo universo frammentato e monologante, un universo che disegna un tempo che non si riesce ad afferrare n\u00e9 a definire.<\/p>\n<p>Gli avvenimentiI successivi al 1968, fino a gran parte degli anni &#8217;70, hanno sancito una frattura sia da un punto di vista storico che antropologico.La generazione che partecip\u00f2 attivamente al movimento di quegli anni ha in qualche modo voluto \u201cuccidere\u201d i propri genitori rifiutandone la legge. Il testo vuole indagare cosa questa generazione abbia lasciato ai propri figli: non li ha in qualche modo a sua volta divorati, lasciandoli privi di un orizzonte definito in cui vivere e pianificare il proprio futuro? Un\u2019analisi del presente condotta attraverso gli occhi di una generazione, nata negli anni ottanta, addirittura negli anni novanta, che non ha visto, n\u00e9 tanto meno ha vissuto, il fervore della storia recente, eppure ne porta le invisibili ferite. Figli che faticano ad uccidere metaforicamente i propri genitori e , incapaci di elaborare il lutto, non riescono a diventare adulti e a riappacificarsi con la storia.<\/p>\n<p>INFO: www.teatroi.org, tel 028323156. Biglietti da 18 euro a 9 euro Spettacoli inseriti in Invito a Teatro<\/p>\n<p><span class=\"ecxorg ecxfn\">Teatro i<\/span><\/p>\n<div class=\"ecxadr\">\n<div class=\"ecxstreet-address\">Via Gaudenzio Ferrari, 11<\/div>\n<p><span class=\"ecxlocality\">Milano<\/span>, <span class=\"ecxregion\">Lombardia<\/span> <span class=\"ecxpostal-code\">20123<\/span><\/p>\n<div class=\"ecxcountry-name\">Italy<\/div>\n<\/div>\n","protected":false},"excerpt":{"rendered":"<p>Dal 9 al 27 aprile 2015 N.N. Figli di nessuno di Francesca Garolla regia di Renzo Martinelli con Giovanni Battaglia e Matteo de Mojana suono e video Fabio Cinicola luci Mattia De Pace produzione Teatro i con il contributo di Next &#8211; Laboratorio delle idee Il testo \u00e8 stato tradotto e presentato all&#8217;interno della rassegna &hellip; <a href=\"https:\/\/www.gdapress.it\/it\/index.php\/51306\/teatro\/n-n-figli-di-nessuno-teatro-i-milano.html\" class=\"more-link\">Read more <span class=\"screen-reader-text\">N.N. Figli di nessuno Teatro i Milano<\/span><\/a><\/p>\n","protected":false},"author":3,"featured_media":0,"comment_status":"closed","ping_status":"open","sticky":false,"template":"","format":"standard","meta":{"footnotes":""},"categories":[1],"tags":[17,15570,13869],"class_list":["post-51306","post","type-post","status-publish","format-standard","hentry","category-teatro","tag-milano","tag-n-n-figli-di-nessuno","tag-teatro-i"],"_links":{"self":[{"href":"https:\/\/www.gdapress.it\/it\/index.php\/wp-json\/wp\/v2\/posts\/51306","targetHints":{"allow":["GET"]}}],"collection":[{"href":"https:\/\/www.gdapress.it\/it\/index.php\/wp-json\/wp\/v2\/posts"}],"about":[{"href":"https:\/\/www.gdapress.it\/it\/index.php\/wp-json\/wp\/v2\/types\/post"}],"author":[{"embeddable":true,"href":"https:\/\/www.gdapress.it\/it\/index.php\/wp-json\/wp\/v2\/users\/3"}],"replies":[{"embeddable":true,"href":"https:\/\/www.gdapress.it\/it\/index.php\/wp-json\/wp\/v2\/comments?post=51306"}],"version-history":[{"count":1,"href":"https:\/\/www.gdapress.it\/it\/index.php\/wp-json\/wp\/v2\/posts\/51306\/revisions"}],"predecessor-version":[{"id":51307,"href":"https:\/\/www.gdapress.it\/it\/index.php\/wp-json\/wp\/v2\/posts\/51306\/revisions\/51307"}],"wp:attachment":[{"href":"https:\/\/www.gdapress.it\/it\/index.php\/wp-json\/wp\/v2\/media?parent=51306"}],"wp:term":[{"taxonomy":"category","embeddable":true,"href":"https:\/\/www.gdapress.it\/it\/index.php\/wp-json\/wp\/v2\/categories?post=51306"},{"taxonomy":"post_tag","embeddable":true,"href":"https:\/\/www.gdapress.it\/it\/index.php\/wp-json\/wp\/v2\/tags?post=51306"}],"curies":[{"name":"wp","href":"https:\/\/api.w.org\/{rel}","templated":true}]}}