
{"id":51248,"date":"2015-04-13T19:03:47","date_gmt":"2015-04-13T17:03:47","guid":{"rendered":"http:\/\/www.gdapress.it\/it\/?p=51248"},"modified":"2015-04-26T19:06:38","modified_gmt":"2015-04-26T17:06:38","slug":"palazzo-reale-apre-design-for-life-in-mostra-il-meglio-dellarchivio-fotografico-di-elle-decor-italia","status":"publish","type":"post","link":"https:\/\/www.gdapress.it\/it\/index.php\/51248\/arte\/palazzo-reale-apre-design-for-life-in-mostra-il-meglio-dellarchivio-fotografico-di-elle-decor-italia.html","title":{"rendered":"PALAZZO REALE. APRE \u201cDESIGN FOR LIFE\u201d: IN MOSTRA IL MEGLIO DELL\u2019ARCHIVIO FOTOGRAFICO DI ELLE DECOR ITALIA"},"content":{"rendered":"<p><span style=\"font-family: 'Book Antiqua'; font-size: large;\">A Palazzo Reale \u00a0Design for Life, una mostra \u00a0promossa dal Comune di Milano \u2013 Cultura, Palazzo Reale, prodotta da Elle Decor Italia, che mette in scena, per la prima volta, i \u00a025 anni di storia dell\u2019abitare raccontate con immagini d\u2019autore. La mostra sar\u00e0 a Palazzo Reale dal 13 aprile al 24 maggio. <\/span><\/p>\n<p><span style=\"font-family: 'Book Antiqua'; font-size: large;\">A new living experience, Your soul, your home, Beauty and identity, A vision for the future: 4 sezioni per 4 claim che danno vita ad altrettante installazioni multimediali che intrecciano il mondo del design con quello degli interni e dell&#8217;architettura. Parte da qui il concept della mostra milanese Design for Life che mette in scena, con occhio cinematografico, 25 anni di interior design narrati attraverso le atmosfere contemporanee delle case fotografate in tutto il mondo da Elle Decor Italia dal 1990 fino ad oggi per comunicare modi abitare, di arredare, di decorare, di esprimersi. <\/span><\/p>\n<p><span style=\"font-family: 'Book Antiqua'; font-size: large;\">Raccontarle in occasione dei 25 anni del magazine, ambientandole sia fisicamente che virtualmente nelle sale di Palazzo Reale con un set up materico e immersivo affidato allo studio milanese dotodotdot, \u00e8 stato un esercizio interessante che ha permesso di proiettare (letteralmente) nel presente gli stili di vita documentati, indagati, e anticipati da Elle Decor Italia, utilizzando oggetti e immagini in movimento. <\/span><\/p>\n<p><span style=\"font-family: 'Book Antiqua'; font-size: large;\">Un&#8217;operazione importante, frutto di un lavoro corale che ha messo insieme estetica, sociologia, costume, architettura, che ha saputo restituire alla dimensione fotografica degli scatti d&#8217;autore la visione dinamica, emozionale e coinvolgente che ha reso Elle Decor Italia un&#8217;apripista nel mondo delle riviste di design degli interni. Deus ex machina di questa magia: lo sguardo del giovane regista Davide Rapp, ideatore all&#8217;ultima Biennale Architettura di Venezia diretta da Rem Koolhaas del film Elements of Architecture. <\/span><\/p>\n<p><span style=\"font-family: 'Book Antiqua'; font-size: large;\">\u201cElle Decor porta al pubblico milanese una straordinaria testimonianza, attraverso immagini d\u2019autore davvero uniche, di come si sono sviluppati la storia dell\u2019abitare, i costumi e il gusto degli italiani in questi ultimi 25 anni \u2013 ha detto Filippo Del Corno, assessore alla Cultura -. Un ulteriore appuntamento che arricchisce il calendario di eventi dei prossimi mesi e che confermano il ruolo di Milano come citt\u00e0 leader delle proposte culturali in Italia e in Europa\u201d<\/span><\/p>\n<p><span style=\"font-family: 'Book Antiqua'; font-size: large;\">\u00a0\u201cQuesta mostra rappresenta uno dei migliori esempi di quella collaborazione tra operatori pubblici e privati che l\u2019Amministrazione sta portando avanti in questi anni per promuovere \u00a0quella sinergia di anime che \u00e8 il vero aspetto vincente della Milano Design Week\u201d. Cos\u00ec commenta l\u2019assessore allo Sviluppo Economico, Moda e Design Cristina Tajani che prosegue: \u201dDurante questa settima saranno oltre 1000 gli appuntamenti culturali che si susseguiranno in citt\u00e0, molti dei quali proseguiranno anche oltre l\u2019apertura di Expo 2015 dimostrando come ormai \u00a0sia consolidata la collaborazione tra Comune, Federlegno, distretti del design e operatori privati \u00a0per valorizzare Milano nel segno del design e della creativit\u00e0\u201d <\/span><br \/>\n<span style=\"font-family: 'Book Antiqua'; font-size: large;\"><br \/>\nLa mostra \u00e8 aperta al pubblico con ingresso gratuito<br \/>\ndal 13 aprile al 24 maggio con i seguenti orari: luned\u00ec 14,30-19.30 marted\u00ec, mercoled\u00ec, venerd\u00ec, domenica 9.30-19.30, gioved\u00ec, sabato 9.30-22.30<br \/>\nUltimo ingresso un\u2019ora prima della chiusura \u00a0 \u00a0 \u00a0 \u00a0<\/span><\/p>\n","protected":false},"excerpt":{"rendered":"<p>A Palazzo Reale \u00a0Design for Life, una mostra \u00a0promossa dal Comune di Milano \u2013 Cultura, Palazzo Reale, prodotta da Elle Decor Italia, che mette in scena, per la prima volta, i \u00a025 anni di storia dell\u2019abitare raccontate con immagini d\u2019autore. La mostra sar\u00e0 a Palazzo Reale dal 13 aprile al 24 maggio. A new living &hellip; <a href=\"https:\/\/www.gdapress.it\/it\/index.php\/51248\/arte\/palazzo-reale-apre-design-for-life-in-mostra-il-meglio-dellarchivio-fotografico-di-elle-decor-italia.html\" class=\"more-link\">Read more <span class=\"screen-reader-text\">PALAZZO REALE. APRE \u201cDESIGN FOR LIFE\u201d: IN MOSTRA IL MEGLIO DELL\u2019ARCHIVIO FOTOGRAFICO DI ELLE DECOR ITALIA<\/span><\/a><\/p>\n","protected":false},"author":3,"featured_media":0,"comment_status":"closed","ping_status":"open","sticky":false,"template":"","format":"standard","meta":{"footnotes":""},"categories":[4],"tags":[15534,140,15535],"class_list":["post-51248","post","type-post","status-publish","format-standard","hentry","category-arte","tag-elle-decor-italia","tag-palazzo-reale","tag-design-for-life"],"_links":{"self":[{"href":"https:\/\/www.gdapress.it\/it\/index.php\/wp-json\/wp\/v2\/posts\/51248","targetHints":{"allow":["GET"]}}],"collection":[{"href":"https:\/\/www.gdapress.it\/it\/index.php\/wp-json\/wp\/v2\/posts"}],"about":[{"href":"https:\/\/www.gdapress.it\/it\/index.php\/wp-json\/wp\/v2\/types\/post"}],"author":[{"embeddable":true,"href":"https:\/\/www.gdapress.it\/it\/index.php\/wp-json\/wp\/v2\/users\/3"}],"replies":[{"embeddable":true,"href":"https:\/\/www.gdapress.it\/it\/index.php\/wp-json\/wp\/v2\/comments?post=51248"}],"version-history":[{"count":1,"href":"https:\/\/www.gdapress.it\/it\/index.php\/wp-json\/wp\/v2\/posts\/51248\/revisions"}],"predecessor-version":[{"id":51249,"href":"https:\/\/www.gdapress.it\/it\/index.php\/wp-json\/wp\/v2\/posts\/51248\/revisions\/51249"}],"wp:attachment":[{"href":"https:\/\/www.gdapress.it\/it\/index.php\/wp-json\/wp\/v2\/media?parent=51248"}],"wp:term":[{"taxonomy":"category","embeddable":true,"href":"https:\/\/www.gdapress.it\/it\/index.php\/wp-json\/wp\/v2\/categories?post=51248"},{"taxonomy":"post_tag","embeddable":true,"href":"https:\/\/www.gdapress.it\/it\/index.php\/wp-json\/wp\/v2\/tags?post=51248"}],"curies":[{"name":"wp","href":"https:\/\/api.w.org\/{rel}","templated":true}]}}