
{"id":51221,"date":"2015-04-26T17:59:48","date_gmt":"2015-04-26T15:59:48","guid":{"rendered":"http:\/\/www.gdapress.it\/it\/?p=51221"},"modified":"2015-04-26T17:59:48","modified_gmt":"2015-04-26T15:59:48","slug":"al-via-la-seconda-edizione-del-riedel-award","status":"publish","type":"post","link":"https:\/\/www.gdapress.it\/it\/index.php\/51221\/design\/al-via-la-seconda-edizione-del-riedel-award.html","title":{"rendered":"AL VIA LA SECONDA EDIZIONE DEL RIEDEL AWARD"},"content":{"rendered":"<p><em>I giovani designer under 30 hanno tempo fino al 29 maggio 2015 per presentare i loro progetti all\u2019esclusivo concorso internazionale dedicato all\u2019arte del vetro<\/em><\/p>\n<p><strong>RIEDEL AWARD 2015<\/strong> &#8211; \u00c8 gi\u00e0 iniziata la seconda edizione del prestigioso premio internazionale dedicato all\u2019arte del vetro nato dalla collaborazione, iniziata nel 2014, tra <strong>Riedel Crystal<\/strong>, azienda austriaca con una centenaria tradizione familiare nella produzione di calici da degustazione e decanter in cristallo, e l\u2019<strong>Istituto Veneto di Scienze, Lettere ed Arti di Venezia<\/strong>. Il concorso si inserisce nel programma del <strong>Premio Glass in Venice<\/strong>, progetto &#8211; quest\u2019anno alla sua quarta edizione &#8211; realizzato dall\u2019Istituto insieme con la Fondazione Musei Civici di Venezia per valorizzare il patrimonio dell&#8217;arte vetraria collegato alla raffinata tradizione dei maestri di Murano.<\/p>\n<p>A seguito del successo ottenuto con la prima edizione del Riedel Award &#8211; assegnato alla giovane designer norvegese\u00a0 <strong>Kristine Five Melvaer <\/strong>(www.kristinefivemelvaer.com) da un panel di esperti presieduto da <strong>Georg Riedel<\/strong>, 10^ generazione dell\u2019azienda austriaca &#8211;\u00a0 torna quindi la competizione destinata ad <strong>artisti e designer del vetro under 30<\/strong> (i partecipanti non devono aver compiuto 31 anni) provenienti da tutto il mondo che dovranno presentare un portfolio relativo a prodotti di design per l&#8217;arredo della casa e per la tavola in particolare, precisando per ciascuno le specifiche tecniche di lavorazione.<\/p>\n<p>I lavori dovranno essere inviati per posta sia a stampa sia su supporto digitale (CD o DVD o chiavetta USB) <strong>entro e non oltre il 29 maggio 2015<\/strong> (fa fede la data di spedizione), al seguente indirizzo:<\/p>\n<p>&nbsp;<\/p>\n<p><em>Istituto Veneto di Scienze, Lettere ed Arti\u00a0<\/em><\/p>\n<p><em>Campo Santo Stefano, 2945 <\/em><\/p>\n<p><em>30124 Venezia &#8211; Italia<\/em><\/p>\n<p>Il progetto migliore sar\u00e0 selezionato da una giuria di esperti e professionisti del settore, che vedr\u00e0 nuovamente Presidente <strong>Georg J. Riedel<\/strong>.<\/p>\n<p>Il riconoscimento sar\u00e0 attribuito in occasione della cerimonia di\u00a0consegna del premio <em>Glass in Venice 2015<\/em>, che si terr\u00e0 a Venezia presso la sede dell&#8217;Istituto Veneto, a settembre\u00a02015. Al vincitore sar\u00e0 offerto, oltre al pernottamento a Venezia (tre notti), presso la foresteria dell\u2019Istituto Veneto di Scienze, Lettere ed Arti in occasione della premiazione, un viaggio a Kufstein, Tirolo, per visitare la storica vetreria Riedel, dove ancora oggi vengono soffiati a bocca tutti i decanter e i calici delle linee <em>Sommeliers<\/em> e <em>Riedel Superleggero<\/em>.<\/p>\n<p>Maggiori informazioni e il bando di gara sono disponibili sul sito <a href=\"http:\/\/www.glassinvenice.it\/\">www.glassinvenice.it<\/a>.<\/p>\n<p><strong><span style=\"text-decoration: underline;\">A proposito di Riedel Crystal<\/span><\/strong><\/p>\n<p>L&#8217;azienda RIEDEL, azienda familiare con una storia di quasi 300 anni, rinomata per i suoi rivoluzionari prodotti in cristallo per la degustazione del vino differenziati a seconda dell\u2019uso, \u00e8 la prima nella storia a riconoscere che il gusto del vino \u00e8 fortemente influenzato dalla forma del calice in cui \u00e8 consumato. RIEDEL Crystal \u00e8 stato riconosciuto come marchio numero uno nella produzione di bicchieri &#8220;in armonia con il vino&#8221;, unico in grado di accompagnare specifici vini e superalcolici.<\/p>\n<p>&nbsp;<\/p>\n<p>Nel 2013 l\u2019azienda ha iniziato un\u2019era d&#8217;innovazione, applicando le proprie conoscenze di forma e funzionalit\u00e0 alle bevande analcoliche. Accogliendo l\u2019invito di Coca-Cola Company e con il supporto del team di esperti di Atlanta, RIEDEL ha messo a punto il progetto &#8211; frutto di workshop e assaggi &#8211; per realizzare un bicchiere specifico perfetto, che aumentasse il godimento della bevanda pi\u00f9 conosciuta al mondo, la Coca-Cola classica. Nello stesso anno, RIEDEL ha risposto anche all\u2019appello di Nespresso a Losanna, Svizzera, per il mercato delle bevande calde. Con l\u2019aiuto e l\u2019ampia conoscenza delle maggiori autorit\u00e0 del caff\u00e8, le due aziende hanno sviluppato insieme due bicchieri soffiati a macchina per la Nespresso, in grado di amplificare i diversi gusti e aromi delle pi\u00f9 famose miscele di espresso del marchio leader del caff\u00e8.<\/p>\n<p>&nbsp;<\/p>\n<p>Dalla sua fondazione nel 1756 e grazie all\u2019innovativa introduzione del primo calice specifico per variet\u00e0 d\u2019uva, il Burgundy Grand Cru nato nel 1958 &#8211; e successivamente l\u2019intera collezione Sommeliers soffiata a bocca, lanciata nel 1973 &#8211; RIEDEL \u00e8 diventato il brand preferito dagli esperti del vino, dai professionisti della ristorazione e dai consumatori esigenti di tutto il mondo. Il marchio RIEDEL \u00e8 distribuito in tutto il mondo, disponibile nei migliori punti vendita e nei pi\u00f9 esclusivi ristoranti. Per ulteriori informazioni, visitate il sito <a href=\"http:\/\/www.riedel.com\/\">www.riedel.com<\/a>.<\/p>\n<p>&nbsp;<\/p>\n<p>&nbsp;<\/p>\n<p><strong><span style=\"text-decoration: underline;\">La collaborazione con L\u2019Istituto Veneto di Scienze, Lettere ed Arti<\/span><\/strong><\/p>\n<p>L&#8217;Istituto Veneto di Scienze, Lettere ed Arti deriva dal Reale Istituto Nazionale voluto da Napoleone per l&#8217;Italia all&#8217;inizio del XIX secolo. Venne poi rifondato dall&#8217;Imperatore Ferdinando I d&#8217;Austria nel 1838, con la denominazione di Imperiale Regio Istituto di Scienze, Lettere ed Arti; divenuto\u00a0 con l&#8217;annessione del Veneto all&#8217;Italia Reale Istituto di Scienze, Lettere ed Arti,\u00a0 fu riconosciuto di interesse nazionale, insieme alle principali accademie degli stati preunitari.<\/p>\n<p>Missione principale dell&#8217;Istituto \u00e8 l&#8217;incremento, la diffusione e la tutela delle scienze, delle lettere e delle arti. Dal 1891 l&#8217;Istituto Veneto di Scienze, Lettere ed Arti ha come sede palazzo Loredan, a Venezia in Campo S. Stefano; tuttavia la gran parte dell&#8217;attivit\u00e0 rivolta al pubblico si svolge nel vicino palazzo Franchetti. oltre all\u2019ordinaria attivit\u00e0 accademica e alle mensili riunioni dei soci, promuove periodicamente manifestazioni di carattere scientifico e umanistico, incontri di studio, convegni, seminari e scuole di specializzazione post laurea e post-doc; inoltre promuove e realizza progetti di ricerca scientifica anche collaborando con Accademie, Universit\u00e0, Scuole di studi superiori e Centri di ricerca, a livello sia nazionale sia internazionale. Fin dalle sue origini l\u2019Istituto eroga anche numerosi premi e borse di studio al fine di incoraggiare le ricerche su temi di carattere sia storico che scientifico.<\/p>\n<p><strong><span style=\"text-decoration: underline;\">\u00a0<\/span><\/strong><\/p>\n<p>L\u2019esperienza maturata dall\u2019Istituto Veneto nell\u2019organizzazione del Premio Internazionale Glass in Venice &#8211; progetto realizzato insieme con la Fondazione Musei Civici di Venezia per valorizzare il patrimonio dell&#8217;arte vetraria collegato alla raffinata tradizione dei maestri muranensi &#8211; e i contatti che lo stesso ha instaurato con il mondo della cultura e del design, hanno permesso la nascita nel 2014 della prestigiosa collaborazione con Riedel Crystal e la creazione del Riedel Award.<\/p>\n<p>&nbsp;<\/p>\n<p>Non solo la tradizione del vetro e del cristallo unisce Riedel Crystal all\u2019Istituto Veneto, ma anche l\u2019arte e il design sono aspetti condivisi da entrambi i partner nel loro percorso storico. I prodotti firmati Riedel presentano tutti un\u2019attenzione unica per il design, sempre prezioso, originale e funzionale. Lo stesso <strong>CEO e Presidente di Riedel Crystal Maximilian J. Riedel<\/strong>, 11^ generazione alla guida dell\u2019azienda, \u00e8 il principale designer delle linee di calici e dei decanter. Per ulteriori informazioni, visitate il sito www.istitutoveneto.it.<\/p>\n","protected":false},"excerpt":{"rendered":"<p>I giovani designer under 30 hanno tempo fino al 29 maggio 2015 per presentare i loro progetti all\u2019esclusivo concorso internazionale dedicato all\u2019arte del vetro RIEDEL AWARD 2015 &#8211; \u00c8 gi\u00e0 iniziata la seconda edizione del prestigioso premio internazionale dedicato all\u2019arte del vetro nato dalla collaborazione, iniziata nel 2014, tra Riedel Crystal, azienda austriaca con una &hellip; <a href=\"https:\/\/www.gdapress.it\/it\/index.php\/51221\/design\/al-via-la-seconda-edizione-del-riedel-award.html\" class=\"more-link\">Read more <span class=\"screen-reader-text\">AL VIA LA SECONDA EDIZIONE DEL RIEDEL AWARD<\/span><\/a><\/p>\n","protected":false},"author":3,"featured_media":0,"comment_status":"closed","ping_status":"open","sticky":false,"template":"","format":"standard","meta":{"footnotes":""},"categories":[32],"tags":[14157,15520,15519],"class_list":["post-51221","post","type-post","status-publish","format-standard","hentry","category-design","tag-arte-del-vetro","tag-riedel-award","tag-seconda-edizione"],"_links":{"self":[{"href":"https:\/\/www.gdapress.it\/it\/index.php\/wp-json\/wp\/v2\/posts\/51221","targetHints":{"allow":["GET"]}}],"collection":[{"href":"https:\/\/www.gdapress.it\/it\/index.php\/wp-json\/wp\/v2\/posts"}],"about":[{"href":"https:\/\/www.gdapress.it\/it\/index.php\/wp-json\/wp\/v2\/types\/post"}],"author":[{"embeddable":true,"href":"https:\/\/www.gdapress.it\/it\/index.php\/wp-json\/wp\/v2\/users\/3"}],"replies":[{"embeddable":true,"href":"https:\/\/www.gdapress.it\/it\/index.php\/wp-json\/wp\/v2\/comments?post=51221"}],"version-history":[{"count":1,"href":"https:\/\/www.gdapress.it\/it\/index.php\/wp-json\/wp\/v2\/posts\/51221\/revisions"}],"predecessor-version":[{"id":51222,"href":"https:\/\/www.gdapress.it\/it\/index.php\/wp-json\/wp\/v2\/posts\/51221\/revisions\/51222"}],"wp:attachment":[{"href":"https:\/\/www.gdapress.it\/it\/index.php\/wp-json\/wp\/v2\/media?parent=51221"}],"wp:term":[{"taxonomy":"category","embeddable":true,"href":"https:\/\/www.gdapress.it\/it\/index.php\/wp-json\/wp\/v2\/categories?post=51221"},{"taxonomy":"post_tag","embeddable":true,"href":"https:\/\/www.gdapress.it\/it\/index.php\/wp-json\/wp\/v2\/tags?post=51221"}],"curies":[{"name":"wp","href":"https:\/\/api.w.org\/{rel}","templated":true}]}}