
{"id":51159,"date":"2015-04-14T13:50:07","date_gmt":"2015-04-14T11:50:07","guid":{"rendered":"http:\/\/www.gdapress.it\/it\/?p=51159"},"modified":"2015-04-26T13:55:08","modified_gmt":"2015-04-26T11:55:08","slug":"ta-milano-e-argenteria-dabbene-per-il-salone-del-mobile-2015","status":"publish","type":"post","link":"https:\/\/www.gdapress.it\/it\/index.php\/51159\/i-saloni-201220132014\/ta-milano-e-argenteria-dabbene-per-il-salone-del-mobile-2015.html","title":{"rendered":"T&#8217;A MILANO E ARGENTERIA DABBENE PER IL SALONE DEL MOBILE 2015"},"content":{"rendered":"<p><a href=\"http:\/\/www.gdapress.it\/it\/..\/public\/it\/2015\/04\/Capesante-6-low.jpg\"><img loading=\"lazy\" decoding=\"async\" class=\"alignnone size-thumbnail wp-image-51160\" src=\"http:\/\/www.gdapress.it\/it\/..\/public\/it\/2015\/04\/Capesante-6-low-150x150.jpg\" alt=\"Capesante-(6)-low\" width=\"150\" height=\"150\" srcset=\"https:\/\/www.gdapress.it\/it\/..\/public\/it\/2015\/04\/Capesante-6-low-150x150.jpg 150w, https:\/\/www.gdapress.it\/it\/..\/public\/it\/2015\/04\/Capesante-6-low-144x144.jpg 144w\" sizes=\"auto, (max-width: 150px) 100vw, 150px\" \/><\/a>\u00a0\u00a0<a href=\"http:\/\/www.gdapress.it\/it\/..\/public\/it\/2015\/04\/Capesante-13-low.jpg\"><img loading=\"lazy\" decoding=\"async\" class=\"alignnone size-thumbnail wp-image-51161\" src=\"http:\/\/www.gdapress.it\/it\/..\/public\/it\/2015\/04\/Capesante-13-low-150x150.jpg\" alt=\"Capesante-(13)-low\" width=\"150\" height=\"150\" srcset=\"https:\/\/www.gdapress.it\/it\/..\/public\/it\/2015\/04\/Capesante-13-low-150x150.jpg 150w, https:\/\/www.gdapress.it\/it\/..\/public\/it\/2015\/04\/Capesante-13-low-144x144.jpg 144w\" sizes=\"auto, (max-width: 150px) 100vw, 150px\" \/><\/a><\/p>\n<p><strong>GUSTO E DESIGN: Due eccellenze milanesi si uniscono a partire dal prossimo <span style=\"text-decoration: underline;\">Salone del Mobile 2015<\/span>, per presentare un&#8217;esperienza culinaria unica nel gusto e nella presentazione. <\/strong><\/p>\n<p><strong>\u00a0<\/strong>Presso il bistrot T&#8217;a Milano a partire dal 14 aprile potranno essere scelte alcune pietanze contrassegnate sul menu da una piccola padella d&#8217;argento e rivivere cos\u00ec, in chiave contemporanea, l&#8217;arte della preparazione con servizio finale direttamente al tavolo. La cottura nell&#8217;argento richiama, infatti, una storica tradizione iniziata a fine &#8216;800 prima nelle casate reali e poi portata nei grandi alberghi di Londra e Parigi dal grande chef <em>Auguste Escoffier<\/em>, padre della cucina moderna, insieme a <em>Cesar Ritz<\/em>, storico maitre di sala e fondatore degli omonimi hotel che insieme hanno inventato le preparazioni flamb\u00e9 presentate al tavolo.<\/p>\n<p><strong>Ma perch\u00e9 riportarla in auge oggi?<\/strong> L&#8217;argento \u00e8 un ottimo conduttore di calore, sia su fiamma che su piastra a induzione, e ne mantiene l&#8217;uniformit\u00e0 anche lontano dai fornelli per questo si adatta perfettamente alle cotture che vengono ultimate al tavolo sotto gli occhi del cliente. Le caratteristiche delle pentole in argento, inoltre, le rendono molto amate dai salutisti in quanto l&#8217;argento \u00e8 un materiale asettico e perch\u00e9 ben si adattano alle preparazioni pi\u00f9 moderne di ispirazione mediterranea che non hanno bisogno di lunghe cotture.<\/p>\n<p>Le ricette scelte dallo chef del T&#8217;a <em>Umberto Vezzoli <\/em>per queste speciali preparazioni comprendono un antipasto, una &#8220;<strong><em>Composizione di capesante con verdure in agro dolce<\/em><\/strong>&#8220;; un primo, il tipico risotto &#8220;<strong><em>Milano-Tokyo 1988 con caviale<\/em><\/strong>&#8221; piatto storico firmato dallo chef bresciano; e infine un &#8220;<strong><em>Medaglione di pescatrice in guazzetto di pomodoro,olive e capperi<\/em><\/strong>&#8220;.<\/p>\n<p>Partner di T&#8217;a Milano per questa esclusiva iniziativa \u00e8 l&#8217;<strong>Argenteria Dabbene<\/strong>, che ha aperto la sua storica sede di Largo Treves a Milano, gi\u00e0 nel 1938. Oggi, accanto alla produzione e alla commercializzazione dell\u2019argenteria di gusto classico, si pone molta attenzione alle mode del momento e alle tendenze dell\u2019arredamento. La gamma dei prodotti si estende alle porcellane e ai cristalli delle pi\u00f9 rinomate case, all&#8217;argenteria antica ed infine ai gioielli preziosi. I servizi personalizzati comprendono la realizzazione di oggetti su richiesta, perizie e consulenze, interventi di restauro e pulitura, insieme ad ogni tipo di incisione eseguita sia a mano che a computer.<\/p>\n<p><em>&#8220;L&#8217;argento intorno al cibo, contenitore di emozioni, seduzione, gioie e complicit\u00e0. E di sogni. Quando cucini con una pentola d&#8217;argento questo accade.&#8221; <\/em>Umberto Vezzoli<\/p>\n<p>LA SCHEDA<\/p>\n<p><strong><em>T\u2019a Milano<\/em><\/strong> <strong><em>Store &amp; Bistrot\u00a0 <\/em><\/strong><\/p>\n<p>via Clerici, 1 &#8211; Milano<\/p>\n<p>MM 1 Duomo &#8211; MM 2 Montenapoleone<\/p>\n<p>Prenotazioni: +39.02.87386130<\/p>\n<p>reservation@tamilano.com<\/p>\n<p>&nbsp;<\/p>\n<p><strong>Orario: <\/strong><\/p>\n<p>Da luned\u00ec a venerd\u00ec dalle 8.00 del mattino a mezzanotte.<\/p>\n<p>Sabato dalle 11.00 del mattino a mezzanotte.<\/p>\n<p>Domenica chiuso.<\/p>\n<p><strong>Aperture straordinarie:<\/strong><br \/>\nDomenica 19 Aprile<br \/>\nDomenica 21 Giugno<br \/>\nDomenica\u00a020 Settembre<\/p>\n<p>&nbsp;<\/p>\n<p>Numero coperti: 60<\/p>\n<p><strong><span style=\"text-decoration: underline;\">\u00a0<\/span><\/strong><\/p>\n<p><strong><span style=\"text-decoration: underline;\">www.tamilano.com<\/span><\/strong><\/p>\n<p><strong><span style=\"text-decoration: underline;\">\u00a0<\/span><\/strong><\/p>\n<p><strong><span style=\"text-decoration: underline;\">\u00a0<\/span><\/strong><\/p>\n","protected":false},"excerpt":{"rendered":"<p>\u00a0\u00a0 GUSTO E DESIGN: Due eccellenze milanesi si uniscono a partire dal prossimo Salone del Mobile 2015, per presentare un&#8217;esperienza culinaria unica nel gusto e nella presentazione. \u00a0Presso il bistrot T&#8217;a Milano a partire dal 14 aprile potranno essere scelte alcune pietanze contrassegnate sul menu da una piccola padella d&#8217;argento e rivivere cos\u00ec, in chiave &hellip; <a href=\"https:\/\/www.gdapress.it\/it\/index.php\/51159\/i-saloni-201220132014\/ta-milano-e-argenteria-dabbene-per-il-salone-del-mobile-2015.html\" class=\"more-link\">Read more <span class=\"screen-reader-text\">T&#8217;A MILANO E ARGENTERIA DABBENE PER IL SALONE DEL MOBILE 2015<\/span><\/a><\/p>\n","protected":false},"author":3,"featured_media":0,"comment_status":"closed","ping_status":"open","sticky":false,"template":"","format":"standard","meta":{"footnotes":""},"categories":[8151],"tags":[15483,14537,12677],"class_list":["post-51159","post","type-post","status-publish","format-standard","hentry","category-i-saloni-201220132014","tag-argenteria-dabbene","tag-salone-del-mobile-2015","tag-ta-milano"],"_links":{"self":[{"href":"https:\/\/www.gdapress.it\/it\/index.php\/wp-json\/wp\/v2\/posts\/51159","targetHints":{"allow":["GET"]}}],"collection":[{"href":"https:\/\/www.gdapress.it\/it\/index.php\/wp-json\/wp\/v2\/posts"}],"about":[{"href":"https:\/\/www.gdapress.it\/it\/index.php\/wp-json\/wp\/v2\/types\/post"}],"author":[{"embeddable":true,"href":"https:\/\/www.gdapress.it\/it\/index.php\/wp-json\/wp\/v2\/users\/3"}],"replies":[{"embeddable":true,"href":"https:\/\/www.gdapress.it\/it\/index.php\/wp-json\/wp\/v2\/comments?post=51159"}],"version-history":[{"count":1,"href":"https:\/\/www.gdapress.it\/it\/index.php\/wp-json\/wp\/v2\/posts\/51159\/revisions"}],"predecessor-version":[{"id":51162,"href":"https:\/\/www.gdapress.it\/it\/index.php\/wp-json\/wp\/v2\/posts\/51159\/revisions\/51162"}],"wp:attachment":[{"href":"https:\/\/www.gdapress.it\/it\/index.php\/wp-json\/wp\/v2\/media?parent=51159"}],"wp:term":[{"taxonomy":"category","embeddable":true,"href":"https:\/\/www.gdapress.it\/it\/index.php\/wp-json\/wp\/v2\/categories?post=51159"},{"taxonomy":"post_tag","embeddable":true,"href":"https:\/\/www.gdapress.it\/it\/index.php\/wp-json\/wp\/v2\/tags?post=51159"}],"curies":[{"name":"wp","href":"https:\/\/api.w.org\/{rel}","templated":true}]}}