
{"id":51137,"date":"2015-04-13T11:32:28","date_gmt":"2015-04-13T09:32:28","guid":{"rendered":"http:\/\/www.gdapress.it\/it\/?p=51137"},"modified":"2015-04-26T11:47:58","modified_gmt":"2015-04-26T09:47:58","slug":"ford-e-il-salone-del-mobile-presentano-linstallazione-favilla-ogni-luce-una-voce-un-innovativo-percorso-attraverso-luce-e-design","status":"publish","type":"post","link":"https:\/\/www.gdapress.it\/it\/index.php\/51137\/i-saloni-201220132014\/ford-e-il-salone-del-mobile-presentano-linstallazione-favilla-ogni-luce-una-voce-un-innovativo-percorso-attraverso-luce-e-design.html","title":{"rendered":"Ford e il Salone del Mobile presentano l\u2019installazione \u201cFAVILLA. Ogni luce una voce\u201d, un innovativo percorso attraverso luce e design"},"content":{"rendered":"<ul>\n<li>Ford Motor Company continua a sottolineare il proprio impegno in qualit\u00e0 di innovatore nel mondo del design collaborando con il Salone del Mobile.Milano, l\u2019importante appuntamento milanese dedicato al design, per realizzare un\u2019installazione interattiva che esplorer\u00e0 il tema e le forme della luce<\/li>\n<li>Curata dall\u2019architetto Attilio Stocchi, l\u2019installazione <strong>\u201cFAVILLA. Ogni luce una voce\u201d<\/strong> \u00e8 un\u2019interpretazione affascinante e avvolgente della scienza della luce, aperta al pubblico, in piazza San Fedele, a Milano<\/li>\n<li>Ford esporr\u00e0 al Salone oggetti lifestyle, creati dai designer dell\u2019Ovale Blu di tutto il mondo e organizzer\u00e0 un panel sul futuro delle tendenze del design, esplorando i temi della privacy e dello spazio<\/li>\n<\/ul>\n<p><strong>\u00a0<\/strong><\/p>\n<p>Ford Motor Company continua a sottolineare il proprio impegno nell\u2019innovazione nel mondo del design collaborando con il Salone del Mobile per realizzare un\u2019installazione interattiva che esplorer\u00e0 il tema e le forme della luce.<\/p>\n<p>&nbsp;<\/p>\n<p><strong>\u201cFAVILLA. Ogni luce una voce\u201d <\/strong>esplorer\u00e0 la scienza della luce attraverso un\u2019esperienza immersiva che evidenzia il modo in cui la luce si muove e si propaga, e i modi in cui \u00e8 percepita dagli occhi, permettendo ai visitatori di scoprire nuove forme. FAVILLA \u00e8 curata da <strong>Attilio Stocchi<\/strong>, l&#8217;architetto di due precedenti installazioni al Salone del Mobile: <strong>cuorebosco<\/strong> (2011) e <strong>librocielo<\/strong> (2012).<\/p>\n<p>&nbsp;<\/p>\n<p><em>\u201cUn design di successo richiede pi\u00f9 di una piacevole estetica \u2013 ha bisogno di connettersi con i consumatori, parlare con le loro aspirazioni e sorprenderli piacevolmente\u201d<\/em>, ha dichiarato <strong>Moray Callum, vice presidente di Ford of Design<\/strong>. <em>\u201cQuesta installazione conduce i visitatori attraverso un processo di scoperta inaspettata che rispecchia perfettamente la filosofia di Ford per cui il design \u00e8 un viaggio emozionale orchestrato intorno al cliente\u201d.<\/em><\/p>\n<p>&nbsp;<\/p>\n<p>Il <strong>2015<\/strong> \u00e8 l\u2019anno <strong>UNESCO della Luce e delle Tecnologie di Illuminazione.<\/strong> L\u2019esperienza immersiva dell\u2019installazione FAVILLA si svolge all\u2019interno di <strong>due box<\/strong> all\u2019interno dei quali la percezione si lascia dominare da uno sfavillante gioco di riflessi, forme e colori, proprio come l\u2019interno di un geode. I visitatori vivranno anche un\u2019esperienza dirompente e coinvolgente che metter\u00e0 in mostra come l&#8217;innovazione Ford mira a migliorare l&#8217;esperienza del consumatore.<\/p>\n<p>&nbsp;<\/p>\n<p>L\u2019impegno e la passione per l\u2019innovazione e la tecnologia hanno portato Ford, negli anni recenti, a esplorare nuovi territori, andando oltre quelli tradizionali dei saloni dell\u2019auto. Nelle precedenti edizioni del Salone del Mobile, l\u2019Ovale Blu ha esposto alcuni oggetti lifestyle, ai quali, quest\u2019anno si aggiungono alcuni elementi creati dai team di design Ford di tutto il mondo.<\/p>\n<p>Ford al Salone organizzer\u00e0 anche un panel sui trend che caratterizzano il futuro, sulla base di uno <span style=\"text-decoration: underline;\"><a href=\"https:\/\/media.ford.com\/content\/fordmedia\/fna\/us\/en\/news\/2014\/12\/29\/2015-ford-trend-report-explores-generation-z.html\">studio globale<\/a><\/span> condotto dall\u2019Ovale Blu che ha identificato nel <strong>\u201cconcedere e pretendere riservatezza\u201d<\/strong> uno dei temi che caratterizzeranno il 2015. Nel corso dell\u2019incontro si discuter\u00e0 di privacy e del ruolo dello spazio, virtuale, digitale o fisico, nella creazione di un ambiente o un\u2019esperienza appropriati. La privacy, secondo lo studio, \u00e8 infatti oggi il risultato di un equilibrio tra ci\u00f2 che i clienti di tutto il mondo sono disposti a condividere e i benefici che ne ottengono in cambio.<\/p>\n<p>&nbsp;<\/p>\n<p>La leadership di Ford nel campo dell\u2019innovazione \u00e8 stata sottolineata all\u2019inizio di quest\u2019anno al Consumer Electronics Show di Las Vegas, dove l\u2019Ovale Blu ha annunciato i propri progetti per lo sviluppo della <a href=\"https:\/\/media.ford.com\/content\/fordmedia\/fna\/us\/en\/news\/2015\/01\/06\/ford-at-ces-announces-smart-mobility-plan.html\">Smart Mobility<\/a>. La serie di attivit\u00e0 promosse da Ford permetter\u00e0 di fare ulteriori passi in avanti nei settori di: connettivit\u00e0, mobilit\u00e0, guida autonoma, esperienza dei clienti, e \u201cbig data\u201d. Recentemente, inoltre, Ford ha svelato al North American International Auto Show di Detroit, la nuova supercar <a href=\"https:\/\/media.ford.com\/content\/fordmedia\/fna\/us\/en\/news\/2015\/01\/12\/ford-redefines-innovation-with-gt-supercar.html\">Ford GT<\/a>, una coup\u00e9 a 2 posti che mostra l&#8217;innovazione attraverso la performance. Questa nuovissima supercar sar\u00e0 l&#8217;ispirazione chiave dell\u2019ulteriore presenza Ford al Salone .<\/p>\n<p>&nbsp;<\/p>\n<p>L\u2019installazione \u201cFAVILLA. Ogni luce una voce\u201d sar\u00e0 aperta al pubblico in piazza San Fedele, a Milano da 14 al 19 aprile.<\/p>\n<p>&nbsp;<\/p>\n<p><strong><em>Informazioni su Ford Motor Company<\/em><\/strong><\/p>\n<p><em>Ford Motor Company, leader mondiale dell\u2019industria automobilistica, con sede a Dearborn (nel Michigan), produce e distribuisce autoveicoli su 6 continenti. Con circa 187.000 dipendenti e 62 stabilimenti in tutto il mondo, la societ\u00e0 \u00e8 presente, fra gli altri, con i marchi automobilistici Ford e Lincoln. La societ\u00e0 offre servizi finanziari tramite Ford Motor Credit Company. Per ulteriori informazioni su Ford e i suoi prodotti, visitare il sito <\/em><em><a href=\"https:\/\/mustang.ford.eu\/#\/it-IT\">http:\/\/www.ford.com<\/a><\/em><em>.<\/em><\/p>\n<p>&nbsp;<\/p>\n<p><strong><em>Ford Europa<\/em><\/strong><em> si occupa della produzione e della vendita di veicoli a marchio Ford, nonch\u00e9 della fornitura di servizi di manutenzione sui propri prodotti in 50 diversi mercati, potendo contare su circa 50.000 dipendenti, 69.000 includendo le joint-venture. Oltre a Ford Motor Credit Company, le attivit\u00e0 di Ford Europa comprendono la Divisione assistenza clienti Ford e 24 stabilimenti di produzione, di cui 15 di propriet\u00e0 o di joint venture consolidate e 9 di joint-venture non consolidate. Le prime auto Ford arrivarono in Europa nel 1903, nell\u2019anno stesso della fondazione di Ford Motor Company, mentre la produzione europea ebbe inizio nel 1911.<\/em><\/p>\n","protected":false},"excerpt":{"rendered":"<p>Ford Motor Company continua a sottolineare il proprio impegno in qualit\u00e0 di innovatore nel mondo del design collaborando con il Salone del Mobile.Milano, l\u2019importante appuntamento milanese dedicato al design, per realizzare un\u2019installazione interattiva che esplorer\u00e0 il tema e le forme della luce Curata dall\u2019architetto Attilio Stocchi, l\u2019installazione \u201cFAVILLA. Ogni luce una voce\u201d \u00e8 un\u2019interpretazione affascinante &hellip; <a href=\"https:\/\/www.gdapress.it\/it\/index.php\/51137\/i-saloni-201220132014\/ford-e-il-salone-del-mobile-presentano-linstallazione-favilla-ogni-luce-una-voce-un-innovativo-percorso-attraverso-luce-e-design.html\" class=\"more-link\">Read more <span class=\"screen-reader-text\">Ford e il Salone del Mobile presentano l\u2019installazione \u201cFAVILLA. Ogni luce una voce\u201d, un innovativo percorso attraverso luce e design<\/span><\/a><\/p>\n","protected":false},"author":3,"featured_media":0,"comment_status":"closed","ping_status":"open","sticky":false,"template":"","format":"standard","meta":{"footnotes":""},"categories":[8151],"tags":[15474,4381,15475],"class_list":["post-51137","post","type-post","status-publish","format-standard","hentry","category-i-saloni-201220132014","tag-ford","tag-salone-del-mobile","tag-favilla"],"_links":{"self":[{"href":"https:\/\/www.gdapress.it\/it\/index.php\/wp-json\/wp\/v2\/posts\/51137","targetHints":{"allow":["GET"]}}],"collection":[{"href":"https:\/\/www.gdapress.it\/it\/index.php\/wp-json\/wp\/v2\/posts"}],"about":[{"href":"https:\/\/www.gdapress.it\/it\/index.php\/wp-json\/wp\/v2\/types\/post"}],"author":[{"embeddable":true,"href":"https:\/\/www.gdapress.it\/it\/index.php\/wp-json\/wp\/v2\/users\/3"}],"replies":[{"embeddable":true,"href":"https:\/\/www.gdapress.it\/it\/index.php\/wp-json\/wp\/v2\/comments?post=51137"}],"version-history":[{"count":1,"href":"https:\/\/www.gdapress.it\/it\/index.php\/wp-json\/wp\/v2\/posts\/51137\/revisions"}],"predecessor-version":[{"id":51138,"href":"https:\/\/www.gdapress.it\/it\/index.php\/wp-json\/wp\/v2\/posts\/51137\/revisions\/51138"}],"wp:attachment":[{"href":"https:\/\/www.gdapress.it\/it\/index.php\/wp-json\/wp\/v2\/media?parent=51137"}],"wp:term":[{"taxonomy":"category","embeddable":true,"href":"https:\/\/www.gdapress.it\/it\/index.php\/wp-json\/wp\/v2\/categories?post=51137"},{"taxonomy":"post_tag","embeddable":true,"href":"https:\/\/www.gdapress.it\/it\/index.php\/wp-json\/wp\/v2\/tags?post=51137"}],"curies":[{"name":"wp","href":"https:\/\/api.w.org\/{rel}","templated":true}]}}