
{"id":50981,"date":"2015-03-24T18:00:11","date_gmt":"2015-03-24T16:00:11","guid":{"rendered":"http:\/\/www.gdapress.it\/it\/?p=50981"},"modified":"2015-04-24T18:04:37","modified_gmt":"2015-04-24T16:04:37","slug":"vivere-expo-in-modo-esclusivo-e-personalizzato","status":"publish","type":"post","link":"https:\/\/www.gdapress.it\/it\/index.php\/50981\/architettura\/vivere-expo-in-modo-esclusivo-e-personalizzato.html","title":{"rendered":"Vivere EXPO in modo esclusivo e personalizzato"},"content":{"rendered":"<p><a href=\"http:\/\/www.gdapress.it\/it\/..\/public\/it\/2015\/04\/Expo-Exclu_1.jpg\"><img loading=\"lazy\" decoding=\"async\" class=\"alignnone size-medium wp-image-50982\" src=\"http:\/\/www.gdapress.it\/it\/..\/public\/it\/2015\/04\/Expo-Exclu_1-300x225.jpg\" alt=\"Expo Exclu_1\" width=\"300\" height=\"225\" srcset=\"https:\/\/www.gdapress.it\/it\/..\/public\/it\/2015\/04\/Expo-Exclu_1-300x225.jpg 300w, https:\/\/www.gdapress.it\/it\/..\/public\/it\/2015\/04\/Expo-Exclu_1-500x375.jpg 500w, https:\/\/www.gdapress.it\/it\/..\/public\/it\/2015\/04\/Expo-Exclu_1-900x676.jpg 900w, https:\/\/www.gdapress.it\/it\/..\/public\/it\/2015\/04\/Expo-Exclu_1.jpg 1600w\" sizes=\"auto, (max-width: 300px) 100vw, 300px\" \/><\/a>\u00a0\u00a0<a href=\"http:\/\/www.gdapress.it\/it\/..\/public\/it\/2015\/04\/Expo-Exclu_2.jpg\"><img loading=\"lazy\" decoding=\"async\" class=\"alignnone size-medium wp-image-50983\" src=\"http:\/\/www.gdapress.it\/it\/..\/public\/it\/2015\/04\/Expo-Exclu_2-300x203.jpg\" alt=\"Expo Exclu_2\" width=\"300\" height=\"203\" srcset=\"https:\/\/www.gdapress.it\/it\/..\/public\/it\/2015\/04\/Expo-Exclu_2-300x203.jpg 300w, https:\/\/www.gdapress.it\/it\/..\/public\/it\/2015\/04\/Expo-Exclu_2-500x338.jpg 500w, https:\/\/www.gdapress.it\/it\/..\/public\/it\/2015\/04\/Expo-Exclu_2-900x608.jpg 900w, https:\/\/www.gdapress.it\/it\/..\/public\/it\/2015\/04\/Expo-Exclu_2.jpg 912w\" sizes=\"auto, (max-width: 300px) 100vw, 300px\" \/><\/a><\/p>\n<p>Nasce a <em>Milano<\/em>, in occasione di <em>EXPO 2015<\/em>, l\u2019esclusivo progetto <strong><em>EXPO\u00a0EXCLU <\/em><\/strong><\/p>\n<p><em>, <\/em>che garantisce un innovativo e originale servizio di <strong>incoming internazionale<\/strong>.<\/p>\n<p>Il progetto \u00e8 frutto di un\u2019attenta e creativa <strong>collaborazione tra il <em>Gruppo Exclu<\/em><\/strong>, che da anni garantisce ai propri clienti soggiorni eccellenti attraverso un consolidato programma di network, <strong>e lo <em>StudioM3<\/em> web agency<\/strong> che da sempre lavora sul potenziamento del business digitale, con particolare attenzione alle nuovissime forme di comunicazione e di linguaggio web.<\/p>\n<p>Mission del progetto e punto di forza che contraddistingue <em>EXPO EXCLU<\/em> dai semplici incoming, sono il soddisfacimento del cliente a 360\u00b0.<\/p>\n<p>I professionisti in campo, partendo dal concetto che a loro per primi piacerebbe volare verso il Paese del prossimo EXPO e trovare qualcuno che sia in grado di <strong>organizzare e ottimizzare al meglio il tempo a disposizione<\/strong>, si sono impegnati a elaborare soluzioni che curino ogni minimo dettaglio, dalla sistemazione in appartamenti di alto standing, alla possibilit\u00e0 di <strong>integrare il soggiorno con servizi studiati ad hoc<\/strong>, tramite una fitta rete di collaborazioni con i migliori fornitori presenti sul territorio nazionale.<\/p>\n<p><strong>L\u2019ospite avr\u00e0 la possibilit\u00e0 di personalizzare la propria vacanza<\/strong>, rendendola indimenticabile e unica nel suo genere. Potr\u00e0 infatti andare a cena fuori in uno degli esclusivi ristoranti proposti, o servirsi personalmente e privatamente di rinomati chef per assaporare le specialit\u00e0 milanesi pi\u00f9 in voga o richiedere un men\u00f9 specializzato. Inoltre potr\u00e0 usufruire di un autista privato per particolari spostamenti o semplicemente per il transfer dall\u2019aeroporto al proprio appartamento; potr\u00e0 scegliere se allenarsi con un personal trainer o direttamente nel fitness club convenzionato e molto altro ancora.<\/p>\n<p>Con <em>EXPO EXCLU<\/em> i visitatori avranno quindi l\u2019occasione non solo di vivere al meglio le attrazioni di <em>EXPO 2015<\/em> &#8211; un\u2019esposizione universale ricca di eventi sotto il segno della sostenibilit\u00e0 e tecnologia, che raccoglie ben 144 Paesi da tutto il mondo-ma anche di \u201ctoccare con mano\u201d la trasversalit\u00e0 di <em>Milano<\/em>, una citt\u00e0 densa di storia, cultura, moda, buona cucina e contemporaneit\u00e0.<\/p>\n<p>&nbsp;<\/p>\n<p>Tutti i servizi offerti sono prenotabili singolarmente e non sono vincolati tra loro.<\/p>\n<p>Per Info e preventivi <a href=\"http:\/\/www.expoexclu.it\/\">www.expoexclu.it<\/a><br \/>\n<em><\/p>\n<p><\/em><\/p>\n","protected":false},"excerpt":{"rendered":"<p>\u00a0\u00a0 Nasce a Milano, in occasione di EXPO 2015, l\u2019esclusivo progetto EXPO\u00a0EXCLU , che garantisce un innovativo e originale servizio di incoming internazionale. Il progetto \u00e8 frutto di un\u2019attenta e creativa collaborazione tra il Gruppo Exclu, che da anni garantisce ai propri clienti soggiorni eccellenti attraverso un consolidato programma di network, e lo StudioM3 web &hellip; <a href=\"https:\/\/www.gdapress.it\/it\/index.php\/50981\/architettura\/vivere-expo-in-modo-esclusivo-e-personalizzato.html\" class=\"more-link\">Read more <span class=\"screen-reader-text\">Vivere EXPO in modo esclusivo e personalizzato<\/span><\/a><\/p>\n","protected":false},"author":3,"featured_media":0,"comment_status":"closed","ping_status":"open","sticky":false,"template":"","format":"standard","meta":{"footnotes":""},"categories":[3],"tags":[15406,1775],"class_list":["post-50981","post","type-post","status-publish","format-standard","hentry","category-architettura","tag-exclu","tag-expo"],"_links":{"self":[{"href":"https:\/\/www.gdapress.it\/it\/index.php\/wp-json\/wp\/v2\/posts\/50981","targetHints":{"allow":["GET"]}}],"collection":[{"href":"https:\/\/www.gdapress.it\/it\/index.php\/wp-json\/wp\/v2\/posts"}],"about":[{"href":"https:\/\/www.gdapress.it\/it\/index.php\/wp-json\/wp\/v2\/types\/post"}],"author":[{"embeddable":true,"href":"https:\/\/www.gdapress.it\/it\/index.php\/wp-json\/wp\/v2\/users\/3"}],"replies":[{"embeddable":true,"href":"https:\/\/www.gdapress.it\/it\/index.php\/wp-json\/wp\/v2\/comments?post=50981"}],"version-history":[{"count":1,"href":"https:\/\/www.gdapress.it\/it\/index.php\/wp-json\/wp\/v2\/posts\/50981\/revisions"}],"predecessor-version":[{"id":50984,"href":"https:\/\/www.gdapress.it\/it\/index.php\/wp-json\/wp\/v2\/posts\/50981\/revisions\/50984"}],"wp:attachment":[{"href":"https:\/\/www.gdapress.it\/it\/index.php\/wp-json\/wp\/v2\/media?parent=50981"}],"wp:term":[{"taxonomy":"category","embeddable":true,"href":"https:\/\/www.gdapress.it\/it\/index.php\/wp-json\/wp\/v2\/categories?post=50981"},{"taxonomy":"post_tag","embeddable":true,"href":"https:\/\/www.gdapress.it\/it\/index.php\/wp-json\/wp\/v2\/tags?post=50981"}],"curies":[{"name":"wp","href":"https:\/\/api.w.org\/{rel}","templated":true}]}}