
{"id":50945,"date":"2015-03-24T17:04:30","date_gmt":"2015-03-24T15:04:30","guid":{"rendered":"http:\/\/www.gdapress.it\/it\/?p=50945"},"modified":"2015-04-24T17:11:11","modified_gmt":"2015-04-24T15:11:11","slug":"aveda-corner-store-coin-corso-vercelli-milano","status":"publish","type":"post","link":"https:\/\/www.gdapress.it\/it\/index.php\/50945\/benessere\/aveda-corner-store-coin-corso-vercelli-milano.html","title":{"rendered":"AVEDA CORNER STORE COIN CORSO VERCELLI MILANO"},"content":{"rendered":"<p><a href=\"http:\/\/www.gdapress.it\/it\/..\/public\/it\/2015\/04\/corner@Coin-corso-Vercelli-3.jpg\"><img loading=\"lazy\" decoding=\"async\" class=\"alignnone size-medium wp-image-50946\" src=\"http:\/\/www.gdapress.it\/it\/..\/public\/it\/2015\/04\/corner@Coin-corso-Vercelli-3-300x200.jpg\" alt=\"corner@Coin corso Vercelli 3\" width=\"300\" height=\"200\" srcset=\"https:\/\/www.gdapress.it\/it\/..\/public\/it\/2015\/04\/corner@Coin-corso-Vercelli-3-300x200.jpg 300w, https:\/\/www.gdapress.it\/it\/..\/public\/it\/2015\/04\/corner@Coin-corso-Vercelli-3-500x333.jpg 500w, https:\/\/www.gdapress.it\/it\/..\/public\/it\/2015\/04\/corner@Coin-corso-Vercelli-3-900x600.jpg 900w\" sizes=\"auto, (max-width: 300px) 100vw, 300px\" \/><\/a>\u00a0\u00a0<a href=\"http:\/\/www.gdapress.it\/it\/..\/public\/it\/2015\/04\/Corner@Coin-corso-Vercelli-1.jpg\"><img loading=\"lazy\" decoding=\"async\" class=\"alignnone size-medium wp-image-50948\" src=\"http:\/\/www.gdapress.it\/it\/..\/public\/it\/2015\/04\/Corner@Coin-corso-Vercelli-1-300x200.jpg\" alt=\"Corner@Coin corso Vercelli 1\" width=\"300\" height=\"200\" srcset=\"https:\/\/www.gdapress.it\/it\/..\/public\/it\/2015\/04\/Corner@Coin-corso-Vercelli-1-300x200.jpg 300w, https:\/\/www.gdapress.it\/it\/..\/public\/it\/2015\/04\/Corner@Coin-corso-Vercelli-1-500x333.jpg 500w, https:\/\/www.gdapress.it\/it\/..\/public\/it\/2015\/04\/Corner@Coin-corso-Vercelli-1-900x600.jpg 900w\" sizes=\"auto, (max-width: 300px) 100vw, 300px\" \/><\/a><\/p>\n<p><strong>AVEDA CONTINUA LA SUA PARTNERSHIP CON IL GRUPPO COIN E INAUGURA UN NUOVO CORNER NELLO STORE COIN DI CORSO VERCELLI A MILANO<\/strong><\/p>\n<p>Dopo l\u2019apertura del corner in Excelsior Milano, Coin Napoli e Coin Excelsior Roma, \u00e8 la volta di <strong>Coin Milano. <\/strong>Aveda sceglie lo spazio di <strong>Corso Vercelli, <\/strong>una delle vie pi\u00f9 eleganti e ricercate di Milano, per presentarsi ad una nuova clientela e incrementare la sua visibilit\u00e0.<\/p>\n<p>Lo store si sviluppa su 5 piani e offre proposte interessanti per l\u2019abbigliamento uomo, donna, bambino, accessori, e per l\u2019arredo casa, oltre ad una vasta selezione di cosmesi e prodotti di bellezza che permettono di vivere un\u2019esperienza di shopping completa e ricercata.<\/p>\n<p>Il piano terra accoglie sulla parte di destra un\u2019intera area dedicata al mondo della bellezza dove la cliente pu\u00f2 perdersi tra mille fragranze e un\u2019ampia scelta di prodotti skincare, bodycare e makeup. Al fianco di questa offerta beauty, emerge un nuovo corner firmato Aveda dove natura e cosmesi si incontrano per offrire alla cliente una nuova esperienza sensoriale e di benessere assoluto.<\/p>\n<p><strong>DESIGN<\/strong><\/p>\n<p>Il corner si sviluppa su 18mq ed \u00e8 stato realizzato secondo i valori della filosofia Aveda. Lo spazio, i materiali scelti trasmettono appieno il messaggio del brand a favore del rispetto dell\u2019ambiente che ci circonda.<\/p>\n<p>Ad accogliere l\u2019ospite c\u2019\u00e8 <strong>Mr. Chakra <\/strong>il simbolo dell\u2019approccio olistico di Aveda al mondo haircare e skincare. Realizzato a mano in India, patria dell\u2019Ayurveda, illustra i principi dell\u2019ayurveda grazie all\u2019esposizione dei 7 Chakras e guida la consumatrice nella scelta del suo chakra preferito per scoprire la bellezza dell\u2019equilibrio interiore.<\/p>\n<p>&nbsp;<\/p>\n<p>La scelta dei <strong>mobili <\/strong>che arredano lo spazio rispecchia pienamente l\u2019impegno che Aveda dimostra continuamente a tutela dell\u2019ambiente. Sono <strong>realizzati in Sugar Deco Palm, <\/strong>corteccia di palme da zucchero, proveniente da piantagioni in fase di bonifica al termine del ciclo produttivo dei frutti. In questo modo viene ridotto l\u2019impatti ambientale perch\u00e9 le palme ottengono una \u201cseconda vita\u201d come materiale da costruzione alternativo e dall\u2019aspetto esotico.<\/p>\n<p>Aveda per attirare l\u2019attenzione della nuova consumatrice sempre pi\u00f9 selettiva e ricercata offre la possibilit\u00e0 di vivere un\u2019esperienza olistica indimenticabile. Al centro dello spazio \u00e8 posizionato il \u201cCommunity <strong><em>Table\u201d, <\/em><\/strong>un vero e proprio punto di relax dove un team altamente qualificato propone i <strong><em>rituals Aveda: <\/em><\/strong>un Aveda Comforting Tea a base di menta piperita e liquirizia di origine biologica certificata per riequilibrare la mente, un un Sensory test con l\u2019esclusiva collezione di aromi Pure-FumeTM, un mini massaggio alla testa e alle spalle per rilassare il corpo e alleviare le tensioni del giorno e una consulenza personalizzata per la cura dei capelli e della pelle. Inoltre, per chi lo desidera, \u00e8 possibile farsi fare un massaggio alle mani o un ritocco make-up.<\/p>\n<p>Per valorizzare il servizio offerto da Aveda all\u2019interno di Coin, un hairstylist del salone Aveda Artesano di via San Michele del Carso sar\u00e0 a completa disposizione tutti i giorni in una determinata fascia oraria per realizzare acconciature express e fornire consigli di styling.<\/p>\n<p>\u201cCoin \u00e8 il nostro partner per il Retail e il corner per noi rappresenta una vetrina importante che ci permette di incrementare visibilit\u00e0 per avere successo nei nostri saloni. Abbiamo scelto corso Vercelli perch\u00e9 \u00e8 una zona che ha una clientela che si sposa con il nostro target e il nostro lifestyle\u201d afferma Gerardo Lionetti, Brand General Manager Aveda Italia.<\/p>\n<p><strong>Per informazioni: <\/strong>numero verde Aveda 800.301177 o visitate il sito www.aveda.it<\/p>\n<p>&nbsp;<\/p>\n","protected":false},"excerpt":{"rendered":"<p>\u00a0\u00a0 AVEDA CONTINUA LA SUA PARTNERSHIP CON IL GRUPPO COIN E INAUGURA UN NUOVO CORNER NELLO STORE COIN DI CORSO VERCELLI A MILANO Dopo l\u2019apertura del corner in Excelsior Milano, Coin Napoli e Coin Excelsior Roma, \u00e8 la volta di Coin Milano. Aveda sceglie lo spazio di Corso Vercelli, una delle vie pi\u00f9 eleganti e &hellip; <a href=\"https:\/\/www.gdapress.it\/it\/index.php\/50945\/benessere\/aveda-corner-store-coin-corso-vercelli-milano.html\" class=\"more-link\">Read more <span class=\"screen-reader-text\">AVEDA CORNER STORE COIN CORSO VERCELLI MILANO<\/span><\/a><\/p>\n","protected":false},"author":3,"featured_media":0,"comment_status":"closed","ping_status":"open","sticky":false,"template":"","format":"standard","meta":{"footnotes":""},"categories":[729],"tags":[10643,15396,6451,2026,17,1526,1020],"class_list":["post-50945","post","type-post","status-publish","format-standard","hentry","category-benessere","tag-aveda","tag-coin","tag-corner","tag-corso","tag-milano","tag-store","tag-vercelli"],"_links":{"self":[{"href":"https:\/\/www.gdapress.it\/it\/index.php\/wp-json\/wp\/v2\/posts\/50945","targetHints":{"allow":["GET"]}}],"collection":[{"href":"https:\/\/www.gdapress.it\/it\/index.php\/wp-json\/wp\/v2\/posts"}],"about":[{"href":"https:\/\/www.gdapress.it\/it\/index.php\/wp-json\/wp\/v2\/types\/post"}],"author":[{"embeddable":true,"href":"https:\/\/www.gdapress.it\/it\/index.php\/wp-json\/wp\/v2\/users\/3"}],"replies":[{"embeddable":true,"href":"https:\/\/www.gdapress.it\/it\/index.php\/wp-json\/wp\/v2\/comments?post=50945"}],"version-history":[{"count":1,"href":"https:\/\/www.gdapress.it\/it\/index.php\/wp-json\/wp\/v2\/posts\/50945\/revisions"}],"predecessor-version":[{"id":50949,"href":"https:\/\/www.gdapress.it\/it\/index.php\/wp-json\/wp\/v2\/posts\/50945\/revisions\/50949"}],"wp:attachment":[{"href":"https:\/\/www.gdapress.it\/it\/index.php\/wp-json\/wp\/v2\/media?parent=50945"}],"wp:term":[{"taxonomy":"category","embeddable":true,"href":"https:\/\/www.gdapress.it\/it\/index.php\/wp-json\/wp\/v2\/categories?post=50945"},{"taxonomy":"post_tag","embeddable":true,"href":"https:\/\/www.gdapress.it\/it\/index.php\/wp-json\/wp\/v2\/tags?post=50945"}],"curies":[{"name":"wp","href":"https:\/\/api.w.org\/{rel}","templated":true}]}}