
{"id":50895,"date":"2015-04-24T09:52:29","date_gmt":"2015-04-24T07:52:29","guid":{"rendered":"http:\/\/www.gdapress.it\/it\/?p=50895"},"modified":"2015-04-24T09:52:29","modified_gmt":"2015-04-24T07:52:29","slug":"dal-fashion-al-design-lo-ied-protagonista-per-la-sua-expo","status":"publish","type":"post","link":"https:\/\/www.gdapress.it\/it\/index.php\/50895\/expo-2015-2\/dal-fashion-al-design-lo-ied-protagonista-per-la-sua-expo.html","title":{"rendered":"Dal fashion al design, lo IED protagonista per la \u2018sua\u2019 EXPO"},"content":{"rendered":"<div>\n<p class=\"ecxMsoNormal\" align=\"center\">\n<p class=\"ecxMsoNormal\"><b>Oltre dieci iniziative<\/b> dedicate, pi\u00f9 di <b>6000 studenti e professionisti coinvolti<\/b> e <b>400 aziende e istituzioni<\/b> a sostegno. Con questi numeri l\u2019Istituto Europeo di Design partecipa, con azioni mirate sul territorio di ogni sede, all\u2019evento internazionale che metter\u00e0 sotto i riflettori del mondo l\u2019eccellenza italiana.<\/p>\n<p class=\"ecxMsoNormal\">Dal mese di aprile fino al 31 ottobre, infatti, si articoleranno, su tutto il territorio nazionale e all\u2019interno dei Padiglioni Expo, <b>diverse iniziative a firma IED che interpretano <\/b>il tema<b> \u201cNutrire il Pianeta, Energia per la Vita\u201d<\/b> attraverso le aree di formazione dell\u2019Istituto: <b>Moda, Design, Comunicazione visiva e Management<\/b>.<\/p>\n<p class=\"ecxMsoNormal\">\n<p class=\"ecxMsoNormal\">\u201c<i>IED \u00e8 un sistema formativo in continua evoluzione con una mission ben precisa: forgiare i giovani creativi di domani, offrendo loro la possibilit\u00e0 concreta di entrare nel mondo del lavoro e realizzarsi, personalmente e professionalmente. <\/i>&#8211; dichiara <b>Maurizio Cortese<\/b>, Direttore Generale del Gruppo IED &#8211; <i>Orientato al panorama internazionale, ma con un DNA Made in Italy, IED<\/i><i> \u00e8 oggi l\u2019unica eccellenza del settore a capitale e management interamente italiano. <\/i><i>Da sempre, inoltre, adottiamo una metodologia del \u201csaper fare\u201d, grazie alla quale \u00e8 possibile abbracciare, sin da subito, la professione del designer avvalendosi del confronto diretto con professionisti del settore e, soprattutto, con il contesto socio-culurale della citt\u00e0 che abitiamo. La filosofia IED sposa<\/i><i> cos\u00ec il concetto di bottega rinascimentale, intesa come laboratorio artigianale della tradizione, per far s\u00ec che i giovani prendano coscienza della realt\u00e0 e della passione per le professioni cui si sono indirizzati.<\/i>\u201d<\/p>\n<p class=\"ecxMsoNormal\">\n<p class=\"ecxMsoNormal\">In questo senso, quella di IED, non sar\u00e0 una semplice presenza passiva durante il periodo di Expo, ma un insieme di attivit\u00e0 dinamiche che mirano a <b>generare cultura e stimolare la creativit\u00e0 e il confronto<\/b> fra studenti, professionisti, realt\u00e0 imprenditoriali e le urgenti esigenze del contesto socio-ambientale. Come la collaborazione con il <b>Politecnico di Milano<\/b> per organizzare il pi\u00f9 importante meeting di<b> Cumulus<\/b> (associazione internazionale di Universit\u00e0 e College di Arte, Moda e Design) in Italia, o la realizzazione di <b>capsule collection con tessuti eco-friendly<\/b> (fra cui l\u2019EKOCYCLE di The Coca Cola Company) per concorrere alla possibilit\u00e0 di esporre la propria creazione all\u2019interno dello <b>spazio Expo di Coca Cola<\/b>. O, ancora, l\u2019ideazione di un <b>Festival della Crescita<\/b> patrocinato da Regione Lombardia e messo in atto con la collaborazione di numerosi enti fra cui Coldiretti, Confindustria, Federalimentare.<\/p>\n<p class=\"ecxMsoNormal\"><i>\u201c\u00c8 stato naturale dedicare a Expo un piano di attivit\u00e0 che potesse dare l\u2019opportunit\u00e0 ai nostri studenti di partecipare, con il loro talento e il loro \u2018saper fare\u2019, al fermento e al flusso di scambio culturale che gravita intorno all\u2019esposizione universale che avr\u00e0 sede nel nostro Paese. <\/i>&#8211; prosegue <b>Cortese <\/b>&#8211; <i>Abbiamo trovato il sostegno di istituzioni e aziende autorevoli, con cui abbiamo reso concrete le nostre idee creando un\u2019ampia proposta che anticipa e copre l\u2019intero periodo di Expo. Un\u2019opportunit\u00e0, inoltre, per i tantissimi giovani che arriveranno da ogni parte del mondo per scoprire la nostra realt\u00e0, attraverso l\u2019incredibile creativit\u00e0 dei nostri studenti e l\u2019eccellenza del nostro corpo docenti che insieme lavorano e lavoreranno a IED for Expo 2015\u201d.<\/i><\/p>\n<p class=\"ecxMsoNormal\">\n<p class=\"ecxMsoNormal\">\n<p class=\"ecxMsoNormal\">Il <i>Saper fare<\/i> di IED, ancora una volta, si dimostra elemento distintivo e vincente attraverso un progetto concreto e molto articolato in tutti gli aspetti della creativit\u00e0 e della comunicazione, che sa interpretare e veicolare nel tessuto sociale i valori di un evento dal respiro internazionale. Perch\u00e9 \u2018IED for Expo Milano 2015\u2019 significa partecipazione attiva, ma rappresenta anche un veicolo di informazione, una cassa di risonanza che genera cultura sui temi portanti di Expo. Se tutto questo \u00e8 possibile \u00e8 grazie alla rete di incontri, di esperienze, di persone e di professionisti davvero unica che distingue da sempre la realt\u00e0 dell\u2019Istituto Europeo di Design. Fra gli studenti, infatti, si sviluppa, fin dal primo anno di frequenza, un senso di appartenenza e si crea una community unita dal desiderio di innovazione e di condivisione di risorse, idee e contatti<i>dentro e fuori<\/i> IED.<\/p>\n<p class=\"ecxMsoNormal\">\n<p class=\"ecxMsoNormal\">\u00a0\u201c<i>Abbiamo pensato e andremo a realizzare progetti e iniziative che mettono al centro il Talento e le Competenze dei nostri giovani studenti, cos\u00ec vogliamo rappresentare il nostro Made in Italy nella platea mondiale di Exp\u00f2, con la passione e l\u2019energia del nostro network proponendo momenti di approfondimento, incontro e conoscenza<\/i>. \u2013 afferma <b>Salvatore Amura,<\/b> Responsabile delle Relazioni Istituzionali IED e Coordinatore dei progetti per Expo Milano 2015 del Network &#8211; <i>Ci rivolgeremo alla platea mondiale che attraverser\u00e0 Milano nei prossimi mesi con le nostre parole chiave innovazione, ricerca e con grande spirito positivo<\/i>\u201d.<\/p>\n<\/div>\n<p>&nbsp;<\/p>\n","protected":false},"excerpt":{"rendered":"<p>Oltre dieci iniziative dedicate, pi\u00f9 di 6000 studenti e professionisti coinvolti e 400 aziende e istituzioni a sostegno. Con questi numeri l\u2019Istituto Europeo di Design partecipa, con azioni mirate sul territorio di ogni sede, all\u2019evento internazionale che metter\u00e0 sotto i riflettori del mondo l\u2019eccellenza italiana. Dal mese di aprile fino al 31 ottobre, infatti, si &hellip; <a href=\"https:\/\/www.gdapress.it\/it\/index.php\/50895\/expo-2015-2\/dal-fashion-al-design-lo-ied-protagonista-per-la-sua-expo.html\" class=\"more-link\">Read more <span class=\"screen-reader-text\">Dal fashion al design, lo IED protagonista per la \u2018sua\u2019 EXPO<\/span><\/a><\/p>\n","protected":false},"author":3,"featured_media":0,"comment_status":"closed","ping_status":"open","sticky":false,"template":"","format":"standard","meta":{"footnotes":""},"categories":[12170],"tags":[17456,1775,691,2397],"class_list":["post-50895","post","type-post","status-publish","format-standard","hentry","category-expo-2015-2","tag-design","tag-expo","tag-fashion","tag-ied"],"_links":{"self":[{"href":"https:\/\/www.gdapress.it\/it\/index.php\/wp-json\/wp\/v2\/posts\/50895","targetHints":{"allow":["GET"]}}],"collection":[{"href":"https:\/\/www.gdapress.it\/it\/index.php\/wp-json\/wp\/v2\/posts"}],"about":[{"href":"https:\/\/www.gdapress.it\/it\/index.php\/wp-json\/wp\/v2\/types\/post"}],"author":[{"embeddable":true,"href":"https:\/\/www.gdapress.it\/it\/index.php\/wp-json\/wp\/v2\/users\/3"}],"replies":[{"embeddable":true,"href":"https:\/\/www.gdapress.it\/it\/index.php\/wp-json\/wp\/v2\/comments?post=50895"}],"version-history":[{"count":1,"href":"https:\/\/www.gdapress.it\/it\/index.php\/wp-json\/wp\/v2\/posts\/50895\/revisions"}],"predecessor-version":[{"id":50896,"href":"https:\/\/www.gdapress.it\/it\/index.php\/wp-json\/wp\/v2\/posts\/50895\/revisions\/50896"}],"wp:attachment":[{"href":"https:\/\/www.gdapress.it\/it\/index.php\/wp-json\/wp\/v2\/media?parent=50895"}],"wp:term":[{"taxonomy":"category","embeddable":true,"href":"https:\/\/www.gdapress.it\/it\/index.php\/wp-json\/wp\/v2\/categories?post=50895"},{"taxonomy":"post_tag","embeddable":true,"href":"https:\/\/www.gdapress.it\/it\/index.php\/wp-json\/wp\/v2\/tags?post=50895"}],"curies":[{"name":"wp","href":"https:\/\/api.w.org\/{rel}","templated":true}]}}