
{"id":50833,"date":"2015-04-20T12:40:27","date_gmt":"2015-04-20T10:40:27","guid":{"rendered":"http:\/\/www.gdapress.it\/it\/?p=50833"},"modified":"2015-04-20T12:42:43","modified_gmt":"2015-04-20T10:42:43","slug":"expo-2015-circuito-citta-darte","status":"publish","type":"post","link":"https:\/\/www.gdapress.it\/it\/index.php\/50833\/expo-2015-2\/expo-2015-circuito-citta-darte.html","title":{"rendered":"Expo 2015 CIRCUITO CITTA&#8217; D&#8217;ARTE"},"content":{"rendered":"<p><strong>Expo 2015, pronti ad assaggiare il meglio delle citt\u00e0 d&#8217;arte della pianura padana. <\/strong><\/p>\n<p><strong>Iniziative ed eventi in primo piano che danno ancora pi\u00f9 sapore a un soggiorno meneghino.<\/strong><\/p>\n<p>Siamo ormai alle porte di Expo 2015 di Milano e le citt\u00e0 d\u2019arte del Circuito sono pronte per viverlo e condividerlo al meglio. Grazie alla vicinanza con il capoluogo lombardo sono tante le occasioni che permettono di visitare una o pi\u00f9 delle citt\u00e0 d\u2019arte della pianura padana, anche in poco tempo. Facilmente collegabili con la rete ferroviaria e autostradale le citt\u00e0 del Circuito sono una meta ideale per gli ospiti di Expo 2015 che potranno aggiungere un momento di piacere in pi\u00f9 al loro soggiorno meneghino.<\/p>\n<p>Da sempre legate ai valori del territorio e alle tradizioni culinarie, queste 11 citt\u00e0 offrono al mondo oggi un ricco men\u00f9 di esperienze che seguono il tema &#8220;Nutrire il pianeta, energia per la vita&#8221;. Tanti appuntamenti speciali al centro della propria vita artistica e culturale vi aspettano da maggio a ottobre: degustazioni, visite guidate, conferenze, dibattiti, laboratori, mostre, spettacoli.<\/p>\n<p>Iniziamo con <strong>Monza<\/strong>, che porta Expo alle Serre di Villa Reale. La quarta edizione del <strong>Festival degli Orti <\/strong>(www.festivaldegliorti.it) sar\u00e0 dedicata al tema \u201cA tavola nell\u2019orto\u201d, a rinsaldare lo stretto legame tra agricoltura, nutrizione e produzione alimentare sostenibile. All\u2019interno del festival, che si terr\u00e0 dal 13 al 24 maggio ci saranno diverse sezioni, per approfondire pi\u00f9 temi: Green speech, Food design e Polo del gusto ospiteranno eventi per tutti, dagli esperti del settore ai principianti, dagli adulti ai bambini.<\/p>\n<p>Proseguiamo con<strong> Lodi<\/strong>, che stupir\u00e0 i suoi ospiti con la <strong>Cattedrale Vegetale<\/strong> e li coinvolger\u00e0 con le iniziative del progetto <strong>Demo Field<\/strong> del Parco Tecnologico Padano.<\/p>\n<p>La Cattedrale Vegetale sar\u00e0 una suggestiva installazione creata con il Comune della citt\u00e0 e la famiglia di Giuliano Mauri, noto artista contemporaneo scomparso nel 2009.<\/p>\n<p>L&#8217;opera si presenter\u00e0 come una \u201cvera\u201d cattedrale realizzata con rami conficcati nel terreno che formeranno delle campate \u201ccome una cattedrale\u00a0 gotica\u201d per poter sacralizzare una zona della citt\u00e0 con la sua presenza. Il progetto Demo Field prevede invece la realizzazione di una stazione dimostrativa sul tema \u201cagricoltura del futuro\u201d, uno spazio dove verranno simulate le condizioni produttive di alcune delle principali colture alimentari &#8211; mais, riso, soia, sorgo &#8211; in diversi contesti agronomici.<\/p>\n<p>Nella stazione dimostrativa sar\u00e0 costruita una collinetta artificiale per mostrare tecniche di coltura e irrigazione su terreni irregolari e marginali, dove saranno allestite parcelle sperimentali con pannelli esplicativi fissi. I sistemi saranno integrati con tecnologie informatiche di sensoristica e mobile communication necessarie oggi per rendere attrattiva l\u2019attivit\u00e0 agricola per le giovani generazioni.<\/p>\n<p><strong>Reggio Emilia <\/strong>punta sull&#8217;accoglienza e sulla creazione di un brand <strong>We a RE (www.reggioexpo2015.it)<\/strong>, capace di promuovere per tutti i sei mesi le eccellenze gastronomiche, la cultura del territorio e numerosissime attivit\u00e0 ed esperienze.\u00a0Cittadini e visitatori potranno informarsi e approfondire i temi di \u201cReggio Emilia per Expo 2015\u201d utilizzando alcuni spazi allestiti ad hoc e destinati a diventare anche vetrina del sistema territoriale reggiano, che qui trover\u00e0 visibilit\u00e0 per tutta la durata dell&#8217;evento espositivo milanese.<\/p>\n<p>Fino al 31 ottobre a Palazzo Casotti sar\u00e0 allestito uno IAT \u2013 Infopoint, punto di riferimento per chi vorr\u00e0 informazioni sul programma di Reggio per Expo, sulla citt\u00e0 e sul territorio. Il Palazzo ospiter\u00e0 inoltre eventi e iniziative dedicate all\u2019agricoltura solidale e alla biodiversit\u00e0, ma anche proposte culturali, educative e promozionali, oltre ad offrire uno spazio per ospitare delegazioni e utile per allestire esposizioni.<\/p>\n<p>Da maggio a ottobre 2015 sar\u00e0 possibile scoprire poi luoghi della citt\u00e0 dove poter fare esperienza diretta delle eccellenze nel campo della ricerca, della cultura, dell\u2019ospitalit\u00e0 e dell\u2019enogastronomia. Dal <strong>Tecnopolo<\/strong>, centro per la ricerca industriale e il trasferimento tecnologico alla <strong>Fonderia 39<\/strong>, sede della Fondazione Nazionale della Danza Compagnia Aterballetto, nata dal pregevole recupero architettonico di una storica fonderia. E poi ancora il <a href=\"http:\/\/www.reggioexpo2015.it\/it\/i-luoghi-di-reggio-emilia-per-expo2015\/palazzo-dei-musei\"><strong>Palazzo dei Muse<\/strong>i<\/a>, uno spazio aperto che si confronta e dialoga con la contemporaneit\u00e0, un luogo in cui la memoria collettiva interagisce con il presente e genera futuro. Luoghi d&#8217;eccellenza ma anche percorsi formativi creati ad hoc con prestigiosi enti come il <strong>master internazionale in \u201cFood Innovation\u201d<\/strong> organizzato da Unimore, Universit\u00e0 degli studi di Modena e Reggio Emilia, dall&#8217;Institute For The Future di Palo Alto (Usa) e dal Future Food Institute di Bologna in collaborazione con REI e Musei Civici. (www.foodinnovationprogram.org). Un&#8217;esperienza dove saranno creati prototipi innovativi di prodotti o servizi in cui gli studenti, sovvertendo i paradigmi correnti, potranno contribuire all\u2019innovazione sulla base di sfide lanciate dalle aziende partner.<\/p>\n<p>Dai teatri a prestigiosi appuntamenti con la fotografia, dalle mostre racconto della storia ai laboratori, alle degustazioni. Pi\u00f9 di 350 eventi in citt\u00e0 e provincia, tutto all&#8217;insegna dei valori e dei sapori di Expo 2015.<\/p>\n<p>Anche <strong>Bergamo <\/strong>si rinnova per l&#8217;occasione. Ecco la <strong>Domus Bergamo<\/strong>, costruita nel cuore della Citt\u00e0 bassa, in piazza Dante, che fino ad ottobre sar\u00e0 punto di riferimento per gli eventi della citt\u00e0 ed il collegamento con Expo e Fuori Expo Milano. La Domus ospiter\u00e0 la manifestazione <strong>Bergamo Wine 2015<\/strong> con degustazioni guidate, laboratori del gusto e show cooking. Fiore all&#8217;occhiello sar\u00f2 lo spazio degustazione didattica e interattiva, dove vivranno 100 differenti vitigni autoctoni italiani in esposizione permanente, <strong>(<\/strong><a href=\"http:\/\/www.alta-qualita.it\/\"><strong>www.alta-qualita.it<\/strong><\/a><strong>).<\/strong> Da non perdere poi <strong>l&#8217;Orto Botanico<\/strong> sezione Astino, pi\u00f9 di 1.000 variet\u00e0 di piante utilizzate dall\u2019Uomo appartenenti a oltre 300 specie, un&#8217;occasione preziosa per conoscere l&#8217;agrobiodiversit\u00e0 e la biodiversit\u00e0 in ambito agricolo e forestale. Un percorso che vuole rispondere a una domanda di valore contemporaneo: di quali piante si nutre oggi l\u2019uomo sul pianeta? <strong>(<\/strong><a href=\"http:\/\/www.ortobotanicodibergamo.it\/\"><strong>www.ortobotanicodibergamo.it<\/strong><\/a><strong>)<\/strong><\/p>\n<p><strong>Parma<\/strong> accoglier\u00e0 i suoi ospiti a <strong>Palazzo della Pilotta<\/strong> \u2013 Voltoni del Guazzatoio. Li aspetta un nuovo punto di accoglienza per informazioni turistiche, un book shop e degustazioni dei prodotti tipici dei Consorzi di tutela in concomitanza. In <strong>piazza della Pace<\/strong>, fra i due trottatoi, per iniziativa di Comune di Parma e Azienda Agricola Sperimentale Stuard, saranno posate una decina di grandi cassette ripiene di terra seminata con grano, orzo e altri cereali, che cresceranno di mese in mese, fino alla mietitura prevista in luglio.\u00a0Un appuntamento per far conoscere e per far crescere una delle tante eccellenze del territorio, la produzione cerealicola di alta qualit\u00e0 che non si trova nelle coltivazioni intensive.<\/p>\n<p><strong>Brescia <\/strong>lancia <strong>BREND, Brescia Nuove Direzioni<\/strong>, un nuovo grande spazio urbano nel centro storico della citt\u00e0, recuperato nel <strong>Palazzo Martinengo Colleoni di Malpaga, <\/strong>gi\u00e0 sede del Tribunale<strong>. <\/strong>Nel solenne palazzo, eretto nei primi anni del XVIII secolo, sar\u00e0 attiva una \u00abmacchina per esposizioni\u00bb da sperimentare in occasione di EXPO2015 (<a href=\"http:\/\/www.expo.bs.it\/it\/\"><strong>www.expo.bs.it<\/strong><\/a>)<strong>.<\/strong> Un totale di 8.000 mq di spazi espositivi porteranno ospiti e visitatori a vivere un&#8217;esperienza coinvolgente tra arte, storia e sperimentazioni. Il progetto prevede differenti aree tematiche: dall&#8217;esposizione delle \u00abeccellenze\u00bb bresciane alla valorizzazione della cultura di impresa del territorio, delle storie di uomini e donne che hanno costruito uno dei principali poli industriali, alle mostre di giovani artisti contemporanei. Lo spazio nasce in stretta correlazione con PADIGLIONE ITALIA EXPO2015, e rappresenta uno dei tre asset principali dell\u2019operazione integrata SISTEMA BRESCIA X EXPO2015, insieme all\u2019Albero della Vita e alle Giornate di Protagonismo di Brescia in Padiglione Italia. \u00c8 la cabina di regia del Fuori Expo.<\/p>\n<p>In occasione di EXPO Brescia inaugura inoltre <strong>&#8220;Roma e le genti del Po. Un incontro di culture. III-I secolo a.C.\u201d<\/strong>, una grande esposizione archeologica, con quasi 500 reperti, concessi da decine di musei e istituzioni italiane &#8211; molti mai prima esposti &#8211; per un percorso di ben 1500 metri quadri. Un percorso lungo tre secoli, allestito nel Parco Archeologico intorno al celebre <strong>Capitolium<\/strong>, nel cuore della moderna citt\u00e0, che sveler\u00e0 due ulteriori gemme recuperate per l\u2019inaugurazione: la <strong>Quarta Aula del tempio Repubblicano<\/strong>, eretto nel I sec. a.C. con i raffinati affreschi parietali appena restaurati, e il grande <strong>Teatro Romano<\/strong> di Et\u00e0 Imperiale. (<strong>www.fondazionebresciamusei.it<\/strong>).<\/p>\n<p><strong>Modena <\/strong>far\u00e0 parlare di s\u00e9 e delle sue eccellenze con un ricco palinsesto di eventi. Saranno tanti gli appuntamenti che coinvolgeranno chef stellati, artisti, musicisti, intellettuali, scrittori, giornalisti del panorama locale, nazionale e internazionale. Show cooking, master class, concerti, spettacoli teatrali e animazioni per famiglie e bambini, tutto ispirato al tema del cibo e all&#8217;insegna dell&#8217;intrattenimento in un luogo d&#8217;eccezione.<\/p>\n<p>La sede scelta per gli eventi \u00e8 infatti la <strong>Palazzina Vigarani<\/strong> edificio seicentesco, luogo suggestivo per mostre monografiche e retrospettive,\u2028dal 1983\u00a0 prestigiosa e ormai internazionalmente riconosciuta sede espositiva.<\/p>\n<p><strong>Piacenza <\/strong>per tutto il periodo di Expo regaler\u00e0 ai suoi ospiti un&#8217;esperienza davvero unica, <strong>&#8220;Piacenza in quota&#8221;.<\/strong> \u00c8 prevista infatti una visita panoramica della citt\u00e0 con percorso in quota alla base del cono del campanile della Cattedrale, veduta panoramica dalla terrazza dell&#8217;Osservatorio Astronomico del Collegio Alberoni e percorso virtuale degli affreschi della cupola di Santa Maria di Campagna. Le iniziative propongono una visita speciale delle due principali basiliche cittadine, attraverso un percorso inedito con la prospettiva dall&#8217;alto. <strong>(www.comune.piacenza.it).<\/strong> Sempre a Piacenza un&#8217;interessante mostra dal titolo <strong>Semi di carta: cultura agraria ed enogastronomia tra otto e novecento, <\/strong>un percorso letterario negli spazi della Biblioteca con materiale storico-bibliog\u200brafico di grande valore per la conoscenza e la ricostruzione della memoria del territorio. Particolare attenzione \u00e8 data all&#8217;agricoltura piacentina e al suo sviluppo nel periodo a cavallo del Novecento. <strong>(www.passerinilandi.biblioteche.piacenza.it)<\/strong>. Dal 2 al 4 ottobre Piacenza diventer\u00e0 poi <strong>Capitale del pomodoro \u2013 oro rosso: festival del pomodoro, <\/strong>un&#8217;iniziativa dedicata alla valorizzazione del pomodoro da salsa e dei suoi derivati e al suo legame con la storia e le tradizioni locali. Un originale evento nel centro storico della citt\u00e0 tra musica, spettacoli, appuntamenti culturali e commerciali. <strong>(www.comune.piacenza.it)<\/strong><\/p>\n<p><strong>Cremona<\/strong>, citt\u00e0 della liuteria e della musica, propone nel mese di maggio i concerti di altissimo livello inseriti del <strong>Festival Monteverdi<\/strong>, che prevede per la sua conclusione una crociera fluviale musicale con tappe a Mantova e Venezia. (<a href=\"http:\/\/www.teatroponchielli.it\/stagioni\/festival-claudio-monteverdi\/\">www.teatroponchielli.it\/stagioni\/festival-claudio-monteverdi\/<\/a>). Senza soluzione di continuit\u00e0, la citt\u00e0 risuona quindi con il <strong>Festival delle Orchestre Amatoriali Europee<\/strong> (4-7 giugno) (<a href=\"http:\/\/www.eofed.org\/\">www.eofed.org<\/a>),\u00a0con il <strong>Festival Acquedotte<\/strong> (5 giugno-22 agosto) che lega Cremona a Sal\u00f2, sul lago di Garda, quindi con il <strong>Cremona Summer Festival<\/strong> che nei mesi di luglio e agosto richiama musicisti da tutto il mondo (<a href=\"http:\/\/www.cr.camcom.it\/\">www.cr.camcom.it<\/a>).\u2028Dal 4 settembre all\u201911 ottobre si tengono quindi le &#8220;olimpiadi&#8221; della liuteria con il <strong>Concorso Triennale Internazionale<\/strong> presso il Museo del Violino e lo <strong>Stradivari Festival<\/strong>, quindi <strong>Cremona Mondomusica<\/strong> (5-27 settembre) un appuntamento internazionale nel mondo degli strumenti musicali.\u2028Ma Cremona non \u00e8 solo musica e liuteria: <strong>Cremona Food Valley<\/strong> \u00e8 la proposta di alta formazione nel settore agricolo, zootecnico ed alimentare (<a href=\"http:\/\/www.cremonafoodvalley.com\/\">www.cremonafoodvalley.com<\/a>), cos\u00ec come \u201c<strong>I magnifici intrecci, la forza di Sansone<\/strong>\u201d (fino al 30 agosto) <a href=\"http:\/\/www.magnificiintreccicremona.it\/\">www.magnificiintreccicremona.it<\/a> e \u201c<strong>Il viaggio nel Lombardo-Veneto dell\u2019Imperatore Ferdinando I<\/strong>&#8221; (20 giugno-30 settembre) (<a href=\"http:\/\/musei.comune.cremona.it\/\">www.musei.comune.cremona.it\/<\/a>) sono due mostre uniche che mostrano il ruolo di primo piano della citt\u00e0 in campo culturale nei secoli passati. L&#8217;<strong>Arcimboldo sonoro <\/strong>(da settembre) \u00e8 l&#8217;installazione con la quale si festegger\u00e0 il ritorno presso la pinacoteca cittadina dell&#8217;Ortolano dell&#8217;Arcimboldo che per alcuni mesi ha accolto i visitatori presso il Padiglione Italia di Expo, quale ispiratore della mascotte Foody. Il 24 e 25 ottobre ci saranno un&#8217;anticipazione della <strong>Festa del Torrone,<\/strong> una dolce kermesse che richiama visitatori da tutta Italia e un&#8217;anteprima della mostra <strong>Linus: i 50 anni della rivista<\/strong> (<a href=\"http:\/\/www.cfapaz.org\/\">www.cfapaz.org<\/a>).<\/p>\n<p>Infine<strong> \u201cLe parole di Expo\u201d<\/strong>, titolo di una serie di conferenze che <strong>Pavia<\/strong> dedica all\u2019evento internazionale. Tra maggio e ottobre a Palazzo Vistarino si parler\u00e0, nell\u2019ordine, di nutrimento, vita, pianeta ed energia. Conferenze e dibattiti si alterneranno a performance teatrali, letture, musica. E\u2019 un tributo originale e un\u2019opportunit\u00e0 per mettere in risalto le eccellenze pavesi: per il tema nutrizione \u00e8 previsto un \u201cprocesso al riso\u201d, seguito da un risotto per tutti, mentre per il tema energia si parler\u00e0 di Alessandro Volta e del Museo della tecnica elettrica dell\u2019Universit\u00e0 di Pavia.<\/p>\n<p>Questi sono solo alcuni del molti appuntamenti previsti per Expo 2015. Il Circuito Citt\u00e0 d&#8217;arte della pianura padana ha creato un calendario congiunto degli eventi che si terranno nelle 10 citt\u00e0 da maggio a ottobre.<\/p>\n<p><strong>Il calendario \u00e8 scaricabile dal sito: <em>www.circuitocittadarte.it<\/em><\/strong><\/p>\n<p><strong>Il sito del Circuito Citt\u00e0 d\u2019Arte \u00e8 ora disponibile in inglese, francese e tedesco per il pubblico internazionale che parteciper\u00e0 ad Expo 2015.<\/strong><\/p>\n<p>Il sito multilingue \u00e8 parte di un piano strategico che il Circuito persegue da tempo: aumentare la notoriet\u00e0 delle citt\u00e0 presso il pubblico internazionale. Oltre alla partecipazione alle fiere del turismo internazionali, quali Londra e Berlino, e a quelle nazionali, il Circuito in questa ottica si sta impegnano anche sul fronte del mercato cinese, con progetti al momento in fase di sviluppo<\/p>\n<p>La volont\u00e0 di presidiare l\u2019universo digitale significa anche un maggior impegno sui social media Facebook e Twitter, dove il numero dei followers \u00e8 in costante aumento.<\/p>\n<p>&nbsp;<\/p>\n<p>&nbsp;<\/p>\n","protected":false},"excerpt":{"rendered":"<p>Expo 2015, pronti ad assaggiare il meglio delle citt\u00e0 d&#8217;arte della pianura padana. Iniziative ed eventi in primo piano che danno ancora pi\u00f9 sapore a un soggiorno meneghino. Siamo ormai alle porte di Expo 2015 di Milano e le citt\u00e0 d\u2019arte del Circuito sono pronte per viverlo e condividerlo al meglio. Grazie alla vicinanza con &hellip; <a href=\"https:\/\/www.gdapress.it\/it\/index.php\/50833\/expo-2015-2\/expo-2015-circuito-citta-darte.html\" class=\"more-link\">Read more <span class=\"screen-reader-text\">Expo 2015 CIRCUITO CITTA&#8217; D&#8217;ARTE<\/span><\/a><\/p>\n","protected":false},"author":3,"featured_media":0,"comment_status":"closed","ping_status":"open","sticky":false,"template":"","format":"standard","meta":{"footnotes":""},"categories":[12170],"tags":[11630,622],"class_list":["post-50833","post","type-post","status-publish","format-standard","hentry","category-expo-2015-2","tag-circuito-citta-darte","tag-expo-2015"],"_links":{"self":[{"href":"https:\/\/www.gdapress.it\/it\/index.php\/wp-json\/wp\/v2\/posts\/50833","targetHints":{"allow":["GET"]}}],"collection":[{"href":"https:\/\/www.gdapress.it\/it\/index.php\/wp-json\/wp\/v2\/posts"}],"about":[{"href":"https:\/\/www.gdapress.it\/it\/index.php\/wp-json\/wp\/v2\/types\/post"}],"author":[{"embeddable":true,"href":"https:\/\/www.gdapress.it\/it\/index.php\/wp-json\/wp\/v2\/users\/3"}],"replies":[{"embeddable":true,"href":"https:\/\/www.gdapress.it\/it\/index.php\/wp-json\/wp\/v2\/comments?post=50833"}],"version-history":[{"count":3,"href":"https:\/\/www.gdapress.it\/it\/index.php\/wp-json\/wp\/v2\/posts\/50833\/revisions"}],"predecessor-version":[{"id":50836,"href":"https:\/\/www.gdapress.it\/it\/index.php\/wp-json\/wp\/v2\/posts\/50833\/revisions\/50836"}],"wp:attachment":[{"href":"https:\/\/www.gdapress.it\/it\/index.php\/wp-json\/wp\/v2\/media?parent=50833"}],"wp:term":[{"taxonomy":"category","embeddable":true,"href":"https:\/\/www.gdapress.it\/it\/index.php\/wp-json\/wp\/v2\/categories?post=50833"},{"taxonomy":"post_tag","embeddable":true,"href":"https:\/\/www.gdapress.it\/it\/index.php\/wp-json\/wp\/v2\/tags?post=50833"}],"curies":[{"name":"wp","href":"https:\/\/api.w.org\/{rel}","templated":true}]}}