
{"id":50813,"date":"2015-04-20T08:27:34","date_gmt":"2015-04-20T06:27:34","guid":{"rendered":"http:\/\/www.gdapress.it\/it\/?p=50813"},"modified":"2015-04-20T08:27:34","modified_gmt":"2015-04-20T06:27:34","slug":"photofestival-milano-2015-dire-fare-mangiare-milano","status":"publish","type":"post","link":"https:\/\/www.gdapress.it\/it\/index.php\/50813\/arte\/photofestival-milano-2015-dire-fare-mangiare-milano.html","title":{"rendered":"Photofestival Milano 2015 \u201cDire, Fare, Mangiare\u201d Milano"},"content":{"rendered":"<div>\n<p align=\"center\"><b>20 aprile &#8211; 20 giugno<\/b><\/p>\n<p align=\"center\"><b>15 settembre &#8211; 31 ottobre<\/b><b>\u00a0<\/b><\/p>\n<p><b>AL VIA LA IX EDIZIONE DI PHOTOFESTIVAL, LA GRANDE KERMESSE ANNUALE MILANESE DI MOSTRE FOTOGRAFICHE D\u2019AUTORE.<\/b><\/p>\n<p>PREVISTE<b> <\/b>DUE SESSIONI, UNA PRIMAVERILE (DAL 20 APRILE AL 20 GIUGNO) E UNA AUTUNNALE (DAL 15 SETTEMBRE AL 31 OTTOBRE) PER COPRIRE L\u2019INTERO SEMESTRE DI EXPO MILANO 2015.<\/p>\n<p>NELLA PRIMA PARTE DELLA RASSEGNA, 126 MOSTRE FOTOGRAFICHE DIFFUSE IN CITTA\u2019 E NELL\u2019AREA METROPOLITANA MILANESE ALL\u2019INTERNO DI GALLERIE D\u2019ARTE, SPAZI ISTITUZIONALI E PALAZZI STORICI.<\/p>\n<p>IN MOSTRA, AUTORI AFFERMATI E NUOVI TALENTI CON UN PROGRAMMA MOLTO VARIO, PER UNO SGUARDO SUL PASSATO, SUL PRESENTE E SUL FUTURO.<\/p>\n<p>La Fotografia \u00e8 protagonista a Milano: inaugura il <b>20 aprile PHOTOFESTIVAL 2015<\/b>, il grande circuito espositivo promosso da <b>AIF &#8211; Associazione Italiana Foto &amp; Digital Imaging<\/b> che rappresenta <b>l\u2019appuntamento annuale pi\u00f9 importante e longevo di Milano con la fotografia d\u2019autore<\/b> e ne ribadisce il ruolo di<b> capitale della fotografia italiana<\/b>.<\/p>\n<p class=\"ecxMsoNormal\">In occasione di <b>Expo Milano 2015,<\/b> <b>Photofestival<\/b> <b>raddoppia<\/b>: oltre che nel consueto periodo primaverile (<b>dal 20 aprile al 20 giugno<\/b>), la rassegna si svolger\u00e0 anche in autunno (<b>dal 15 settembre al 31 ottobre<\/b>), per coprire tutto l\u2019arco temporale dell\u2019<b>Expo <\/b>(1 maggio &#8211; 31 ottobre) e concludersi con <b>Photoshow<\/b>, la manifestazione di AIF dedicata al mondo Imaging (Milano, Superstudio Pi\u00f9, 23-25 ottobre 2015) con cui Photofestival continua a mantenere un forte legame dialettico.<\/p>\n<p>A conferma del successo legato alla portata culturale della sua offerta, <b>Photofestival 2015 <\/b>ha ottenuto l\u2019importante riconoscimento del <b>Patrocinio di Expo Milano 2015, <\/b>ed<b> <\/b>\u00e8, insieme a Photoshow, tra le iniziative selezionate dal Comune e dalla Camera di Commercio di Milano per costituire il programma di <b>Expo in Citt\u00e0 2015<\/b>, il palinsesto di eventi che animer\u00e0 la Citt\u00e0 di Milano durante il semestre dell\u2019Esposizione Universale.<\/p>\n<p class=\"ecxMsoNormal\">E proprio per essere in sintonia con i temi di <b>Expo<\/b>, il Comitato Scientifico di Photofestival ha scelto un\u00a0 sottotitolo &#8211; \u201c<b>Dire, Fare, Mangiare<\/b>\u201d &#8211; che \u00e8 servito da stimolo per gli autori che si sono voluti misurare con il tema centrale dell\u2019Expo.<\/p>\n<p class=\"ecxMsoNormal\">Oltre a fungere da <b>coordinatore delle iniziative altrui,<\/b> Photofestival propone alcune <b>mostre appositamente prodotte per l\u2019evento<\/b>, con protagonisti fotografi di valore ma anche giovani esordienti di talento.<\/p>\n<p class=\"ecxMsoNormal\">Il Festival sar\u00e0 <b>diffuso in modo capillare in tutta la citt\u00e0 e nell\u2019area metropolitana milanese<\/b>, coinvolgendo, oltre alle principali gallerie d\u2019arte e sedi espositive milanesi, alcuni importanti edifici storici di Milano tra cui<b> <\/b>i 4 <b>\u201cPalazzi della Fotografia\u201d,<\/b> inaugurati lo scorso anno: <b>Palazzo Castiglioni <\/b>e <b>Palazzo Bovara<\/b> nella sessione primaverile, <b>Palazzo Turati <\/b>e<b>Palazzo Giureconsulti <\/b>nella sessione autunnale.<\/p>\n<p class=\"ecxMsoNormal\">Coordinato da un <b>Comitato Scientifico<\/b> composto da <b>Roberto Mutti<\/b> e <b>Giovanni Pelloso<\/b>, <b>Photofestival 2015<\/b> pu\u00f2 contare, come sempre, sul sostegno di <b>AIF, <\/b>sulla generosa collaborazione di <b>Unione Confcommercio Milano<\/b> e<b>Camera di Commercio di Milano<\/b> che in questi anni hanno supportato la manifestazione, consentendo di svilupparla, oltre che sul supporto di <b><i>Gruppo Cimbali<\/i> <\/b>e dei Media Partner <b>Aifotoweb.it<\/b> e <b>Photographers.it<\/b>.<\/p>\n<p class=\"ecxMsoNormal\"><b>I NUMERI DELLA RASSEGNA PRIMAVERILE (20 APRILE &#8211; 20 GIUGNO 2015)<\/b><\/p>\n<p class=\"ecxMsoNormal\"><b>126 MOSTRE FOTOGRAFICHE<\/b>, quasi tutte a ingresso gratuito, con un programma espositivo molto vario, che spazia dal reportage alla ricerca, dal ritratto e figura all\u2019architettura , dallo still life al paesaggio<\/p>\n<p class=\"ecxMsoNormal\"><b>11 MOSTRE NEI PALAZZI STORICI DI MILANO<\/b>, di cui <b>2 &#8211; <\/b>PALAZZO <b>CASTIGLIONI<\/b> e PALAZZO<b> BOVARA &#8211; <\/b>aperti a mostre dedicate al tema del cibo<\/p>\n<p class=\"ecxMsoNormal\"><b>9 MOSTRE<\/b> NEI CLUSTER ESPOSITIVI DI <b>EXPO MILANO 2015<\/b><\/p>\n<p class=\"ecxMsoNormal\"><b>94 MOSTRE<\/b> NEGLI SPAZI ESPOSITIVI DELLA CITTA\u2019<\/p>\n<p class=\"ecxMsoNormal\"><b>12 MOSTRE<\/b> NELL\u2019AREA METROPOLITANA<\/p>\n<p class=\"ecxMsoNormal\"><b>17 MOSTRE INEDITE A MARCHIO \u201cPHOTOFESTIVAL\u201d<\/b>, realizzate appositamente per la manifestazione<\/p>\n<p class=\"ecxMsoNormal\"><b>39 MOSTRE IN BIANCO E NERO<\/b>, a riprova del fatto che la fotografia in bianco e nero non \u00e8 mai passata di moda e continua a essere apprezzata<\/p>\n<p class=\"ecxMsoNormal\"><b>1 MOSTRA STORICA<\/b> sull\u2019Esposizione Internazionale di Milano del 1906: un\u2019inedita testimonianza dell\u2019epoca e un filo diretto con Expo Milano 2015<\/p>\n<p class=\"ecxMsoNormal\">All\u2019attivit\u00e0 espositiva sono accostate alcune iniziative per coinvolgere il pubblico. In particolare, una nuova collaborazione con <b>AFIP<\/b> &#8211; Associazione Fotografi Professionisti e con <b>CNA Lombardia<\/b> ha permesso di organizzare una serie di <b>incontri con fotografi<\/b> affermati e \u201c<b>lectio magistralis<\/b>\u201d in cui gli autori racconteranno il proprio lavoro.<\/p>\n<p class=\"ecxMsoNormal\">La <b>guida<\/b> <b>di Photofestival <\/b>e il <b>calendario degli eventi in programma<\/b> sono consultabili online sul <b>nuovo sito<\/b><a href=\"http:\/\/www.photofestival.it\/\" target=\"_blank\">www.photofestival.it<\/a>, che \u00e8 stato sottoposto a un restyling grafico ed \u00e8 stato reso pi\u00f9 dinamico, mentre il ricco<b> catalogo cartaceo<\/b> della manifestazione (stampato con un sistema ecosostenibile in <b>8.000 copie <\/b>per ciascuna edizione) sar\u00e0 distribuito gratuitamente presso i singoli spazi espositivi.<\/p>\n<p class=\"ecxMsoNormal\">\u201c<i>Da sempre, AIF \u00e8 impegnata nella divulgazione della cultura fotografica al grande pubblico<\/i>\u201c &#8211; dichiara Dario Bossi, Vice Presidente AIF. E prosegue: \u201c<i>Siamo orgogliosi che Photofestival abbia ricevuto il Patrocinio di Expo Milano 2015, oltre che di Regione Lombardia e Comune di Milano, e che sia stato annoverato nel palinsesto delle iniziative di Expo in Citt\u00e0 che nel prossimo semestre contribuiranno a mettere in luce la creativit\u00e0 di Milano.\u201d<\/i><\/p>\n<p class=\"ecxMsoNormal\"><b>PHOTOFESTIVAL &#8211; LA STORIA<\/b><\/p>\n<p class=\"ecxMsoNormal\">Nato nel <b>2007 <\/b>come \u201cfuorisalone\u201d di <b>Photoshow<\/b>, la principale rassegna in Italia dedicata al mondo dell\u2019Imaging, con cui continua a mantenere un legame dialettico, <b>Photofestival<\/b> ha acquisito una sua autonomia e una cadenza annuale che lo ha portato ad affermarsi come la pi\u00f9 importante e ricca manifestazione milanese totalmente dedicata alla fotografia.<\/p>\n<p class=\"ecxMsoNormal\">L\u2019idea progettuale \u00e8 quella di coinvolgere tutte le migliori forze degli operatori culturali del settore (galleristi, critici, fotografi, collezionisti, appassionati), proponendo loro di organizzare mostre e iniziative da far convergere in un\u2019unica manifestazione.<\/p>\n<p class=\"ecxMsoNormal\">Dopo tanti anni <b>Photofestival<\/b> ha cos\u00ec assunto un ruolo riconosciuto non soltanto come elemento catalizzatore di iniziative altrui, ma anche come soggetto capace in prima persona di promuovere\u00a0 mostre fotografiche appositamente prodotte per l\u2019evento.<\/p>\n<\/div>\n<div>\n<p class=\"ecxMsoNormal\"><b>ALCUNI DATI\u00a0<\/b><\/p>\n<\/div>\n<p>Fotografia, 4mila imprese in Lombardia e 12mila addetti<\/p>\n<div>Una su sei in Italia,\u00a01,3 miliardi di fatturato in regione su 3,5 in Italia<\/p>\n<\/div>\n<div>Sono 4mila le imprese nel settore fotografia in Lombardia, una su sei in Italia, \u00a0con 12mila addetti. Un settore che vale 1,3 miliardi di euro di fatturato all\u2019anno, di cui 900 milioni a Milano, sui 3,5 nazionali. Il settore si mantiene stabile in un anno. Concentrato a \u00a0Milano (1.827 imprese e 7.256 addetti), Brescia (circa 500464 imprese e 779 addetti), Bergamo (381 e 785 addetti), Varese (326 e 1.432 addetti) e Monza (303 e 551 addetti). Emerge da un\u2019elaborazione della Camera di commercio di Milano sui dati del registro delle imprese al 2014, sui settori \u00a0fabbricazione di strumenti ottici e attrezzature fotografiche (26.7), commercio all&#8217;ingrosso di articoli per fotografia, cinematografia e ottica (46.43.3), commercio al dettaglio di materiale per ottica e fotografia (47.78.2), attivit\u00e0 fotografiche (74.2). Secondo un\u2019elaborazione Camera di commercio di Milano sui dati Istat 2014, nel settore fotografico si importa per 251 milioni all\u2019anno e si esporta per 72 in Lombardia. Milano importa per 148 e esporta per 29 milioni. I principali Paesi per interscambio sono l\u2019Europa e l\u2019Asia.<\/div>\n","protected":false},"excerpt":{"rendered":"<p>20 aprile &#8211; 20 giugno 15 settembre &#8211; 31 ottobre\u00a0 AL VIA LA IX EDIZIONE DI PHOTOFESTIVAL, LA GRANDE KERMESSE ANNUALE MILANESE DI MOSTRE FOTOGRAFICHE D\u2019AUTORE. PREVISTE DUE SESSIONI, UNA PRIMAVERILE (DAL 20 APRILE AL 20 GIUGNO) E UNA AUTUNNALE (DAL 15 SETTEMBRE AL 31 OTTOBRE) PER COPRIRE L\u2019INTERO SEMESTRE DI EXPO MILANO 2015. NELLA &hellip; <a href=\"https:\/\/www.gdapress.it\/it\/index.php\/50813\/arte\/photofestival-milano-2015-dire-fare-mangiare-milano.html\" class=\"more-link\">Read more <span class=\"screen-reader-text\">Photofestival Milano 2015 \u201cDire, Fare, Mangiare\u201d Milano<\/span><\/a><\/p>\n","protected":false},"author":3,"featured_media":0,"comment_status":"closed","ping_status":"open","sticky":false,"template":"","format":"standard","meta":{"footnotes":""},"categories":[4],"tags":[15336,15337,17,15334,15335],"class_list":["post-50813","post","type-post","status-publish","format-standard","hentry","category-arte","tag-fare","tag-mangiare","tag-milano","tag-photofestival-milano-2015","tag-dire"],"_links":{"self":[{"href":"https:\/\/www.gdapress.it\/it\/index.php\/wp-json\/wp\/v2\/posts\/50813","targetHints":{"allow":["GET"]}}],"collection":[{"href":"https:\/\/www.gdapress.it\/it\/index.php\/wp-json\/wp\/v2\/posts"}],"about":[{"href":"https:\/\/www.gdapress.it\/it\/index.php\/wp-json\/wp\/v2\/types\/post"}],"author":[{"embeddable":true,"href":"https:\/\/www.gdapress.it\/it\/index.php\/wp-json\/wp\/v2\/users\/3"}],"replies":[{"embeddable":true,"href":"https:\/\/www.gdapress.it\/it\/index.php\/wp-json\/wp\/v2\/comments?post=50813"}],"version-history":[{"count":1,"href":"https:\/\/www.gdapress.it\/it\/index.php\/wp-json\/wp\/v2\/posts\/50813\/revisions"}],"predecessor-version":[{"id":50814,"href":"https:\/\/www.gdapress.it\/it\/index.php\/wp-json\/wp\/v2\/posts\/50813\/revisions\/50814"}],"wp:attachment":[{"href":"https:\/\/www.gdapress.it\/it\/index.php\/wp-json\/wp\/v2\/media?parent=50813"}],"wp:term":[{"taxonomy":"category","embeddable":true,"href":"https:\/\/www.gdapress.it\/it\/index.php\/wp-json\/wp\/v2\/categories?post=50813"},{"taxonomy":"post_tag","embeddable":true,"href":"https:\/\/www.gdapress.it\/it\/index.php\/wp-json\/wp\/v2\/tags?post=50813"}],"curies":[{"name":"wp","href":"https:\/\/api.w.org\/{rel}","templated":true}]}}