
{"id":50804,"date":"2015-04-14T23:54:04","date_gmt":"2015-04-14T21:54:04","guid":{"rendered":"http:\/\/www.gdapress.it\/it\/?p=50804"},"modified":"2015-04-19T23:55:26","modified_gmt":"2015-04-19T21:55:26","slug":"fuori-salone-ordine-architetti","status":"publish","type":"post","link":"https:\/\/www.gdapress.it\/it\/index.php\/50804\/i-saloni-201220132014\/fuori-salone-ordine-architetti.html","title":{"rendered":"Fuori Salone: Ordine Architetti"},"content":{"rendered":"<table class=\"ecxMsoTableGrid\" border=\"0\" cellspacing=\"0\" cellpadding=\"0\">\n<tbody>\n<tr>\n<td valign=\"top\" width=\"326\">\n<p class=\"ecxMsoNoSpacing\" align=\"center\">Fuori Salone del Mobile 2015<\/p>\n<p class=\"ecxMsoNoSpacing\" align=\"center\">\n<p class=\"ecxMsoNoSpacing\" align=\"center\">evento <b>ORDINE APERTO<\/b><\/p>\n<p class=\"ecxMsoNoSpacing\" align=\"center\">dell\u2019<\/p>\n<p class=\"ecxMsoNoSpacing\" align=\"center\">Ordine degli Architetti di Milano<\/p>\n<p class=\"ecxMsoNoSpacing\" align=\"center\">\n<p class=\"ecxMsoNoSpacing\" align=\"center\">via Solferino 19<\/p>\n<p class=\"ecxMsoNoSpacing\" align=\"center\">14-19 aprile 2015<\/p>\n<p class=\"ecxMsoNoSpacing\" align=\"center\">h. 10-20<\/p>\n<p class=\"ecxMsoNoSpacing\" align=\"center\">(24 nelle serate speciali)<\/p>\n<p class=\"ecxMsoNoSpacing\">\n<p class=\"ecxMsoNoSpacing\">\n<p class=\"ecxMsoNoSpacing\">\n<\/td>\n<td valign=\"top\" width=\"326\">\n<p class=\"ecxMsoNoSpacing\">\n<p class=\"ecxMsoNoSpacing\" align=\"center\"><img loading=\"lazy\" decoding=\"async\" id=\"ecxImmagine_x0020_16\" src=\"https:\/\/dub127.afx.ms\/att\/GetInline.aspx?messageid=ba3ac9f6-cef2-11e4-8081-00215ad80d04&amp;attindex=0&amp;cp=-1&amp;attdepth=0&amp;imgsrc=cid%3aimage009.jpg%4001D06304.F33CEE20&amp;cid=5e10b77119522db0&amp;blob=MHxpbWFnZTAwOS5qcGd8aW1hZ2UvanBlZw_3d_3d&amp;hm__login=giulianadeantonellis&amp;hm__domain=hotmail.com&amp;ip=10.148.136.8&amp;d=d1457&amp;mf=0&amp;hm__ts=Sun%2c%2019%20Apr%202015%2021%3a53%3a31%20GMT&amp;st=giulianadeantonellis&amp;hm__ha=01_b4ce550d5fb04d435becf4f6f58691b3ca68db45cd752e5ad88ed663619a6480&amp;oneredir=1\" alt=\"locandina\" width=\"273\" height=\"204\" \/><\/p>\n<p class=\"ecxMsoNoSpacing\">\n<p class=\"ecxMsoNoSpacing\">\n<\/td>\n<\/tr>\n<\/tbody>\n<\/table>\n<p class=\"ecxMsoNoSpacing\">\n<table class=\"ecxMsoTableGrid\" border=\"0\" cellspacing=\"0\" cellpadding=\"0\">\n<tbody>\n<tr>\n<td valign=\"top\" width=\"653\">\n<p class=\"ecxMsoNoSpacing\">Riferimento consolidato per migliaia di progettisti, design <i>addicted<\/i> e appassionati da tutta Italia e da tutto il mondo, l\u2019evento <b>Ordine Aperto<\/b> \u00e8 una delle vetrine pi\u00f9 dinamiche, apprezzate e riconosciute tra gli eventi che si sviluppano in citt\u00e0 durante il Salone.<\/p>\n<p class=\"ecxMsoNoSpacing\">\n<p class=\"ecxMsoNoSpacing\">La \u2018casa degli architetti\u2019 di Milano, con <b>Ordine Aperto<\/b>, diventa un punto di ritrovo dalle caratteristiche uniche, in una cornice <i>insideout<\/i> ritmata da allestimenti, eventi, mostre e serate, in un clima dal sapore internazionale e un\u2019atmosfera ricca di fermento.<\/p>\n<p class=\"ecxMsoNoSpacing\">\n<p class=\"ecxMsoNoSpacing\">Serate con ospiti eccellenti, incontri con artisti, designer e architetti di e da tutto il mondo, eventi con opinion leader, dialoghi con nomi prestigiosi del mondo del progetto. E allestimenti a cura di aziende alla ricerca di nuovi interlocutori e professionisti.<\/p>\n<p class=\"ecxMsoNoSpacing\">\n<\/td>\n<\/tr>\n<\/tbody>\n<\/table>\n<p class=\"ecxMsoNoSpacing\">\n<table class=\"ecxMsoTableGrid\" border=\"0\" cellspacing=\"0\" cellpadding=\"0\">\n<tbody>\n<tr>\n<td valign=\"top\" width=\"217\">\n<p class=\"ecxMsoNoSpacing\">\n<p class=\"ecxMsoNoSpacing\" align=\"center\"><img loading=\"lazy\" decoding=\"async\" id=\"ecxImmagine_x0020_17\" src=\"https:\/\/dub127.afx.ms\/att\/GetInline.aspx?messageid=ba3ac9f6-cef2-11e4-8081-00215ad80d04&amp;attindex=1&amp;cp=-1&amp;attdepth=1&amp;imgsrc=cid%3aimage011.jpg%4001D06304.F33CEE20&amp;cid=5e10b77119522db0&amp;blob=MXxpbWFnZTAxMS5qcGd8aW1hZ2UvanBlZw_3d_3d&amp;hm__login=giulianadeantonellis&amp;hm__domain=hotmail.com&amp;ip=10.148.136.8&amp;d=d1457&amp;mf=0&amp;hm__ts=Sun%2c%2019%20Apr%202015%2021%3a53%3a31%20GMT&amp;st=giulianadeantonellis&amp;hm__ha=01_8f9bc1d8dac75083d7cb1ebeaa14b3f6f355d5adcc4306b333baa7a8d96db8ac&amp;oneredir=1\" alt=\"Immagini 069\" width=\"189\" height=\"127\" \/><\/p>\n<p class=\"ecxMsoNoSpacing\">\n<\/td>\n<td valign=\"top\" width=\"217\">\n<p class=\"ecxMsoNoSpacing\">\n<p class=\"ecxMsoNoSpacing\" align=\"center\"><img loading=\"lazy\" decoding=\"async\" id=\"ecxImmagine_x0020_18\" src=\"https:\/\/dub127.afx.ms\/att\/GetInline.aspx?messageid=ba3ac9f6-cef2-11e4-8081-00215ad80d04&amp;attindex=2&amp;cp=-1&amp;attdepth=2&amp;imgsrc=cid%3aimage013.jpg%4001D06304.F33CEE20&amp;cid=5e10b77119522db0&amp;blob=MnxpbWFnZTAxMy5qcGd8aW1hZ2UvanBlZw_3d_3d&amp;hm__login=giulianadeantonellis&amp;hm__domain=hotmail.com&amp;ip=10.148.136.8&amp;d=d1457&amp;mf=0&amp;hm__ts=Sun%2c%2019%20Apr%202015%2021%3a53%3a31%20GMT&amp;st=giulianadeantonellis&amp;hm__ha=01_ce9a0c3d023e847f0ae06dda09b405a3961fbcdf1de4da3dc5669dbb899295f5&amp;oneredir=1\" alt=\"Immagini 076\" width=\"189\" height=\"127\" \/><\/p>\n<p class=\"ecxMsoNoSpacing\">\n<\/td>\n<td valign=\"top\" width=\"217\">\n<p class=\"ecxMsoNoSpacing\">\n<p class=\"ecxMsoNoSpacing\" align=\"center\"><img loading=\"lazy\" decoding=\"async\" id=\"ecxImmagine_x0020_19\" src=\"https:\/\/dub127.afx.ms\/att\/GetInline.aspx?messageid=ba3ac9f6-cef2-11e4-8081-00215ad80d04&amp;attindex=3&amp;cp=-1&amp;attdepth=3&amp;imgsrc=cid%3aimage015.jpg%4001D06304.F33CEE20&amp;cid=5e10b77119522db0&amp;hm__login=giulianadeantonellis&amp;hm__domain=hotmail.com&amp;ip=10.148.136.8&amp;d=d1457&amp;mf=0&amp;hm__ts=Sun%2c%2019%20Apr%202015%2021%3a53%3a31%20GMT&amp;st=giulianadeantonellis&amp;hm__ha=01_0eb1ea50a0afb178c71164b808739ccf344d159aae5ac416318d4ea6225d7688&amp;oneredir=1\" alt=\"IMG_2302m (FILEminimizer)\" width=\"171\" height=\"127\" \/><\/p>\n<p class=\"ecxMsoNoSpacing\">\n<p class=\"ecxMsoNoSpacing\">\n<\/td>\n<\/tr>\n<\/tbody>\n<\/table>\n<p class=\"ecxMsoNoSpacing\">\n<p class=\"ecxMsoNoSpacing\"><b>ORDINE APERTO<\/b>, <b>EVENTO SPECIALE<\/b>: <b>Una galleria lunga 40 anni<\/b><\/p>\n<p class=\"ecxMsoNoSpacing\">(inaugurazione ufficiale gioved\u00ec 16 aprile, 21.15)<\/p>\n<table class=\"ecxMsoTableGrid\" border=\"0\" cellspacing=\"0\" cellpadding=\"0\">\n<tbody>\n<tr>\n<td valign=\"top\" width=\"326\">\n<p class=\"ecxMsoNoSpacing\">La mostra<\/p>\n<p class=\"ecxMsoNoSpacing\">\u201c<b>Una galleria lunga 40 anni<\/b>.<\/p>\n<p class=\"ecxMsoNoSpacing\"><b>I 40 anni della galleria di Antonia Jannone<\/b>\u201d \u00e8 una <b>collezione<\/b> inedita, <b>unica<\/b> e formidabile di disegni <b>originali<\/b> di oltre 20 architetti e designer di fama <b>internazionale<\/b>che hanno esposto le loro opere alla Galleria<b>Jannone<\/b> negli ultimi <b>40<\/b> anni.<\/p>\n<p class=\"ecxMsoNoSpacing\">Autori del calibro di Raimund Johann Abraham, Alessandro Mendini, Franco Purini, Massimo Scolari\u00a0, Superstudio, Leon Krier, Ernesto La Padula, Roberto Gabetti &amp; Aimaro Isola, Guglielmo Mozzoni, Guglielmo Ulrich, Massimo Josa Ghini, Aldo Cibic, Mario Botta, Andrea Branzi, Ugo La Pietra, Luca Pignatelli, Valentino Parmiani, Peter Eisenman, John Hejduk, James Stirling, O.M. Ungers, Franco Raggi espongono alla mostra cui sar\u00e0 dedicata una <b>serata<\/b> d\u2019eccezione, gi\u00e0 considerata uno degli eventi pi\u00f9 attesi del Fuori Salone Milanese: \u2018<b>Una galleria lunga 40 anni. Il disegno di architettura, l\u2019architettura disegnata<\/b>\u2019.<\/p>\n<p class=\"ecxMsoNoSpacing\">Gioved\u00ec 16 aprile, h. 21.15, con Antonia<b>Jannone<\/b>, Alessandro <b>Mendini<\/b>, Arduino<b>Cantafora<\/b>, Franco <b>Raggi<\/b>.<\/p>\n<\/td>\n<td valign=\"top\" width=\"326\">\n<p class=\"ecxMsoNoSpacing\">\n<p class=\"ecxMsoNoSpacing\" align=\"center\"><img loading=\"lazy\" decoding=\"async\" id=\"ecxImmagine_x0020_14\" src=\"https:\/\/dub127.afx.ms\/att\/GetInline.aspx?messageid=ba3ac9f6-cef2-11e4-8081-00215ad80d04&amp;attindex=4&amp;cp=-1&amp;attdepth=4&amp;imgsrc=cid%3aimage017.jpg%4001D06304.F33CEE20&amp;cid=5e10b77119522db0&amp;hm__login=giulianadeantonellis&amp;hm__domain=hotmail.com&amp;ip=10.148.136.8&amp;d=d1457&amp;mf=0&amp;hm__ts=Sun%2c%2019%20Apr%202015%2021%3a53%3a31%20GMT&amp;st=giulianadeantonellis&amp;hm__ha=01_92669c40f9acc6d8626944e55fe7ec7a1f78c4e5f47894e77cdbdf1e7f34a723&amp;oneredir=1\" alt=\"Alberto Sartoris_Residenza del Pittore_1930, serigrafia, 70x50cm\" width=\"122\" height=\"150\" \/><img loading=\"lazy\" decoding=\"async\" id=\"ecxImmagine_x0020_15\" src=\"https:\/\/dub127.afx.ms\/att\/GetInline.aspx?messageid=ba3ac9f6-cef2-11e4-8081-00215ad80d04&amp;attindex=5&amp;cp=-1&amp;attdepth=5&amp;imgsrc=cid%3aimage019.jpg%4001D06304.F33CEE20&amp;cid=5e10b77119522db0&amp;hm__login=giulianadeantonellis&amp;hm__domain=hotmail.com&amp;ip=10.148.136.8&amp;d=d1457&amp;mf=0&amp;hm__ts=Sun%2c%2019%20Apr%202015%2021%3a53%3a31%20GMT&amp;st=giulianadeantonellis&amp;hm__ha=01_2c023b230fa20a5787421f43cf2b7195ade3b9ec16996f02237d101e7574183b&amp;oneredir=1\" alt=\"Aldo Rossi, Casa Borgo Ticino, 1973, pastello temperea e penna su carta, 23x29,5cm\" width=\"104\" height=\"166\" \/><\/p>\n<p class=\"ecxMsoNoSpacing\" align=\"center\">\n<p class=\"ecxMsoNoSpacing\" align=\"center\"><img loading=\"lazy\" decoding=\"async\" id=\"ecxImmagine_x0020_25\" src=\"https:\/\/dub127.afx.ms\/att\/GetInline.aspx?messageid=ba3ac9f6-cef2-11e4-8081-00215ad80d04&amp;attindex=6&amp;cp=-1&amp;attdepth=6&amp;imgsrc=cid%3aimage021.jpg%4001D06304.F33CEE20&amp;cid=5e10b77119522db0&amp;hm__login=giulianadeantonellis&amp;hm__domain=hotmail.com&amp;ip=10.148.136.8&amp;d=d1457&amp;mf=0&amp;hm__ts=Sun%2c%2019%20Apr%202015%2021%3a53%3a31%20GMT&amp;st=giulianadeantonellis&amp;hm__ha=01_9a269f609c3feb7e8a0d0e2ef29fa4643dff996739578fbfca26c43ad270eb59&amp;oneredir=1\" alt=\"Andrea Branzi, Scenografia per Pinocchio, litografia 50x70cm\" width=\"145\" height=\"99\" \/>\u00a0 <img loading=\"lazy\" decoding=\"async\" id=\"ecxImmagine_x0020_26\" src=\"https:\/\/dub127.afx.ms\/att\/GetInline.aspx?messageid=ba3ac9f6-cef2-11e4-8081-00215ad80d04&amp;attindex=7&amp;cp=-1&amp;attdepth=7&amp;imgsrc=cid%3aimage023.jpg%4001D06304.F33CEE20&amp;cid=5e10b77119522db0&amp;hm__login=giulianadeantonellis&amp;hm__domain=hotmail.com&amp;ip=10.148.136.8&amp;d=d1457&amp;mf=0&amp;hm__ts=Sun%2c%2019%20Apr%202015%2021%3a53%3a31%20GMT&amp;st=giulianadeantonellis&amp;hm__ha=01_9779c60c5b9414ca2a1374dcee757676dac15151d4d14e396cebb78a3efd3b90&amp;oneredir=1\" alt=\"Mario Botta_Vasi_2, 2012 matita su lucido\" width=\"113\" height=\"185\" \/><\/p>\n<p class=\"ecxMsoNoSpacing\" align=\"center\">\n<p class=\"ecxMsoNoSpacing\" align=\"center\">\n<\/td>\n<\/tr>\n<\/tbody>\n<\/table>\n<p class=\"ecxMsoNoSpacing\">\n<p class=\"ecxMsoNoSpacing\"><b>ORDINE APERTO OUTSIDE: Sacea Recharging Zone<\/b><\/p>\n<table class=\"ecxMsoTableGrid\" border=\"0\" cellspacing=\"0\" cellpadding=\"0\">\n<tbody>\n<tr>\n<td valign=\"top\" width=\"326\">\n<p class=\"ecxMsoNoSpacing\">La corte ospita un allestimento curato da<b>Sacea<\/b>, azienda leader che progetta e arreda ambienti di lavoro). Una speciale area (ca 250mq) dedicata al relax dei \u2018viandanti del design\u2019, la <b>Sacea Recharging Zone<\/b>, dove<b>ricaricare<\/b> e connettere gratuitamente corpo, mente e device di vario genere. In posizione centrale un <b>tavolo di 11 metri<\/b> dove condividere, relazionarsi e riposare grazie anche al kit di sopravvivenza in omaggio (con tanto di taccuino, matita e cioccolato). Di contorno, in un clima informale e festaiolo, 4 isole di lavoro, veri e propri <i>home office<\/i>della <b>nuova collezione<\/b> di scrittoi <b>Ottone<\/b>(<b>design<\/b> Gaspar Gonzalez, Barcellona) dal<a target=\"_blank\" name=\"_GoBack\"><\/a><i>mood<\/i> tipicamente anni Sessanta.<\/p>\n<p class=\"ecxMsoNoSpacing\">Serata speciale Sacea, <b>17 aprile<\/b>, venerd\u00ec, su invito.<\/p>\n<\/td>\n<td valign=\"top\" width=\"326\">\n<p class=\"ecxMsoNoSpacing\">\n<p class=\"ecxMsoNoSpacing\" align=\"center\"><img loading=\"lazy\" decoding=\"async\" id=\"ecxImmagine_x0020_1\" src=\"https:\/\/dub127.afx.ms\/att\/GetInline.aspx?messageid=ba3ac9f6-cef2-11e4-8081-00215ad80d04&amp;attindex=8&amp;cp=-1&amp;attdepth=8&amp;imgsrc=cid%3aimage027.jpg%4001D06304.F33CEE20&amp;cid=5e10b77119522db0&amp;hm__login=giulianadeantonellis&amp;hm__domain=hotmail.com&amp;ip=10.148.136.8&amp;d=d1457&amp;mf=0&amp;hm__ts=Sun%2c%2019%20Apr%202015%2021%3a53%3a31%20GMT&amp;st=giulianadeantonellis&amp;hm__ha=01_1741c749ede53254ecd8aab38b5d28bfba3d3ad4603e99f7036d57690e7e3220&amp;oneredir=1\" alt=\"render_scrittoio Ottone (2)\" width=\"208\" height=\"129\" \/><\/p>\n<p class=\"ecxMsoNoSpacing\" align=\"center\">Ottone, design Gonzales, Sacea<\/p>\n<p class=\"ecxMsoNoSpacing\">\n<p class=\"ecxMsoNoSpacing\" align=\"center\"><img loading=\"lazy\" decoding=\"async\" id=\"ecxImmagine_x0020_4\" src=\"https:\/\/dub127.afx.ms\/att\/GetInline.aspx?messageid=ba3ac9f6-cef2-11e4-8081-00215ad80d04&amp;attindex=9&amp;cp=-1&amp;attdepth=9&amp;imgsrc=cid%3aimage028.jpg%4001D06304.F33CEE20&amp;cid=5e10b77119522db0&amp;blob=M3xpbWFnZTAyOC5qcGd8aW1hZ2UvanBlZw_3d_3d&amp;hm__login=giulianadeantonellis&amp;hm__domain=hotmail.com&amp;ip=10.148.136.8&amp;d=d1457&amp;mf=0&amp;hm__ts=Sun%2c%2019%20Apr%202015%2021%3a53%3a31%20GMT&amp;st=giulianadeantonellis&amp;hm__ha=01_864bc0fe89de08b8712b52719f8d9aa38df0079e974878a224f9c9f41061c3de&amp;oneredir=1\" alt=\"Schizzi_Fuorisalone-3-Page-1\" width=\"208\" height=\"144\" \/><\/p>\n<p class=\"ecxMsoNoSpacing\" align=\"center\">Sacea, disegno allestimento<\/p>\n<\/td>\n<\/tr>\n<\/tbody>\n<\/table>\n<p class=\"ecxMsoNoSpacing\">\n<p class=\"ecxMsoNoSpacing\"><b>ORDINE APERTO INSIDE: MaM\u00e0 Design Italia<\/b><\/p>\n<table class=\"ecxMsoTableGrid\" border=\"0\" cellspacing=\"0\" cellpadding=\"0\">\n<tbody>\n<tr>\n<td valign=\"top\" width=\"326\">\n<p class=\"ecxMsoNoSpacing\">All\u2019interno dell\u2019Ordine sono ospitate le proposte d\u2019arredo di <b>Mam\u00e0 Design Italia<\/b>, primo Total Digital Brand d\u2019arredo home, office e contract <b>100%<\/b> Made in Italy (<b>design<\/b>Alberto Basaglia, Natalia Rota Nodari).<\/p>\n<p class=\"ecxMsoNoSpacing\">Nelle sale dell\u2019Ordine trovano posto le collezioni omaggio all\u2019Italia dei 100 campanili e dell\u2019infinita creativit\u00e0, della tradizione e dell\u2019innovazione, dell\u2019artigianalit\u00e0 e della tecnologia: dalla seduta Milano alla poltrona Torino, dalle sedute Firenze ai tavolini Roma, dalle poltroncine Amalfi alle sedie Capri e Ischia, al divano Murano, alla <i>chaise longue<\/i>Monza\u2026 tutto, in queste collezioni, sa e parla di Italia.<\/p>\n<p class=\"ecxMsoNoSpacing\">\n<p class=\"ecxMsoNoSpacing\">\n<\/td>\n<td valign=\"top\" width=\"326\">\n<p class=\"ecxMsoNoSpacing\">\n<p class=\"ecxMsoNoSpacing\" align=\"center\"><img loading=\"lazy\" decoding=\"async\" id=\"ecxImmagine_x0020_11\" src=\"https:\/\/dub127.afx.ms\/att\/GetInline.aspx?messageid=ba3ac9f6-cef2-11e4-8081-00215ad80d04&amp;attindex=10&amp;cp=-1&amp;attdepth=10&amp;imgsrc=cid%3aimage029.jpg%4001D06304.F33CEE20&amp;cid=5e10b77119522db0&amp;hm__login=giulianadeantonellis&amp;hm__domain=hotmail.com&amp;ip=10.148.136.8&amp;d=d1457&amp;mf=0&amp;hm__ts=Sun%2c%2019%20Apr%202015%2021%3a53%3a31%20GMT&amp;st=giulianadeantonellis&amp;hm__ha=01_a19787f4f974417788b9208f8197476f93101123a62559cf8b1c3cbfa9382d84&amp;oneredir=1\" alt=\"TORINO (FILEminimizer)\" width=\"208\" height=\"140\" \/><\/p>\n<p class=\"ecxMsoNoSpacing\" align=\"center\">Torino, MaM\u00e0 Design Italia<\/p>\n<p class=\"ecxMsoNoSpacing\" align=\"center\">\n<p class=\"ecxMsoNoSpacing\" align=\"center\"><img loading=\"lazy\" decoding=\"async\" id=\"ecxImmagine_x0020_12\" src=\"https:\/\/dub127.afx.ms\/att\/GetInline.aspx?messageid=ba3ac9f6-cef2-11e4-8081-00215ad80d04&amp;attindex=11&amp;cp=-1&amp;attdepth=11&amp;imgsrc=cid%3aimage030.jpg%4001D06304.F33CEE20&amp;cid=5e10b77119522db0&amp;hm__login=giulianadeantonellis&amp;hm__domain=hotmail.com&amp;ip=10.148.136.8&amp;d=d1457&amp;mf=0&amp;hm__ts=Sun%2c%2019%20Apr%202015%2021%3a53%3a31%20GMT&amp;st=giulianadeantonellis&amp;hm__ha=01_91bea0c0c1e62a410bae2002b1d1a60b7e7b6cf412bb826f049e32829019b117&amp;oneredir=1\" alt=\"FIRENZE (FILEminimizer)\" width=\"189\" height=\"126\" \/><\/p>\n<p class=\"ecxMsoNoSpacing\" align=\"center\">Firenze, MaM\u00e0 Design Italia<\/p>\n<\/td>\n<\/tr>\n<\/tbody>\n<\/table>\n<p class=\"ecxMsoNoSpacing\">\n<table class=\"ecxMsoTableGrid\" border=\"0\" cellspacing=\"0\" cellpadding=\"0\">\n<tbody>\n<tr>\n<td valign=\"top\" width=\"652\">\n<p class=\"ecxMsoNoSpacing\">L&#8217;iniziativa Ordine Aperto \u201cquest&#8217;anno punta a creare uno scivolo che dal Salone porti a Expo\u201d, per sfruttare \u201cl&#8217;evento pi\u00f9 atteso di questi anni\u201d, secondo la <b>presidente<\/b> dell&#8217;Ordine degli Architetti di Milano <b>Valeria Bottelli<\/b>: \u201cun semestre che vedr\u00e0 il nostro Ordine protagonista di molte iniziative, in sede e sul territorio, come risulta dal nostro \u2018manifesto\u2019<b>ANCHE NOI CI EXPONIAMO<\/b>\u201d.<\/p>\n<p class=\"ecxMsoNoSpacing\">\n<p class=\"ecxMsoNoSpacing\" align=\"center\"><img loading=\"lazy\" decoding=\"async\" id=\"ecxImmagine_x0020_2\" src=\"https:\/\/dub127.afx.ms\/att\/GetInline.aspx?messageid=ba3ac9f6-cef2-11e4-8081-00215ad80d04&amp;attindex=12&amp;cp=-1&amp;attdepth=12&amp;imgsrc=cid%3aimage031.png%4001D06304.F33CEE20&amp;cid=5e10b77119522db0&amp;blob=NHxpbWFnZTAzMS5wbmd8aW1hZ2UvcG5n&amp;hm__login=giulianadeantonellis&amp;hm__domain=hotmail.com&amp;ip=10.148.136.8&amp;d=d1457&amp;mf=0&amp;hm__ts=Sun%2c%2019%20Apr%202015%2021%3a53%3a31%20GMT&amp;st=giulianadeantonellis&amp;hm__ha=01_e30de38685874e7c30f0c483e4e9309cf659b275ea104bcc276adf25cd35625d&amp;oneredir=1\" alt=\"expo_FOAM lr\" width=\"386\" height=\"249\" \/><\/p>\n<p class=\"ecxMsoNoSpacing\">\n<\/td>\n<\/tr>\n<\/tbody>\n<\/table>\n<p class=\"ecxMsoNoSpacing\">\n<p class=\"ecxMsoNoSpacing\">\n","protected":false},"excerpt":{"rendered":"<p>Fuori Salone del Mobile 2015 evento ORDINE APERTO dell\u2019 Ordine degli Architetti di Milano via Solferino 19 14-19 aprile 2015 h. 10-20 (24 nelle serate speciali) Riferimento consolidato per migliaia di progettisti, design addicted e appassionati da tutta Italia e da tutto il mondo, l\u2019evento Ordine Aperto \u00e8 una delle vetrine pi\u00f9 dinamiche, apprezzate e &hellip; <a href=\"https:\/\/www.gdapress.it\/it\/index.php\/50804\/i-saloni-201220132014\/fuori-salone-ordine-architetti.html\" class=\"more-link\">Read more <span class=\"screen-reader-text\">Fuori Salone: Ordine Architetti<\/span><\/a><\/p>\n","protected":false},"author":3,"featured_media":0,"comment_status":"closed","ping_status":"open","sticky":false,"template":"","format":"standard","meta":{"footnotes":""},"categories":[8151],"tags":[1406,3774],"class_list":["post-50804","post","type-post","status-publish","format-standard","hentry","category-i-saloni-201220132014","tag-fuori-salone","tag-ordine-architetti"],"_links":{"self":[{"href":"https:\/\/www.gdapress.it\/it\/index.php\/wp-json\/wp\/v2\/posts\/50804","targetHints":{"allow":["GET"]}}],"collection":[{"href":"https:\/\/www.gdapress.it\/it\/index.php\/wp-json\/wp\/v2\/posts"}],"about":[{"href":"https:\/\/www.gdapress.it\/it\/index.php\/wp-json\/wp\/v2\/types\/post"}],"author":[{"embeddable":true,"href":"https:\/\/www.gdapress.it\/it\/index.php\/wp-json\/wp\/v2\/users\/3"}],"replies":[{"embeddable":true,"href":"https:\/\/www.gdapress.it\/it\/index.php\/wp-json\/wp\/v2\/comments?post=50804"}],"version-history":[{"count":1,"href":"https:\/\/www.gdapress.it\/it\/index.php\/wp-json\/wp\/v2\/posts\/50804\/revisions"}],"predecessor-version":[{"id":50805,"href":"https:\/\/www.gdapress.it\/it\/index.php\/wp-json\/wp\/v2\/posts\/50804\/revisions\/50805"}],"wp:attachment":[{"href":"https:\/\/www.gdapress.it\/it\/index.php\/wp-json\/wp\/v2\/media?parent=50804"}],"wp:term":[{"taxonomy":"category","embeddable":true,"href":"https:\/\/www.gdapress.it\/it\/index.php\/wp-json\/wp\/v2\/categories?post=50804"},{"taxonomy":"post_tag","embeddable":true,"href":"https:\/\/www.gdapress.it\/it\/index.php\/wp-json\/wp\/v2\/tags?post=50804"}],"curies":[{"name":"wp","href":"https:\/\/api.w.org\/{rel}","templated":true}]}}