
{"id":50685,"date":"2015-04-08T22:39:07","date_gmt":"2015-04-08T20:39:07","guid":{"rendered":"http:\/\/www.gdapress.it\/it\/?p=50685"},"modified":"2015-04-18T22:41:57","modified_gmt":"2015-04-18T20:41:57","slug":"sound-music-2015-h2do","status":"publish","type":"post","link":"https:\/\/www.gdapress.it\/it\/index.php\/50685\/musica\/sound-music-2015-h2do.html","title":{"rendered":"Sound, Music! 2015: H2dO"},"content":{"rendered":"<p>Dedicato all\u2019acqua il progetto per i bambini,<\/p>\n<p>alla Fabbrica del Vapore lo spettacolo conclusivo<\/p>\n<p>con la Filarmonica e Francesco Micheli<\/p>\n<p>Il progetto di Filarmonica della Scala, UniCredit e Comune di Milano<\/p>\n<p>per le scuole milanesi compie cinque anni<\/p>\n<p>L\u2019acqua fonte di nutrimento e di vita \u00e8 il tema dell\u2019edizione 2015. Francesco Micheli racconta il viaggio fantastico di una particella d\u2019acqua attraverso la musica.<\/p>\n<p>Riservati alle scuole gli spettacoli di mercoled\u00ec 8 e gioved\u00ec 9, aperto al pubblico l\u2019appuntamento di sabato 11 aprile<\/p>\n<p>&nbsp;<\/p>\n<p><strong>Sabato 11 aprile<\/strong> <strong>alle 15.30<em> Sound, Music!<\/em><\/strong>, il progetto didattico sviluppato da <strong>Filarmonica della Scala<\/strong> insieme al Main Partner <strong>UniCredit<\/strong> e al <strong>Comune di Milano<\/strong>, porta nei grandi spazi della Fabbrica del Vapore <strong><em>H<sub>2<\/sub>dO<\/em><\/strong>, lo spettacolo conclusivo dedicato ai bambini da 9 a 99 anni con Francesco Micheli e un\u2019orchestra di 50 elementi diretta da <strong>Alessandro Ferrari.<\/strong> L\u2019appuntamento rappresenta l\u2019ultima tappa di un percorso didattico pensato per soddisfare il bisogno di musica dei pi\u00f9 piccoli e la loro grande capacit\u00e0 di apprendere. Dopo la <em>Sagra della Primavera<\/em> del 2014, che aveva condotto i bambini in un viaggio immaginifico nello Spazio, sulle note della musica di Stravinskij, sar\u00e0 l\u2019acqua il tema dell\u2019edizione 2015. Ideazione e regia sono anche quest\u2019anno di <strong>Francesco Micheli<\/strong>, che porter\u00e0 i pi\u00f9 piccoli a viaggiare con la fantasia come particelle d\u2019acqua attraverso i capolavori della musica ispirati alla fonte primaria di nutrimento e vita.<\/p>\n<p>&nbsp;<\/p>\n<p>Lo spettacolo aperto al pubblico <strong><em>H<sub>2<\/sub>dO<\/em><\/strong> giunge al termine di un intenso programma didattico che dal 24 febbraio ha coinvolto oltre 1.000 studenti milanesi. Un ciclo di laboratori musicali e fisico-sensoriali propedeutici, tenuti presso le scuole e l\u2019Acquario Civico di Milano dal direttore d\u2019orchestra <strong>Marcello Sirotti<\/strong>, alla guida della <em>Under13 Orchestra <\/em>di <strong>Ricordi Music School<\/strong>, e da <strong>Eleonora Moro<\/strong>, ha permesso ai bambini delle scuole elementari di Milano di conoscere in maniera partecipata e divertente una serie di capolavori musicali: un percorso che da <em>La Moldava<\/em> di Bed\u0159ich Smetana arriva fino a <em>La Mer<\/em> di Claude Debussy, passando da <em>Il valzer dei fiocchi di neve<\/em><em>,<\/em> da <em>Lo schiaccianoci<\/em> di P\u00ebtr Il&#8217;i\u010d \u010cajkovskij, il <em>Largo dall&#8217;inverno,<\/em> da <em>Le quattro stagioni <\/em>di Antonio Vivaldi, la <em>Scena al ruscello,<\/em> dalla Sesta sinfonia <em>Pastorale <\/em>di Ludwig van Beethoven, <em>Sul bel Danubio blu<\/em> di Johann Strauss jr., <em>Watermusic<\/em> di Georg Friedrich H\u00e4ndel, <em>Amnios<\/em> di Alessandro Ferrari, il <em>Temporale<\/em>, da <em>La Cenerentola<\/em> di Gioachino Rossini, la <em>Danza delle sacerdotesse<\/em> e la<em> Danza dei moretti<\/em>, da <em>Aida<\/em> di Giuseppe Verdi.<\/p>\n<p>&nbsp;<\/p>\n<p>Mercoled\u00ec 8 e gioved\u00ec 9 aprile alle 10.30 lo spettacolo andr\u00e0 in scena per gli alunni delle classi III, IV e V delle scuole primarie di primo grado di Milano. L\u2019appuntamento per le famiglie di sabato 11 aprile, che coinvolge attivamente adulti e bambini, sar\u00e0 una grande festa musicale negli spazi della Fabbrica grazie all\u2019energia creativa di Francesco Micheli e alla bravura dei musicisti della Filarmonica della Scala.<\/p>\n<p>&nbsp;<\/p>\n<p>\u201cSound, Music!\u201d fa parte del progetto <strong>Open Filarmonica <\/strong>realizzato dall\u2019orchestra insieme al Main Partner UniCredit: un complesso di iniziative volte a coinvolgere i cittadini milanesi nell\u2019ascolto e fruizione della grande musica sinfonica. Del progetto fanno parte le prove aperte benefiche del ciclo \u201c<strong>La Filarmonica della Scala incontra la citt\u00e0<\/strong>\u201d, \u201c<strong>MusicEmotion\u201d<\/strong>, le proiezioni dei concerti nei cinema prodotte da Musicom.it e il <strong>\u201cConcerto per Milano\u201d <\/strong>gratuito in piazza Duomo.<\/p>\n<p>&nbsp;<\/p>\n<p>&nbsp;<\/p>\n<p><strong>Biglietteria: <\/strong><\/p>\n<p>posto unico \u20ac 15<\/p>\n<p>1 adulto + 1 bambino \u20ac 15<\/p>\n<p>1 adulto + 2 bambini \u20ac 20<\/p>\n<p>+ diritti di prevendita<\/p>\n<p>In vendita su <a href=\"http:\/\/www.geticket.it\">www.geticket.it<\/a> numero verde: 848 002 008<\/p>\n<p>&nbsp;<\/p>\n<p>Biografie<\/p>\n<p>Francesco Micheli, regista e voce recitante<\/p>\n<p>Nato nel 1972 a Bergamo, laureato in Lettere Moderne, si \u00e8 diplomato a 24 anni alla Civica Scuola d\u2019Arte Drammatica \u201cPaolo Grassi\u201d di Milano.\u2028A Milano ha avuto modo di debuttare come regista e autore grazie al sodalizio con l\u2019associazione Aslico e l\u2019Orchestra dei Pomeriggi Musicali. Ha insegnato regia presso il biennio di specializzazione in Scenografia all\u2019Accademia di Brera e colla- bora con la rete satellitare SKY Classica nell\u2019ideazione e conduzione di programmi sull\u2019opera lirica. Da due anni \u00e8 Direttore Artistico del Macerata Opera Festival.<\/p>\n<p>Ha allestito <em>Rom\u00e9o et Juliette <\/em>di Gounod all\u2019Arena di Verona, riscuotendo un enorme successo di pubblico e di critica. Il suo spettacolo andr\u00e0 in scena ogni estate.\u2028Ha firmato la regia di <em>Killer di parole <\/em>di Claudio Ambrosini su soggetto di Daniele Pennac, rappresentato al Teatro la Fenice di Venezia, opera vincitrice del premio Abbiati della critica nazionale. Sempre per la Fenice ha firmato la regia della <em>Boh\u00e8me <\/em>pucciniana e ha curato la nuova produzione dell\u2019Otello di Verdi a inaugurazione del bicentenario verdiano, successivamente andata in trionfale tourn\u00e9e in Giappone e allestita anche nel cortile di Palazzo Ducale in Piazza San Marco.<\/p>\n<p>Per il Teatro Massimo di Palermo ha realizzato diversi progetti tra cui la regia de <em>II Barbiere di Siviglia <\/em>e la prima di <em>Alice nel paese delle meraviglie, <\/em>di cui firma il libretto e la regia.<\/p>\n<p>Francesco Micheli \u00e8 inoltre autore di lavori innovativi che si collocano tra il concerto e lo spettacolo: il desiderio \u00e8 dare forma a un teatro lirico di ricerca. Ricordiamo, tra i molti, <em>Bianco Rosso e Verdi <\/em>per il Teatro Massimo di Palermo, che nel 2009 ha vinto il premio Abbiati, e la rassegna lirica sperimentale dal titolo <em>Opera Off <\/em>per i Teatri di Reggio Emilia, durante la quale sono stati presentati spettacoli, lezioni, convegni e progetti televisivi speciali.\u2028In questo ambito si colloca la recente e profonda collaborazione con l\u2019orchestra Filarmonica della Scala: il progetto <em>Sound, Music <\/em>per la formazione del giovane pubblico e il progetto <em>MusicEmotion <\/em>per la trasmissione dei concerti filarmonici nelle sale cinematografiche<\/p>\n<p>Alessandro Ferrari, direttore<\/p>\n<p>Alessandro Ferrari, nato a Milano nel 1962, si \u00e8 diplomato al Conservatorio Giuseppe Verdi di Milano in violino con Osvaldo Scilla, in pianoforte con Anita Porrini e in composizione con Giacomo Manzoni. Fin dall\u2019inizio della sua carriera si \u00e8 distinto come violinista solista, suonando concerti di Vivaldi, Bach, Mozart, Prokof \u2019ev e Stravinsky. Nel 1983 entra a far parte come violinista dell\u2019Orchestra del Teatro alla Scala e della Filarmonica della Scala; dal 2010 collabora con l\u2019orchestra come prepa- ratore in vista dei concerti sinfonici della stagione. Dal 2012 inoltre si occupa di concerti della Filarmonica della Scala per progetti didattici.<\/p>\n<p>Da ricordare sono le collaborazioni con la Toho Gakuen School of Music in Giappone, dove torner\u00e0 nel 2014, e la collaborazione alla produzione di <em>Turandot <\/em>al Teatro alla Scala nel 2011 in qualit\u00e0 di assistente di Valery Gergiev nella preparazione di solisti, coro e orchestra. Sempre al Teatro alla Scala nel 2011 dirige 3 serate del balletto <em>JEWELS <\/em>e segue la compagine scaligera nella tourn\u00e9e in Polonia.<\/p>\n<p>Nel Dicembre 2011 \u00e8 stato il direttore principale del balletto <em>Sogno di una notte di mezza estate <\/em>al Teatro Bolshoi di Mosca, lavorando con l\u2019Orchestra del Teatro Bolshoi con grande successo di pubblico e critica. Nel 2012 ha diretto in tourn\u00e9e in Brasile il balletto <em>Giselle, <\/em>che dirige anche nella stagione 2012\/13 del Teatro alla Scala.\u2028Nel 1996 studia direzione d\u2019orchestra all\u2019Accademia Musicale Chigiana con Myung-Whun Chung, e dirige l\u2019Orchestra dell\u2019Accademia Chigiana e la Sofia Festival Orchestra in numerosi concerti. Nel 2000 ha inoltre collaborato con Giuseppe Sinopoli nella sua ultima produzione al Teatro alla Scala, <em>Ariadne auf Naxos <\/em>di Richard Strauss.<\/p>\n<p>Ha diretto molte orchestre italiane, tra cui l\u2019Orchestra Sinfonica Giuseppe Verdi di Milano, l\u2019Orchestra dei Pomeriggi Mu- sicali, l\u2019Orchestra del Teatro Coccia di Novara, la Filarmonica Veneta, l\u2019Orchestra Sinfonica della Valle d\u2019Aosta e l\u2019Orchestra Stabile di Bergamo. Ricopre inoltre il ruolo di Direttore Principale Ospite dei Cameristi della Scala. All\u2019estero ha diretto l\u2019Orchestra Sinfonica Simon Bolivar in Venezuela nel 2000, la Royal Philharmonic Orchestra nel 2006 e la Tokyo Symphony Orchestra nel 2007.<\/p>\n<p>Come pianista \u00e8 apparso in numerosi recital in qualit\u00e0 di accompagnatore di cantanti e da compositore ha realizzato una vasta produzione di musica da camera, brani sinfonici e balletti spesso eseguiti al Teatro alla Scala.<\/p>\n","protected":false},"excerpt":{"rendered":"<p>Dedicato all\u2019acqua il progetto per i bambini, alla Fabbrica del Vapore lo spettacolo conclusivo con la Filarmonica e Francesco Micheli Il progetto di Filarmonica della Scala, UniCredit e Comune di Milano per le scuole milanesi compie cinque anni L\u2019acqua fonte di nutrimento e di vita \u00e8 il tema dell\u2019edizione 2015. Francesco Micheli racconta il viaggio &hellip; <a href=\"https:\/\/www.gdapress.it\/it\/index.php\/50685\/musica\/sound-music-2015-h2do.html\" class=\"more-link\">Read more <span class=\"screen-reader-text\">Sound, Music! 2015: H2dO<\/span><\/a><\/p>\n","protected":false},"author":3,"featured_media":0,"comment_status":"closed","ping_status":"open","sticky":false,"template":"","format":"standard","meta":{"footnotes":""},"categories":[19],"tags":[3030,15295,11017,15294],"class_list":["post-50685","post","type-post","status-publish","format-standard","hentry","category-musica","tag-3030","tag-h2do","tag-music","tag-sound"],"_links":{"self":[{"href":"https:\/\/www.gdapress.it\/it\/index.php\/wp-json\/wp\/v2\/posts\/50685","targetHints":{"allow":["GET"]}}],"collection":[{"href":"https:\/\/www.gdapress.it\/it\/index.php\/wp-json\/wp\/v2\/posts"}],"about":[{"href":"https:\/\/www.gdapress.it\/it\/index.php\/wp-json\/wp\/v2\/types\/post"}],"author":[{"embeddable":true,"href":"https:\/\/www.gdapress.it\/it\/index.php\/wp-json\/wp\/v2\/users\/3"}],"replies":[{"embeddable":true,"href":"https:\/\/www.gdapress.it\/it\/index.php\/wp-json\/wp\/v2\/comments?post=50685"}],"version-history":[{"count":1,"href":"https:\/\/www.gdapress.it\/it\/index.php\/wp-json\/wp\/v2\/posts\/50685\/revisions"}],"predecessor-version":[{"id":50686,"href":"https:\/\/www.gdapress.it\/it\/index.php\/wp-json\/wp\/v2\/posts\/50685\/revisions\/50686"}],"wp:attachment":[{"href":"https:\/\/www.gdapress.it\/it\/index.php\/wp-json\/wp\/v2\/media?parent=50685"}],"wp:term":[{"taxonomy":"category","embeddable":true,"href":"https:\/\/www.gdapress.it\/it\/index.php\/wp-json\/wp\/v2\/categories?post=50685"},{"taxonomy":"post_tag","embeddable":true,"href":"https:\/\/www.gdapress.it\/it\/index.php\/wp-json\/wp\/v2\/tags?post=50685"}],"curies":[{"name":"wp","href":"https:\/\/api.w.org\/{rel}","templated":true}]}}