
{"id":50669,"date":"2015-04-18T11:28:39","date_gmt":"2015-04-18T09:28:39","guid":{"rendered":"http:\/\/www.gdapress.it\/it\/?p=50669"},"modified":"2015-04-18T11:28:39","modified_gmt":"2015-04-18T09:28:39","slug":"fiori-di-latta-spazio-evergreen-milano","status":"publish","type":"post","link":"https:\/\/www.gdapress.it\/it\/index.php\/50669\/i-saloni-201220132014\/fiori-di-latta-spazio-evergreen-milano.html","title":{"rendered":"Fiori di Latta Spazio Evergreen Milano"},"content":{"rendered":"<p><a href=\"http:\/\/www.gdapress.it\/it\/..\/public\/it\/2015\/04\/01_Migrazioni_Tamerza.jpeg\"><img loading=\"lazy\" decoding=\"async\" class=\"alignnone size-large wp-image-50670\" src=\"http:\/\/www.gdapress.it\/it\/..\/public\/it\/2015\/04\/01_Migrazioni_Tamerza-500x391.jpeg\" alt=\"01_Migrazioni_Tamerza\" width=\"500\" height=\"391\" srcset=\"https:\/\/www.gdapress.it\/it\/..\/public\/it\/2015\/04\/01_Migrazioni_Tamerza-500x391.jpeg 500w, https:\/\/www.gdapress.it\/it\/..\/public\/it\/2015\/04\/01_Migrazioni_Tamerza-300x235.jpeg 300w, https:\/\/www.gdapress.it\/it\/..\/public\/it\/2015\/04\/01_Migrazioni_Tamerza.jpeg 755w\" sizes=\"auto, (max-width: 500px) 100vw, 500px\" \/><\/a><\/p>\n<p>Fiori di Latta per il Fuorisalone 2015<br \/>\npresenta<br \/>\nLa Misura della Leggerezza<br \/>\n14-19 Aprile 2015<br \/>\nSpazio Evergreen \u2013 Via Palermo, 5<br \/>\nFiori di Latta per la Milano Design Week mette in scena \u2018La Misura della Leggerezza\u2019.<br \/>\nInsieme ad altre 3 aziende \u2013 Adele-C, Crizu e Vesta is at my place \u2013 propone il concetto di essenziale, di una<br \/>\nforma che si fa quasi incorporea, ma che nasconde significati che vanno al di l\u00e0 della linea, del design e della<br \/>\nstruttura in s\u00e9.<br \/>\nUn obiettivo che Gherardo Frassa ha perseguito da sempre \u2013 andare all\u2019essenza delle cose e cercarla in un<br \/>\nsemplice fiore o in una forma naturale con quella semplicit\u00e0 e \u2018leggerezza\u2019 che solo le grandi anime sanno<br \/>\ntrovare.<br \/>\nTante sono le novit\u00e0 proposte da Fiori di Latta.<br \/>\nMigrazioni<br \/>\nStorie di cibo e cultura<br \/>\nLa storia di tutte le specie animali, compresa quella umana, \u00e8 indissolubilmente legata all\u2019alimentazione.<br \/>\nCrescita, prosperit\u00e0 ed estinzione, sono strettamente connesse in rapporti di causalit\u00e0 e consequenzialit\u00e0<br \/>\nalla disponibilit\u00e0 di cibo, alla sua scarsit\u00e0 o abbondanza.<br \/>\nNell\u2019anno di Expo Milano 2015, Citazioni celebra con la serie chiamata \u201cMigrazioni\u201d, la forza di volont\u00e0 di<br \/>\ntutte quelle specie, umane ma non solo, necessaria per coprire distanze smisurate alla ricerca di cibo e<br \/>\nacqua.<br \/>\n5 silhouette in acciaio ideate da Andrea Branzi e inserite all\u2019interno di un disco dipinto di bianco: un<br \/>\noggetto poetico e polifunzionale, da utilizzare come vassoio, centrotavola, fruttiera, svuota tasche\u2026<br \/>\nMamanonmama<br \/>\nSerie composta da americana e vassoio, disegnata da m-ar (acronimo di Tono e Renato J. Morganti).<br \/>\nI petali di una margherita cadendo tracciano delle linee bianche e creano un disegno geometrico su una<br \/>\nlastra di acciaio specchiante; la forma \u00e8 volutamente irregolare con il lato destro pi\u00f9 alto per accogliere<br \/>\nanche lo spazio di un bicchiere.<br \/>\nIl vassoio riprende il disegno dell\u2019americana, ribaltandolo e raddoppiandolo, ma mantenendo il gioco di<br \/>\nlinee; in entrambi i casi la margherita rimane, altera e \u201ctenera\u201d allo stesso tempo, nella sua volont\u00e0 di<br \/>\nmanifestare la propria presenza sotto forma di segnaposto per l\u2019americana e di disegno inciso sul bordo<br \/>\nnel caso del vassoio.<br \/>\nFrutteti<br \/>\nIl concetto alla base della collezione Frutteti, ideati da Gherardo Frassa, rendere speciale un oggetto di<br \/>\nuso comune, come il portafrutta, viene arricchito da tre nuovi soggetti: Tenerezza e 1.2.3.4 farfalle \u2013<br \/>\nversione \u201cappesa\u201d e mobile \u2013 sono composti da farfalle, finemente intagliate, che sembrano spiccare il<br \/>\nvolo con grazia, eleganza e un tocco di fantasia, mentre Sognare di volare, rappresenta una delle<br \/>\naspirazioni primordiali dell\u2019uomo: ed \u00e8 cos\u00ec che troviamo due arei volano attorno al sole e verso il sogno di<br \/>\nogni bambino.<br \/>\nPapaveri Infiniti King Size gold e still<br \/>\nSi aggiungono alla collezione Full Metal Flowers anche i Papaveri infiniti, soggetto iconico delle collezioni<br \/>\nFiori di Latta. Grandi sculture \u2013 alte duecento centimetri \u2013 che conservano intatta la loro \u2018leggerezza\u2019,<br \/>\nnonostante le dimensioni, e che si tingono di gold e steel per chi ama l\u2019essenziale, ma con un sapore di<br \/>\nglamour e rock.<br \/>\nSono disponibili sia nella versione indoor che outdoor e anche nel \u2018classico\u2019 colore rosso papavero.<br \/>\nwww.fioridilatta.com<\/p>\n","protected":false},"excerpt":{"rendered":"<p>Fiori di Latta per il Fuorisalone 2015 presenta La Misura della Leggerezza 14-19 Aprile 2015 Spazio Evergreen \u2013 Via Palermo, 5 Fiori di Latta per la Milano Design Week mette in scena \u2018La Misura della Leggerezza\u2019. Insieme ad altre 3 aziende \u2013 Adele-C, Crizu e Vesta is at my place \u2013 propone il concetto di &hellip; <a href=\"https:\/\/www.gdapress.it\/it\/index.php\/50669\/i-saloni-201220132014\/fiori-di-latta-spazio-evergreen-milano.html\" class=\"more-link\">Read more <span class=\"screen-reader-text\">Fiori di Latta Spazio Evergreen Milano<\/span><\/a><\/p>\n","protected":false},"author":3,"featured_media":0,"comment_status":"closed","ping_status":"open","sticky":false,"template":"","format":"standard","meta":{"footnotes":""},"categories":[8151],"tags":[15286,17,15287],"class_list":["post-50669","post","type-post","status-publish","format-standard","hentry","category-i-saloni-201220132014","tag-fiori-di-latta","tag-milano","tag-spazio-evergreen"],"_links":{"self":[{"href":"https:\/\/www.gdapress.it\/it\/index.php\/wp-json\/wp\/v2\/posts\/50669","targetHints":{"allow":["GET"]}}],"collection":[{"href":"https:\/\/www.gdapress.it\/it\/index.php\/wp-json\/wp\/v2\/posts"}],"about":[{"href":"https:\/\/www.gdapress.it\/it\/index.php\/wp-json\/wp\/v2\/types\/post"}],"author":[{"embeddable":true,"href":"https:\/\/www.gdapress.it\/it\/index.php\/wp-json\/wp\/v2\/users\/3"}],"replies":[{"embeddable":true,"href":"https:\/\/www.gdapress.it\/it\/index.php\/wp-json\/wp\/v2\/comments?post=50669"}],"version-history":[{"count":1,"href":"https:\/\/www.gdapress.it\/it\/index.php\/wp-json\/wp\/v2\/posts\/50669\/revisions"}],"predecessor-version":[{"id":50671,"href":"https:\/\/www.gdapress.it\/it\/index.php\/wp-json\/wp\/v2\/posts\/50669\/revisions\/50671"}],"wp:attachment":[{"href":"https:\/\/www.gdapress.it\/it\/index.php\/wp-json\/wp\/v2\/media?parent=50669"}],"wp:term":[{"taxonomy":"category","embeddable":true,"href":"https:\/\/www.gdapress.it\/it\/index.php\/wp-json\/wp\/v2\/categories?post=50669"},{"taxonomy":"post_tag","embeddable":true,"href":"https:\/\/www.gdapress.it\/it\/index.php\/wp-json\/wp\/v2\/tags?post=50669"}],"curies":[{"name":"wp","href":"https:\/\/api.w.org\/{rel}","templated":true}]}}