
{"id":50533,"date":"2015-04-13T02:17:29","date_gmt":"2015-04-13T00:17:29","guid":{"rendered":"http:\/\/www.gdapress.it\/it\/?p=50533"},"modified":"2015-04-13T02:17:29","modified_gmt":"2015-04-13T00:17:29","slug":"aarch-mi-fs-design-hub-fuorisalone-milano","status":"publish","type":"post","link":"https:\/\/www.gdapress.it\/it\/index.php\/50533\/i-saloni-201220132014\/aarch-mi-fs-design-hub-fuorisalone-milano.html","title":{"rendered":"AARCH-MI  FS DESIGN HUB FUORISALONE MILANO"},"content":{"rendered":"<h2><a href=\"http:\/\/www.gdapress.it\/it\/..\/public\/it\/2015\/03\/001_logo.png\"><img loading=\"lazy\" decoding=\"async\" class=\"alignnone size-large wp-image-50219\" src=\"http:\/\/www.gdapress.it\/it\/..\/public\/it\/2015\/03\/001_logo-400x400.png\" alt=\"001_logo\" width=\"400\" height=\"400\" srcset=\"https:\/\/www.gdapress.it\/it\/..\/public\/it\/2015\/03\/001_logo-400x400.png 400w, https:\/\/www.gdapress.it\/it\/..\/public\/it\/2015\/03\/001_logo-150x150.png 150w, https:\/\/www.gdapress.it\/it\/..\/public\/it\/2015\/03\/001_logo-300x300.png 300w, https:\/\/www.gdapress.it\/it\/..\/public\/it\/2015\/03\/001_logo-144x144.png 144w, https:\/\/www.gdapress.it\/it\/..\/public\/it\/2015\/03\/001_logo-676x676.png 676w, https:\/\/www.gdapress.it\/it\/..\/public\/it\/2015\/03\/001_logo.png 693w\" sizes=\"auto, (max-width: 400px) 100vw, 400px\" \/><\/a><\/h2>\n<h2>FS DESIGN HUB<\/h2>\n<h3>CENTRALEFS \u2013 DESIGNHUB<br \/>\nITINERARI TRA DESIGN ED ARCHITETTURA<\/h3>\n<h3>14 \u2013 19 Aprile 2015<\/h3>\n<h3>Milano<\/h3>\n<h3>zona Stazione Centrale<\/h3>\n<h3><\/h3>\n<h4>Con il titolo &#8220;centraleFS-designHUB&#8221; si presentano itinerari che durante la settimana della Design Week 2015 consentiranno ai visitatori come ai cittadini di scoprire o riscoprire luoghi prossimi alla stazione Centrale ricchi di carattere e sicuramente alternativi. CentraleFS-designHUB \u00e8 d&#8217;altra parte anche il nome del progetto di ricerca che l&#8217;associazione promotrice dell&#8217;iniziativa promuove dal 2012 con il fine di svluppare soluzioni urbanistiche, architettoniche e paesistiche per la riqualificazione dell&#8217;area dei Magazzini Raccordati.<\/p>\n<p><span style=\"text-decoration: underline;\">Eventi ed itinerari<\/span><br \/>\nNumerosi sono gli eventi proposti tra i quali itinerari in bicicletta lungo la Martesana, degustazioni vegane, selfiemob e sketchmob, proiezioni cinematografiche e presentazione di giovani designer emergenti ed autoprodotti. Gli eventi saranno collegati lungo itinerari proposti a piedi, bicicletta o mezzi pubblici, con il fine di consentire al visitatore un esperienza autentica ed alternativa in un area fortemente caratterizzata quale \u00e8 quella della Stazione Centrale. Dalla stazione Centrale si arriver\u00e0 cos\u00ec fino al Naviglio della Martesana, che con la sua forte valenza naturalistica fa da contrappeso paesistico al rilevato ferroviario dei Magazzini Raccordati, oggi ridotto dai fatti e dal tempo ad una sorta di rovina romantica.<br \/>\nGli itinerari vertono a portare l&#8217;attenzione dei visitatori sui caratteri e sulle qualit\u00e0 di questo manufatto (il pi\u00f9 grande edificio della citt\u00e0) e sull&#8217;area intera della stazione Centrale Martesana, sfruttando la cassa di risonanza che la design week rappresenta per la citt\u00e0.<br \/>\nAd organizzare CentraleFS\u2013designHUB \u00e8 l&#8217;associazione culturale AARCH-MI, e gli itinerari sono patrocinati dal Comune di Milano. Numerosi i partner elencati sul sito<a href=\"http:\/\/www.fsdesignhub.com\/index.php\" target=\"_blank\">web<\/a>.<\/h4>\n<h3><\/h3>\n<h4><a href=\"http:\/\/www.fsdesignhub.com\/index.php\" target=\"_blank\"><b><span style=\"text-decoration: underline;\">Vai al sito FSdesignHUB.com<\/span><\/b><\/a><\/h4>\n","protected":false},"excerpt":{"rendered":"<p>FS DESIGN HUB CENTRALEFS \u2013 DESIGNHUB ITINERARI TRA DESIGN ED ARCHITETTURA 14 \u2013 19 Aprile 2015 Milano zona Stazione Centrale Con il titolo &#8220;centraleFS-designHUB&#8221; si presentano itinerari che durante la settimana della Design Week 2015 consentiranno ai visitatori come ai cittadini di scoprire o riscoprire luoghi prossimi alla stazione Centrale ricchi di carattere e sicuramente &hellip; <a href=\"https:\/\/www.gdapress.it\/it\/index.php\/50533\/i-saloni-201220132014\/aarch-mi-fs-design-hub-fuorisalone-milano.html\" class=\"more-link\">Read more <span class=\"screen-reader-text\">AARCH-MI  FS DESIGN HUB FUORISALONE MILANO<\/span><\/a><\/p>\n","protected":false},"author":3,"featured_media":0,"comment_status":"closed","ping_status":"open","sticky":false,"template":"","format":"standard","meta":{"footnotes":""},"categories":[8151],"tags":[15119,15236,1356,17],"class_list":["post-50533","post","type-post","status-publish","format-standard","hentry","category-i-saloni-201220132014","tag-aarch-mi","tag-fs-design-hub","tag-fuorisalone","tag-milano"],"_links":{"self":[{"href":"https:\/\/www.gdapress.it\/it\/index.php\/wp-json\/wp\/v2\/posts\/50533","targetHints":{"allow":["GET"]}}],"collection":[{"href":"https:\/\/www.gdapress.it\/it\/index.php\/wp-json\/wp\/v2\/posts"}],"about":[{"href":"https:\/\/www.gdapress.it\/it\/index.php\/wp-json\/wp\/v2\/types\/post"}],"author":[{"embeddable":true,"href":"https:\/\/www.gdapress.it\/it\/index.php\/wp-json\/wp\/v2\/users\/3"}],"replies":[{"embeddable":true,"href":"https:\/\/www.gdapress.it\/it\/index.php\/wp-json\/wp\/v2\/comments?post=50533"}],"version-history":[{"count":1,"href":"https:\/\/www.gdapress.it\/it\/index.php\/wp-json\/wp\/v2\/posts\/50533\/revisions"}],"predecessor-version":[{"id":50535,"href":"https:\/\/www.gdapress.it\/it\/index.php\/wp-json\/wp\/v2\/posts\/50533\/revisions\/50535"}],"wp:attachment":[{"href":"https:\/\/www.gdapress.it\/it\/index.php\/wp-json\/wp\/v2\/media?parent=50533"}],"wp:term":[{"taxonomy":"category","embeddable":true,"href":"https:\/\/www.gdapress.it\/it\/index.php\/wp-json\/wp\/v2\/categories?post=50533"},{"taxonomy":"post_tag","embeddable":true,"href":"https:\/\/www.gdapress.it\/it\/index.php\/wp-json\/wp\/v2\/tags?post=50533"}],"curies":[{"name":"wp","href":"https:\/\/api.w.org\/{rel}","templated":true}]}}