
{"id":50511,"date":"2015-04-12T17:54:32","date_gmt":"2015-04-12T15:54:32","guid":{"rendered":"http:\/\/www.gdapress.it\/it\/?p=50511"},"modified":"2015-04-12T17:54:32","modified_gmt":"2015-04-12T15:54:32","slug":"ied-design-week-2015","status":"publish","type":"post","link":"https:\/\/www.gdapress.it\/it\/index.php\/50511\/i-saloni-201220132014\/ied-design-week-2015.html","title":{"rendered":"IED DESIGN WEEK 2015"},"content":{"rendered":"<p>La creativit\u00e0 degli studenti IED, anche quest\u2019anno,\u00a0<strong>sar\u00e0 protagonista alla Milano Design Week<\/strong>\u00a0attraverso le numerose<strong> iniziative<\/strong> previste dal 14 al 19 aprile.<\/p>\n<p>Gli eventi, che si svolgeranno all\u2019interno della storica sede IED di via Sciesa e in location prestigiose del territorio, offriranno occasioni di incontro e riflessione sul macro tema del design e presenteranno i progetti innovativi e concreti realizzati dai giovani creativi.<\/p>\n<p><strong>EXHIBITION &#8211; TRANSPORTATION. DESIGN. SHOW.<\/strong><\/p>\n<p><strong>IED Milano<br \/>\nVia Sciesa, 4<\/strong><\/p>\n<p><strong>14-17 aprile\u00a0 h. 8.30-22.00 \/ 18 aprile h. 8.30-16.30<\/strong><\/p>\n<p><strong>16 aprile h. 10:00 talk #cardesignsmart <em>Mobilit\u00e0 e professioni del futuro<\/em> <\/strong><\/p>\n<p><strong>TRANSPORTATION. DESIGN. SHOW.<\/strong> \u00e8 l\u2019exhibition dedicata ai migliori progetti di transportation design della sede IED di Torino. Gli spazi di Via Sciesa saranno aperti al pubblico per scoprire una selezione di modelli, frutto delle ultime collaborazioni sviluppate dall\u2019Istituto con case auto e centri stile di fama internazionale. Presenza d\u2019eccezione sar\u00e0 la Syrma, 11\u00b0 modello in scala reale realizzato dallo storico Master in Transportation Design IED Torino e presentata al recente Salone dell\u2019Automobile di Ginevra in collaborazione con Quattroruote. Syrma \u00e8 un veicolo dal layout decisamente innovativo: una tre posti anteriori sfalsati, con guida centrale e power unit posteriore. La concept \u00e8 dotata di un sistema di propulsione ibrida ed \u00e8 stata studiata per essere del tutto sicura, dotata quindi di innovativi dispositivi di sicurezza attiva e passiva. Syrma sar\u00e0 in mostra insieme ai modelli di car design in scala 1:4 realizzati in collaborazione con i brand Mahindra, Mini, Ferrari, McLaren, Aston Martin e BMW e ad un prototipo Aprilia in scala reale di bike design. Tutti i modelli sono il risultato dei progetti di tesi degli ultimi anni del Corso di Diploma Accademico in Transportation Design.<\/p>\n<p>&nbsp;<\/p>\n<p><strong>#cardesignsmart &#8211; <em>Mobilit\u00e0 e professioni del futuro<\/em><\/strong> \u00e8 il titolo del talk che sar\u00e0 condotto da Riccardo Balbo -Direttore IED Torino &#8211; il 16 aprile 2015 alle ore 10.00 in IED Milano. Gli studenti delle scuole superiori sono invitati a scoprire il mondo del transportation design attraverso l\u2019esperienza e le parole di chi tutti i giorni si occupa di formazione e discipline creative. Fra i temi che saranno affrontati: quali sono le sfide della mobilit\u00e0 del futuro? A quali richieste del mercato i designer di domani dovranno saper rispondere?<\/p>\n<p>&nbsp;<\/p>\n<p><strong>IED STUDENTS AWARDS<\/strong><\/p>\n<p><strong>FIERA MILANO, RHO<br \/>\nRECEPTION 14-18<br \/>\n14-19 Aprile h. 9.30\/18.30<br \/>\nApertura al pubblico: 18-19 Aprile 9.30\/18.30<\/strong><\/p>\n<p>&nbsp;<\/p>\n<p>L\u2019Istituto Europeo di Design sar\u00e0 presente al Salone del Mobile con uno spazio in Fiera Milano all\u2019interno del quale sar\u00e0 presentata una selezione dei progetti realizzati da studenti ed ex studenti IED che hanno ricevuto recenti premi e riconoscimenti.<br \/>\nGioved\u00ec 16 aprile alle ore 11:00 inoltre IED organizzer\u00e0 all\u2019interno dell\u2019 Agor\u00e0 dell&#8217;installazione &#8220;La Passeggiata&#8221; realizzata dall\u2019Architetto Michele De Lucchi, la conferenza <em>L\u2019evoluzione del workplace, <\/em>a cura di Nora Trentini e\u00a0 Chiara Costanzelli di RBSGROUP.<\/p>\n<p><strong>OPEN DAY INTERNAZIONALE <\/strong><\/p>\n<p><strong>IED Milano<br \/>\nVia Sciesa<br \/>\n<\/strong><strong>17 aprile,\u00a0h.9.30-13.30<br \/>\nTour dei progetti IED @ Fuorisalone<br \/>\n17 aprile,\u00a0h.14.30-19.30<\/p>\n<p><\/strong><\/p>\n<p>Una giornata dedicata all\u2019informazione e all\u2019orientamento per studenti che vogliono affrontare un percorso di formazione nelle aree del\u00a0<strong>design, moda, arti visive, comunicazione e management<\/strong>. Tre workshop testimoniano l\u2019approccio distintivo alla creativit\u00e0 di IED, \u201clearning by doing\u201d, seguir\u00e0 una visita guidata ad alcuni dei progetti IED esposti al Fuorisalone.<\/p>\n<p>&nbsp;<\/p>\n<p><strong>IN_FORMALE<\/strong><\/p>\n<p><strong>Fabbrica del Vapore, Palazzo del Porcellino, Via Procaccini 4<br \/>\nInaugurazione 14 aprile h. 18.30<br \/>\nApertura al pubblico: 15\/19 Aprile h. 10.00-22.00<\/strong><\/p>\n<p>Nella nuova cornice dell&#8217;appena inaugurato Palazzo del Porcellino, IED presenta progetti e installazioni multimediali legati alle tematiche del design sostenibile, dell&#8217;interattivit\u00e0 e della progettazione partecipata.<\/p>\n<p><strong>\u00a0<\/strong><\/p>\n<p><strong>IED MILANO con Reckless CardboarD<\/p>\n<p><\/strong><\/p>\n<p>IED Milano e INVIDEO by aiace\u00a0presentano\u00a0Reckless Cardboard, arredi presentati attraverso una mostra frutto di un percorso progettuale che ha alternato la sperimentazione interdisciplinare, la ricerca di materiali e forme e il dialogo con un&#8217;azienda, Formaperta, gi\u00e0 vincitrice di\u00a0parecchi premi tra cui \u201cThe European Paper Recycling Awards, The European Business Award for Environmental Awareness e il Premio Innovazione Amica dell\u2019Ambiente\u201d. RECKLESS CARDBOARD racconta la storia di una ribellione: un materiale con la sua azienda e un team di progettisti si ribellano ai luoghi comuni. Il cartone si ribella, sfida le leggi della statica, sfata tutti i luoghi comuni, da rifiuto diventa prezioso, da fragile si trasforma in solido.<br \/>\nLe aree disciplinari coinvolte sono quelle dei corsi di Video Design, Interaction Design e Sound Design della Scuola di Visual Communication, Interior Design e Product Design della scuola di Design.<\/p>\n<p>&nbsp;<\/p>\n<p><strong>IED ROMA con DESIGN TO RESPECT WATER<\/p>\n<p><\/strong><\/p>\n<p>IED Roma e Laboratorio Dagad presentano DESIGN TO RESPECT WATER, soluzioni progettuali per vivere in modo pi\u00f9 eco e acqua-friendly. I lavori sono frutto di una ricerca che ha analizzato lo stile di vita di diversi gruppi di et\u00e0 (bambini, teenager, adulti e anziani) nel mondo occidentale, per capire quali sono i comportamenti legati all\u2019uso e al consumo dell\u2019acqua e come i designer possano, attraverso la progettazione di prodotti, servizi e sistemi, modificarli e quindi aiutare a \u201crispettare l\u2019acqua\u201d.\u00a0 Tra i progetti in mostra: il gioco che aiuta il bambino e l\u2019adulto a capire la quantit\u00e0 d\u2019acqua usata in agricoltura per le coltivazioni; lo specchio che riflette il consumo e fa riflettere l\u2019utente sui suoi comportamenti; il sistema per il riciclo dell\u2019acqua domestica per annaffiare l\u2019orto in citt\u00e0 e un\u2019app per monitorare il consumo di acqua in casa. I progetti sono stati realizzati dagli studenti del secondo anno del corso di Product Design.<\/p>\n<p>&nbsp;<\/p>\n<p><strong>IED MADRID con DESIGNER and CONTEXT<\/p>\n<p><\/strong><\/p>\n<p>IED Madrid presenta DESIGNER and CONTEXT, una mostra dedicata all&#8217;interazione tra il design e la societ\u00e0. I progetti presentati esemplificano il ruolo essenziale giocato dai designer nei cambiamenti e nell\u2019evoluzione del contesto corrente.<br \/>\nUn designer professionista lavora in ogni ambito, sociale, culturale, ambientale, essendo coinvolto in prima persona e portando radicali cambiamenti. La mostra sar\u00e0 centrata sulle modalit\u00e0 in cui il progettista agisce perch\u00e9 questi cambiamenti si realizzino come risultante del suo lavoro e dei suoi processi creativi.<\/p>\n<p><strong>IED BARCELLONA con RETRASH<br \/>\n<\/strong><\/p>\n<p>IED Barcellona presenta attraverso un video il progetto Retrash, realizzato per il Primavera Sound Festival. Retrash ha due principali funzioni: raccogliere rifiuti differenziandoli e al tempo stesso fungere da seduta.<\/p>\n<p><strong>IL GIORNO LAB<\/strong><strong> \u2013 IL DESIGN DEL QUOTIDIANO<br \/>\nFabbrica del Vapore, Palazzo del Porcellino, Via Procaccini 4<br \/>\nInaugurazione 14 aprile h. 18.30<br \/>\nApertura al pubblico: 15\/19 Aprile h. 10.00-22.00<\/strong><\/p>\n<p>Il Palazzo del Porcellino accoglier\u00e0 anche il progetto Giorno Lab, realizzato da IED in collaborazione con il quotidiano Il Giorno con il contributo di Unicredit: sar\u00e0 presentata un\u2019installazione artistica interamente in carta di quotidiano realizzata da un gruppo multidisciplinare di studenti IED, chiamati a dare un\u2019interpretazione concettuale sul tema del cibo.<\/p>\n<p><strong>SULCIS LAB<\/strong><\/p>\n<p><strong>Sharing Design<\/strong><strong><br \/>\nFabbrica del Vapore, Cattedrale, Via Procaccini 4<br \/>\nInaugurazione 14 aprile h. 18.30<br \/>\nApertura al pubblico: 15\/18 maggio h. 10.00-22.00<\/strong><\/p>\n<p><em>\u00a0<\/em><\/p>\n<p>Il progetto, nato in collaborazione tra IED Cagliari e il Rotary, propone una collezione di oggetti contemporanei legati al tema del food e della tavola. Attraverso la conoscenza, la comprensione e la rivisitazione<\/p>\n<p>della cultura materiale e della tradizione artigianale sarda, gli studenti del corso di Product Design, coordinati da Annalisa Cocco, hanno sviluppato un interessante progetto didattico, risultato del lavoro sinergico tra studenti, docenti e artigiani.<\/p>\n<p>Il Sulcis Iglesiente \u00e8 una zona mineraria nel sud della Sardegna che vive da anni una forte crisi economica. La collezione \u201cSulcis in Food\u201c vuole offrire un momento di riflessione e di verifica sulle potenzialit\u00e0 creative e produttive che giacciono simbolicamente in fondo alle miniere e che necessitano e meritano di essere riportate alla luce con idee e proposte innovative.<\/p>\n<p><strong>ELITA DESIGN WEEK FESTIVAL \u2013 BORDERLESS<\/strong><\/p>\n<p>Si rinnova la collaborazione tra IED e Elita Design Week Festival. Molti gli appuntamenti:<\/p>\n<p><strong>PROSPETTIVE E FRONTIERE DEL SOUND DESIGN<br \/>\nProgettare il suono: formazione, ricerca, creazione ed esperienza dell&#8217;ascolto.<br \/>\n<\/strong><strong>Il Diurno Cobianchi<br \/>\nPiazza Duomo, 19\/A <\/strong><\/p>\n<p><strong>16 aprile h. 16.30<\/strong><\/p>\n<p>Un incontro di confronto e approfondimento sulle prospettive del suono applicato.<\/p>\n<p>Il racconto di diverse esperienze di ricerca e formazione, tra Parigi (IRCAM) e Milano (IED e Conservatorio) si pone come punto di partenza per una riflessione sulle relazioni tra suono, design e contesti di creazione e fruizione sonora. Interverranno: Pain\u00e8 Cuadrelli (Coordinatore del Corso di Sound Design IED), Olivier Houix, Jules Francoise, Paola Palumbo (IRCAM), Giovanni Cospito (CONSERVATORIO DI MILANO, dip. Musica con Nuove Tecnologie).<br \/>\n<strong>Approaches and Tools in Sonic Interaction Design<\/strong><strong><br \/>\nIED Milano<br \/>\nVia Sciesa 4<\/strong><\/p>\n<p><strong>17 Aprile h. 10.00<\/strong><\/p>\n<p>Lecture a cura di IRCAM dedicata agli studenti IED. Intervengono Olivier Houix, Jules Francoise, Paola Palumbo.<strong><br \/>\n<\/strong><\/p>\n<p><strong>ELITA DESIGN AWARD<br \/>\nTeatro Franco Parenti<br \/>\nVia Pierlombardo, 14<br \/>\n19 Aprile h. 11.30<\/strong><\/p>\n<p>Giunto alla sua quinta edizione, il Milano Design Award\u00a0 \u00e8 un progetto organizzato da Elita in collaborazione con IED, La Repubblica, Future Concept Lab, fuorisalone.it, Casa Matera e lovli.it. Saranno selezionati e premiati eventi e installazioni secondo le seguenti categorie:<strong><br \/>\n<\/strong><\/p>\n<p><strong><em>Milano Design Award: <\/em><\/strong>\u00e8 il premio dedicato all&#8217;installazione in grado di coniugare il maggior grado di impatto e innovazione.<\/p>\n<p><strong><em>Best Sound: <\/em><\/strong>assegnato da IED &#8211; premia il progettista che meglio utilizza il suono come veicolo di<\/p>\n<p>Comunicazione.<\/p>\n<p><strong><em>Best Tech: <\/em><\/strong>premia il progetto che pi\u00f9 di tutti si distingue per evoluzione tecnologica e aderenza al concetto di smart city\/ smart life.<\/p>\n<p><strong><em>Best Impact: <\/em><\/strong>premia il progetto che risponde alle esigenze di un miglioramento dell\u2019impatto sociale, ambientale, economico.<\/p>\n<p><strong><em>Best Entertaining: <\/em><\/strong>premia il progetto che riesce a coinvolgere l\u2019audience in una dimensione di intrattenimento ludico e\/o culturale<\/p>\n<p><strong><em>E-commerce Excellence: <\/em><\/strong>premia il progetto di design con maggior potenziale per il web.<\/p>\n<p>&nbsp;<\/p>\n<p><strong>GENTUTA<br \/>\n<\/strong><strong>Teatro Franco Parenti<br \/>\nVia Pierlombardo, 14<br \/>\n14-19 Aprile<\/p>\n<p><\/strong><\/p>\n<p>Durante tutta la settimana sar\u00e0 esposta presso il Teatro Parenti la collezione di uniformi ispirate al workwear, frutto di una progettazione a classi unificate degli studenti di Fashion Design IED Moda Milano guidati da Gentucca Bini, professionista e docente del corso. Dalla collezione, pensata in ogni sua forma, compreso il packaging verr\u00e0 eletto il miglior prototipo. Il cartamodello di questo funger\u00e0 da matrice per la &#8220;tuta&#8221; IED che gli studenti confezioneranno e personalizzeranno.<\/p>\n<p>&nbsp;<\/p>\n<p><strong>M2O SEGNAL HILLS<br \/>\nIED Milano<br \/>\nVia Sciesa, 4<\/strong><\/p>\n<p>Dalla sede IED, M2O irradier\u00e0 il suo segnale in diretta nazionale per raccontare i principali appuntamenti della design week attraverso la musica e l\u2019intrattenimento.<\/p>\n<p><strong>SAMSUNG MAESTROS ACADEMY @ IED<\/strong><\/p>\n<p><strong>Samsung District, Viale della Liberazione 9<\/strong><\/p>\n<p><strong>15 aprile h. 18.30<\/p>\n<p><\/strong><\/p>\n<p>Presentazione dei 5 progetti di artigianato contemporaneo che si sono distinti durante Samsung Maestros Academy @ IED, il corso promosso da Samsung e IED Milano con l\u2019obiettivo di tramandare il sapere artigiano, innovando la tradizione grazie all\u2019utilizzo della tecnologia. Durante le 400 ore di lezione, gli studenti sono stati chiamati a realizzare un proprio elaborato, capace di competere nel mercato globale e di veicolare i valori del Made in Italy.<\/p>\n<p>I lavori dei giovani talenti saranno successivamente esposti in maniera permanente presso lo spazio espositivo Samsung.<\/p>\n<p><strong>IED INCONTRA ACQUA DI PARMA <\/strong><\/p>\n<p><strong>La Rinascente, Piazza Duomo 3<br \/>\nBoutique Acqua di Parma, Via del Ges\u00f9<br \/>\n13-19 Aprile: lun\/gio 9.30-21.00 ven\/sab 9.30-22.00 dom 10.00-21.00<\/strong><\/p>\n<p>Nei giorni della Design Week, 3 illustratori diplomati allo IED personalizzeranno, in tempo reale, i tappi del celebre flacone delle fragranze Universo Blu Mediterraneo. I tappi saranno dati in omaggio ai clienti che acquisteranno un flacone della linea Blu Mediterraneo presso La Rinascente o la boutique.<\/p>\n<p><strong>REDESIGN BRANCAMENTA BY IED<br \/>\nJust Cavalli Caf\u00e8,<br \/>\nVia Camoens<\/strong><\/p>\n<p><strong>14 aprile h. 23.30<\/strong><\/p>\n<p><strong>\u00a0<\/strong>IED e BRANCA presentano i risultati del Progetto REDESIGN BRANCAMENTA. Al Just Cavalli Caf\u00e8 saranno esposte in formato manifesto diverse reinterpretazioni grafiche e stilistiche della bottiglia Brancamenta sviluppate dagli studenti del master IED in Graphic Design.<\/p>\n<p><strong>#\u200eMODAFUTURIBILE &#8211; focus: #\u200eLASERTEXTILE<\/strong><\/p>\n<p><strong>Ventura LAP \u2013 Via Cletto Arrighi, 19<\/strong><\/p>\n<p><strong>14-19 Aprile: mar\/sab 10.00-20.00 dom 10.00\/18.00<\/strong><\/p>\n<p><strong>Opening: 15 aprile h. 20.00<\/strong><\/p>\n<p>&nbsp;<\/p>\n<p>Gli studenti del secondo anno di Fashion Design sono impegnati nella ricerca di sviluppi futuri per il mondo del lasertextile. I risultati del progetto saranno esposti su tavole illustrative, moodboard e immagini durante il Salone del Mobile e, successivamente, presso le pi\u00f9 importanti fiere europee.<br \/>\nIl progetto \u00e8 stato realizzato da Dyloan Studio in collaborazione con Central Saint Martins e Universit\u00e0 di Pescara.<\/p>\n<p>&nbsp;<\/p>\n<p><strong>Colori&amp;Caratteri<br \/>\n<\/strong><strong>Superstudio Pi\u00f9 &#8211; Via Tortona 27<br \/>\n14-17 aprile h. 10.00-21.00 solo per addetti ai lavori<br \/>\n18 aprile h. 10.00-21.00 \/ 19 aprile h. 10.00-18.00 ingresso libero<\/strong><\/p>\n<p>Colori&amp;Caratteri di Sikkens. Un percorso all\u2019interno della nuova collezione per esplorare le molteplici personalit\u00e0 del colore. Un progetto di Interior Design Sikkens sviluppato in collaborazione con IED Torino.<br \/>\nCome il colore diventa elemento caratterizzante nella personalizzazione degli spazi interni.<br \/>\n10 collezioni colore per 10 personalit\u00e0.<\/p>\n<p><strong>IED<\/strong><\/p>\n<p><em>IED &#8211; Istituto Europeo di Design &#8211;<\/em><em>\u00a0nasce nel 1966 dall\u2019intuizione di Francesco Morelli. IED \u00e8 oggi un\u2019eccellenza internazionale di matrice completamente italiana, che opera nel campo della formazione e della ricerca, nelle discipline del Design, della Moda, delle Arti Visive e della Comunicazione. Si posiziona come scuola internazionale di Alta Formazione orientata alle professioni della creativit\u00e0, con particolare attenzione al design nelle sue diverse e pi\u00f9 aggiornate declinazioni. L\u2019offerta formativa\u00a0IED\u00a0\u00e8 basata su crediti formativi (CF) strutturati in conformit\u00e0\u00a0ai parametri adottati dalle pi\u00f9 avanzate istituzioni europee del settore. Il percorso di formazione ideale mira a condurre lo studente verso una preparazione a tutto tondo nella disciplina del Design prescelta, abbinando un programma Undergraduate ad uno Postgraduate. IED\u00a0conta su uno staff di pi\u00f9 di 400 professionisti che collaborano con gli oltre 1.900 docenti, attivi nei rispettivi settori di riferimento, per assicurare il perfetto funzionamento delle 11 sedi: Milano, Torino, Roma, Firenze, Venezia, Cagliari, Como, Madrid, Barcellona, San Paolo, Rio de Janeiro.<\/em><\/p>\n<p>&nbsp;<\/p>\n<p>&nbsp;<\/p>\n<p>&nbsp;<\/p>\n<p>&nbsp;<\/p>\n<p>&nbsp;<\/p>\n<p>&nbsp;<\/p>\n<p>&nbsp;<\/p>\n<p>&nbsp;<\/p>\n","protected":false},"excerpt":{"rendered":"<p>La creativit\u00e0 degli studenti IED, anche quest\u2019anno,\u00a0sar\u00e0 protagonista alla Milano Design Week\u00a0attraverso le numerose iniziative previste dal 14 al 19 aprile. Gli eventi, che si svolgeranno all\u2019interno della storica sede IED di via Sciesa e in location prestigiose del territorio, offriranno occasioni di incontro e riflessione sul macro tema del design e presenteranno i progetti &hellip; <a href=\"https:\/\/www.gdapress.it\/it\/index.php\/50511\/i-saloni-201220132014\/ied-design-week-2015.html\" class=\"more-link\">Read more <span class=\"screen-reader-text\">IED DESIGN WEEK 2015<\/span><\/a><\/p>\n","protected":false},"author":3,"featured_media":0,"comment_status":"closed","ping_status":"open","sticky":false,"template":"","format":"standard","meta":{"footnotes":""},"categories":[8151],"tags":[17456,2397,17,15220],"class_list":["post-50511","post","type-post","status-publish","format-standard","hentry","category-i-saloni-201220132014","tag-design","tag-ied","tag-milano","tag-week-2015"],"_links":{"self":[{"href":"https:\/\/www.gdapress.it\/it\/index.php\/wp-json\/wp\/v2\/posts\/50511","targetHints":{"allow":["GET"]}}],"collection":[{"href":"https:\/\/www.gdapress.it\/it\/index.php\/wp-json\/wp\/v2\/posts"}],"about":[{"href":"https:\/\/www.gdapress.it\/it\/index.php\/wp-json\/wp\/v2\/types\/post"}],"author":[{"embeddable":true,"href":"https:\/\/www.gdapress.it\/it\/index.php\/wp-json\/wp\/v2\/users\/3"}],"replies":[{"embeddable":true,"href":"https:\/\/www.gdapress.it\/it\/index.php\/wp-json\/wp\/v2\/comments?post=50511"}],"version-history":[{"count":1,"href":"https:\/\/www.gdapress.it\/it\/index.php\/wp-json\/wp\/v2\/posts\/50511\/revisions"}],"predecessor-version":[{"id":50512,"href":"https:\/\/www.gdapress.it\/it\/index.php\/wp-json\/wp\/v2\/posts\/50511\/revisions\/50512"}],"wp:attachment":[{"href":"https:\/\/www.gdapress.it\/it\/index.php\/wp-json\/wp\/v2\/media?parent=50511"}],"wp:term":[{"taxonomy":"category","embeddable":true,"href":"https:\/\/www.gdapress.it\/it\/index.php\/wp-json\/wp\/v2\/categories?post=50511"},{"taxonomy":"post_tag","embeddable":true,"href":"https:\/\/www.gdapress.it\/it\/index.php\/wp-json\/wp\/v2\/tags?post=50511"}],"curies":[{"name":"wp","href":"https:\/\/api.w.org\/{rel}","templated":true}]}}