
{"id":50426,"date":"2015-04-11T20:43:39","date_gmt":"2015-04-11T18:43:39","guid":{"rendered":"http:\/\/www.gdapress.it\/it\/?p=50426"},"modified":"2015-04-11T20:43:39","modified_gmt":"2015-04-11T18:43:39","slug":"54a-edizione-del-salone-del-mobile-milano-spazio-a-novita-innovazione-ed-eventi-culturali","status":"publish","type":"post","link":"https:\/\/www.gdapress.it\/it\/index.php\/50426\/i-saloni-201220132014\/54a-edizione-del-salone-del-mobile-milano-spazio-a-novita-innovazione-ed-eventi-culturali.html","title":{"rendered":"54a edizione del Salone del Mobile.Milano: spazio a novit\u00e0, innovazione ed eventi culturali"},"content":{"rendered":"<p><a href=\"http:\/\/www.gdapress.it\/it\/..\/public\/it\/2015\/04\/11016837_835802146499145_2468696376041981830_n.png\"><img loading=\"lazy\" decoding=\"async\" class=\"alignnone size-medium wp-image-50427\" src=\"http:\/\/www.gdapress.it\/it\/..\/public\/it\/2015\/04\/11016837_835802146499145_2468696376041981830_n-300x111.png\" alt=\"11016837_835802146499145_2468696376041981830_n\" width=\"300\" height=\"111\" srcset=\"https:\/\/www.gdapress.it\/it\/..\/public\/it\/2015\/04\/11016837_835802146499145_2468696376041981830_n-300x111.png 300w, https:\/\/www.gdapress.it\/it\/..\/public\/it\/2015\/04\/11016837_835802146499145_2468696376041981830_n-500x185.png 500w, https:\/\/www.gdapress.it\/it\/..\/public\/it\/2015\/04\/11016837_835802146499145_2468696376041981830_n.png 851w\" sizes=\"auto, (max-width: 300px) 100vw, 300px\" \/><\/a><\/p>\n<p><em>A Fiera Milano, Rho ha luogo dal 14 al 19 aprile la pi\u00f9 importante manifestazione fieristica a livello internazionale dedicata all\u2019arredo: il Salone del Mobile. Aperto agli operatori ogni giorno dalle 9.30 alle 18.30, il Salone potr\u00e0 essere visitato anche dal pubblico nelle giornate di sabato e domenica. Fitto il calendario degli eventi collaterali, in fiera come in citt\u00e0.<\/em><\/p>\n<p><em>\u00a0<\/em>La 54<sup>a <\/sup>edizione, con <strong>2.106<\/strong> <strong>espositori<\/strong> e <strong>700 giovani designer su 201.700 metri quadrati espositivi<\/strong>, vede protagonisti il <strong>Salone Internazionale del Mobile<\/strong>, il <strong>Salone del Complemento d\u2019Arredo<\/strong> e il <strong>SaloneSatellite<\/strong> insieme alle biennali <strong>Euroluce \u2013<\/strong> nei <strong>padiglioni 9-11 e 13-15 \u2013<\/strong> e <strong>Workplace3.0\/SaloneUfficio, all\u2019interno dei padiglioni<\/strong> <strong>22-24 dedicati all\u2019ambiente di lavoro.<\/strong><\/p>\n<p><strong>\u00a0<\/strong>Al <strong>Salone Internazionale del Mobile <\/strong>e al<strong> Salone Internazionale del Complemento d\u2019Arredo<\/strong> \u2013 suddivisi nelle tre tipologie stilistiche Classico, Moderno e Design \u2013 1.504 espositori, su un\u2019area espositiva di 152.200 metri quadrati, presentano in anteprima le novit\u00e0 del settore, anticipando le tendenze del mondo dell\u2019arredo-casa.<\/p>\n<p>Nei <strong>padiglioni 9-11 e 13-15 di Euroluce<\/strong>, 475 espositori italiani ed esteri scendono in campo con le migliori proposte del settore con particolare attenzione all\u2019aspetto illuminotecnico, sempre pi\u00f9 sensibile ai temi ambientali del risparmio energetico e della sostenibilit\u00e0. In occasione <strong>dell\u2019Anno Internazionale della Luce e delle tecnologie basate sulla Luce<\/strong> \u2013 proclamato dall\u2019<strong>UNESCO<\/strong> proprio per il <strong>2015 <\/strong>\u2013 si \u00e8 pensato di offrire ai visitatori del Salone del Mobile e alla citt\u00e0 di Milano la possibilit\u00e0 di vivere un\u2019esperienza inedita e coinvolgente. Entrando nell<strong>\u2019installazione-evento \u201cFAVILLA. Ogni luce una voce\u201d <\/strong>gli spettatori vengono condotti in un percorso all\u2019interno di una grande scatola nera dove la <strong>\u201cmanifestazione\u201d della luce<\/strong> \u00e8 associata ogni volta a un particolare <strong>suono<\/strong>. Il racconto-ricerca sull&#8217;essenza della luce \u00e8 un progetto dell\u2019architetto <strong>Attilio Stocchi<\/strong> che per il Salone ha gi\u00e0 curato <strong>cuorebosco <\/strong>(2011) e <strong>librocielo<\/strong> (2012), due eventi collaterali di grande successo.<\/p>\n<p><strong>Collocati di fronte a Euroluce, in un percorso ideale che collega il mondo della progettazione della luce agli ambienti di lavoro, i padiglioni 22 e 24 ospitano Workplace3.0, il nuovo SaloneUfficio con un concept originale e innovativo <\/strong>dedicato al design e alla tecnologia per lo spazio di lavoro. <strong>Workplace3.0 \u2013 <\/strong>con 127 espositori \u2013riunisce <strong>le <\/strong><strong>proposte migliori del mondo dell\u2019arredamento <\/strong>per ufficio, banche e istituti assicurativi, uffici postali e ambienti pubblici; delle sedute per ufficio e comunit\u00e0, degli elementi per acustica, delle partizioni interne e dei rivestimenti, dei complementi d&#8217;arredamento per ufficio e delle tecnologie audio-video.<\/p>\n<p>Ad animare Workplace3.0 contribuir\u00e0 anche <strong>\u201cLa Passeggiata\u201d di Michele De Lucchi<\/strong>, una<strong> grande installazione<\/strong> ideata con l\u2019obiettivo di creare un percorso circolare che continua all\u2019infinito attraverso i meandri dell\u2019ambiente lavorativo e che pone l\u2019accento sull\u2019importanza di muoversi anche in ufficio per ricevere gli stimoli fondamentali per il processo creativo.<em> \u201cMerita credere nella filosofia e la filosofia \u00e8 nata camminando. Vivere, lavorare, produrre, discutere, decidere ed evolversi ha senso solo se si sa dove si sta andando e si hanno delle buone ragioni per pensare che meriti raggiungere quel posto, quell\u2019obiettivo\u201d <\/em>\u2013 sottolinea l\u2019architetto Michele De Lucchi.<\/p>\n<p><strong>\u00a0<\/strong>Un secondo evento culturale arricchisce l\u2019offerta del Salone: <strong>\u201c<\/strong><strong>IN ITALY<\/strong><strong>\u201d al padiglione 14 \u2013 <\/strong>con un progetto di <strong>Four in the Morning<\/strong> a cura dell\u2019architetto <strong>Dario Curatolo <\/strong>e <strong>realizzato con il contributo di Regione Lombardia<\/strong> in Accordo di Programma con le CCIAA lombarde. Protagonisti <strong>64 aziende italiane<\/strong> e un gruppo selezionato di designer, progettisti e architetti che si confrontano sul tema dei prodotti, del design e della progettazione. Le aziende coinvolte si presentano attraverso <strong>un filmato<\/strong>, che diventa <strong>un\u2019installazione che a sua volta diventa una App<\/strong> per esplorare <strong>cinque soluzioni<\/strong> \u2013 a Lecce, Milano, Roma, Venezia e nella Val d\u2019Orcia \u2013 per <strong>cinque stili <\/strong>d\u2019interni. La App consente un\u2019esplorazione su pi\u00f9 livelli: toccando lo schermo \u00e8 possibile <strong>interagire con i video e gli oggetti<\/strong> e scoprire il <strong>profilo dell\u2019azienda<\/strong>, i protagonisti, la <strong>qualit\u00e0 artigiana<\/strong> che si cela dietro gli elementi di ogni ambientazione.<\/p>\n<p>Nei <strong>padiglioni 22 e 24<\/strong> \u2013 gli stessi di Workplace3.0 \u2013 e con <strong>ingresso libero <\/strong>al pubblico <strong>da Cargo 5<\/strong>, torna il <strong>SaloneSatellite<\/strong>. La <strong>18<sup>a <\/sup>edizione<\/strong> \u00e8 dedicata al<strong> tema \u2013 <\/strong>inerente a quello di EXPO \u201cNutrire il Pianeta, Energia per la Vita\u201d \u2013 <strong>\u201cPianeta vita\u201d<\/strong>. A questo tema sono dedicate le quattro installazioni <strong>\u201cGravity, the hidden ingredient\u201d<\/strong>, <strong>\u201cHoneyFactory\u201d<\/strong>, <strong>\u201cNesting Nature\u201d<\/strong> e <strong>\u201cThe Five Elements, the garden abstracted\u201d<\/strong>. Al SaloneSatellite i 700 giovani designer selezionati non solo presentano i loro progetti, ma possono anche partecipare alla <strong>6<sup>a <\/sup>edizione<\/strong> del concorso <strong>SaloneSatellite Award<\/strong>, che ogni anno premia i 3 migliori prototipi tra quelli presentati, relativi alle categorie merceologiche presenti in fiera. Nell\u2019<strong>Arena del SaloneSatellite<\/strong> si svolgeranno le <strong>Conversazioni<\/strong> \u2212 moderate dalla giornalista e scrittrice <strong>Cristina Gabetti \u2013<\/strong> con i progettisti delle quattro installazioni.<\/p>\n<p>Il Salone del Mobile \u00e8 <strong>sui social network e in rete <\/strong>attraverso il <strong>sito web<\/strong> e il <strong>magazine<\/strong> (<span style=\"text-decoration: underline;\"><a href=\"http:\/\/salonemilano.it\/it-it\/\">www.salonemilano.it<\/a><\/span>), le pagine ufficiali su Facebook e Twitter, il canale dedicato su YouTube, la gallery su Flickr e i profili su Linkedin e Pinterest. Gli hashtag ufficiali per seguire l&#8217;edizione 2015 su Twitter @iSaloniofficial:<\/p>\n<p>#iSaloni |#Euroluce | #Workplace | #SaloneUfficio | #SaloneSatellite<\/p>\n<p>Per agevolare la visita in fiera \u00e8 possibile scaricare gratuitamente sul proprio smartphone la <strong>App aggiornata<\/strong> <strong>Salone del Mobile.Milano 2015<\/strong> (disponibile per iPhone, iPad e i pi\u00f9 diffusi dispositivi Android). Novit\u00e0 di quest\u2019anno \u00e8 l\u2019integrazione dei cataloghi espositori all\u2019interno della loro scheda informativa: le brochure messe a disposizione dalle aziende saranno quindi immediatamente sfogliabili all\u2019interno dell\u2019App Salone del Mobile.Milano 2015.<\/p>\n<p>Si rinnova per il secondo anno consecutivo la collaborazione con il <strong>Comune di Milano<\/strong>, l\u2019<strong>Assessore alle Politiche per il lavoro, Sviluppo economico, Universit\u00e0 e ricerca<\/strong> <strong>Cristina Tajani <\/strong>e le scuole di design della citt\u00e0 \u2013 IED, Domus Academy, NABA Nuova Accademia di Belle Arti Milano e il Politecnico di Milano\/Scuola del Design \u2013 che ha dato l\u2019avvio nella passata edizione al <strong>Progetto Accoglienza<\/strong>. Il Salone del Mobile ha predisposto alcune postazioni in collaborazione con Fiera Milano, SEA e ATM, dislocate nei punti nevralgici della citt\u00e0 (Malpensa T1, Linate, Stazione Centrale, MMCadorna, MMGaribaldi, MMDuomo, MMSan Babila, MMRho Fiera e Brera \u2013 Largo La Foppa \u2013) e presidiate da 100 studenti <strong>che forniranno <\/strong>al pubblico indicazioni sulla <strong>mobilit\u00e0 in citt\u00e0, sulla fiera stessa <\/strong>e anche sulle <strong>iniziative comprese nel Palinsesto di eventi a Milano predisposto dall\u2019Assessorato.<\/strong> Gli studenti, oltre a dare indicazioni sulle iniziative in citt\u00e0, potranno fornire ai visitatori la mappa di Milano \u2013 ideata in collaborazione con il Comune di Milano \u2013 completa delle informazioni utili relative sia al Salone sia al Fuorisalone.<\/p>\n<p>Il Salone del Mobile inoltre \u00e8 tra i sostenitori della mostra <strong>\u201cLeonardo da Vinci 1452-1519. Il disegno del mondo\u201d <\/strong>\u2013 la pi\u00f9 grande esposizione dedicata a <strong>Leonardo<\/strong> <strong>da Vinci<\/strong> mai realizzata in Italia \u2013 che apre al pubblico il <strong>16 aprile 2015 a Palazzo Reale<\/strong>. Promosso dal <strong>Comune di Milano<\/strong>, il progetto \u00e8 stato ideato e prodotto, nel quadro di una partnership che prosegue da oltre quindici anni, da <strong>Palazzo Reale<\/strong> e <strong>Skira <\/strong>e curato da <strong>Pietro C. Marani e Maria Teresa Fiorio<\/strong> \u2013 tra gli storici dell&#8217;arte pi\u00f9 importanti per gli studi sul grande genio del Rinascimento.<\/p>\n<p>Per il 2015 \u00e8 stato siglato un accordo commerciale tra Etihad Airways, la linea area nazionale degli Emirati Arabi Uniti, e Federlegno Arredo Eventi. Gli ospiti della International Business Lounge di Federlegno e quelli della Red Lounge del Salone saranno accolti anche da personale della linea aerea.<\/p>\n<p><strong>Salone del Mobile, Fiera Milano e ATM<\/strong> hanno firmato per il terzo anno l\u2019<strong>accordo <\/strong>che consentir\u00e0 ai visitatori del Salone del Mobile di acquistare un <strong>biglietto integrato<\/strong>, valido sia per il trasporto urbano sia per l\u2019ingresso in Fiera.<\/p>\n<p><strong>Trenitalia<\/strong> attiva in occasione del Salone del Mobile fermate speciali <strong>Frecciarossa<\/strong>, <strong>Frecciabianca<\/strong> ed <strong>EuroCity<\/strong> a <strong>Rho Fiera Expo Milano<\/strong>. Inoltre, <strong>i visitatori, gli espositori e i giornalisti<\/strong> in possesso di un biglietto di ingresso al Salone possono usufruire di <strong>tariffe agevolate<\/strong>, grazie a un accordo speciale con Trenitalia in collaborazione con Fiera Milano.<\/p>\n<p>I pacchetti includono il biglietto di ingresso al Salone (acquistabile per i visitatori su <a href=\"http:\/\/www.salonemilano.it\">www.salonemilano.it<\/a>) e il viaggio in treno di a\/r a tariffe promozionali. I viaggi inseriti nei pacchetti verranno effettuati con treni <strong>Frecciarossa e Frecciabianca<\/strong> dalle principali citt\u00e0 italiane (tra cui Roma, Firenze, Bologna, Torino, Venezia e Trieste). Informazioni sui treni e sulle tariffe possono essere richieste direttamente all\u2019agenzia viaggi Ventana Group, Strada Statale del Sempione 28, Rho, tel. 0245402049 \u2013 fieramilano@ventanagroup.it.<\/p>\n<p>Per acquistare il biglietto del treno a tariffa agevolata \u00e8 sufficiente inviare una e-mail a fieramilano@ventanagroup.it, indicando i treni che si desidera prenotare e allegando il biglietto elettronico di ingresso al Salone del Mobile.<\/p>\n<p>Grazie all\u2019<strong>accordo<\/strong> <strong>con<\/strong> <strong>SkyTeam Global Meetings<\/strong>, espositori, operatori e giornalisti che partecipano al Salone possono acquistare biglietti aerei con sconti che variano dal 5% al 15% in base alla classe di prenotazione. Gli sconti sono applicabili su tutti i voli internazionali e intercontinentali di andata e ritorno con destinazione Milano, operati dal 9 al 24 aprile dai <strong>vettori <\/strong>dell\u2019alleanza <strong>SkyTeam<\/strong>.<\/p>\n<p>Il pubblico del Salone del Mobile pu\u00f2 usufruire di uno sconto del 10% sul costo del biglietto aereo, sui voli nazionali di a\/r con destinazione Milano operati da Alitalia.<strong> Gli sconti sono validi sui voli effettuati dal 9 al 24 aprile. <\/strong>Tutte le informazioni sono consultabili in dettaglio sui siti www.alitalia.com e www.alitalia.it.<\/p>\n<p>Per il terzo anno consecutivo <strong>Ford<\/strong> Motor Company, leader mondiale dell\u2019industria automobilistica, \u00e8 presente al Salone del Mobile \u2013 all\u2019interno dello spazio dedicato al padiglione 13 \u2013 con la <strong>Ford Lounge. Ford<\/strong> conferma la sua inclinazione e sensibilit\u00e0 al design collaborando anche con il Salone del Mobile alla realizzazione dell\u2019installazione \u201cFAVILLA. Ogni luce una voce\u201d.<\/p>\n<p>Grazie anche alla collaborazione con<strong> Italian Trade Agency \u2013 ICE<\/strong>, il piano estero 2015 conta sul rafforzamento degli investimenti, mirati a incrementare il numero di visitatori esteri qualificati e ad attivare i migliori contatti per gli incontri B2B.<\/p>\n<p>Tutte le informazioni sono consultabili in dettaglio sul sito <span style=\"text-decoration: underline;\"><a href=\"http:\/\/salonemilano.it\/it-it\/\">www.salonemilano.it<\/a><\/span><\/p>\n","protected":false},"excerpt":{"rendered":"<p>A Fiera Milano, Rho ha luogo dal 14 al 19 aprile la pi\u00f9 importante manifestazione fieristica a livello internazionale dedicata all\u2019arredo: il Salone del Mobile. Aperto agli operatori ogni giorno dalle 9.30 alle 18.30, il Salone potr\u00e0 essere visitato anche dal pubblico nelle giornate di sabato e domenica. Fitto il calendario degli eventi collaterali, in &hellip; <a href=\"https:\/\/www.gdapress.it\/it\/index.php\/50426\/i-saloni-201220132014\/54a-edizione-del-salone-del-mobile-milano-spazio-a-novita-innovazione-ed-eventi-culturali.html\" class=\"more-link\">Read more <span class=\"screen-reader-text\">54a edizione del Salone del Mobile.Milano: spazio a novit\u00e0, innovazione ed eventi culturali<\/span><\/a><\/p>\n","protected":false},"author":3,"featured_media":0,"comment_status":"closed","ping_status":"open","sticky":false,"template":"","format":"standard","meta":{"footnotes":""},"categories":[8151],"tags":[15197,17,4381],"class_list":["post-50426","post","type-post","status-publish","format-standard","hentry","category-i-saloni-201220132014","tag-54a-edizione","tag-milano","tag-salone-del-mobile"],"_links":{"self":[{"href":"https:\/\/www.gdapress.it\/it\/index.php\/wp-json\/wp\/v2\/posts\/50426","targetHints":{"allow":["GET"]}}],"collection":[{"href":"https:\/\/www.gdapress.it\/it\/index.php\/wp-json\/wp\/v2\/posts"}],"about":[{"href":"https:\/\/www.gdapress.it\/it\/index.php\/wp-json\/wp\/v2\/types\/post"}],"author":[{"embeddable":true,"href":"https:\/\/www.gdapress.it\/it\/index.php\/wp-json\/wp\/v2\/users\/3"}],"replies":[{"embeddable":true,"href":"https:\/\/www.gdapress.it\/it\/index.php\/wp-json\/wp\/v2\/comments?post=50426"}],"version-history":[{"count":1,"href":"https:\/\/www.gdapress.it\/it\/index.php\/wp-json\/wp\/v2\/posts\/50426\/revisions"}],"predecessor-version":[{"id":50428,"href":"https:\/\/www.gdapress.it\/it\/index.php\/wp-json\/wp\/v2\/posts\/50426\/revisions\/50428"}],"wp:attachment":[{"href":"https:\/\/www.gdapress.it\/it\/index.php\/wp-json\/wp\/v2\/media?parent=50426"}],"wp:term":[{"taxonomy":"category","embeddable":true,"href":"https:\/\/www.gdapress.it\/it\/index.php\/wp-json\/wp\/v2\/categories?post=50426"},{"taxonomy":"post_tag","embeddable":true,"href":"https:\/\/www.gdapress.it\/it\/index.php\/wp-json\/wp\/v2\/tags?post=50426"}],"curies":[{"name":"wp","href":"https:\/\/api.w.org\/{rel}","templated":true}]}}