
{"id":50422,"date":"2015-04-10T06:32:02","date_gmt":"2015-04-10T04:32:02","guid":{"rendered":"http:\/\/www.gdapress.it\/it\/?p=50422"},"modified":"2015-04-10T06:32:02","modified_gmt":"2015-04-10T04:32:02","slug":"mia-milan-image-art-fair-milano-2","status":"publish","type":"post","link":"https:\/\/www.gdapress.it\/it\/index.php\/50422\/arte\/mia-milan-image-art-fair-milano-2.html","title":{"rendered":"MIA MILAN IMAGE ART FAIR MILANO"},"content":{"rendered":"<table border=\"0\" cellpadding=\"2\">\n<tbody>\n<tr class=\"ecxtesto_12\">\n<td align=\"center\" valign=\"middle\">\n<p class=\"ecxsottotitolo2_laterale\" align=\"center\">Milano, The Mall \u2013 Porta Nuova Varesine (M3 Repubblica)<\/p>\n<p class=\"ecxsottotitolo2_laterale\" align=\"center\">\u00a0Dall\u201911 al 13 aprile 2015<\/p>\n<p class=\"ecxsottotitolo2_laterale\" align=\"center\"><strong>MIA \u2013 MILAN IMAGE ART FAIR<\/strong><\/p>\n<p class=\"ecxsottotitolo2_laterale\" align=\"center\">Torna con la sua quinta edizione la fiera della fotografia d\u2019arte ideata e diretta da Fabio Castelli<\/p>\n<p><a href=\"http:\/\/www.gdapress.it\/it\/..\/public\/it\/2015\/04\/ImageProxy-87.jpg\"><img loading=\"lazy\" decoding=\"async\" class=\"alignnone size-medium wp-image-50423\" src=\"http:\/\/www.gdapress.it\/it\/..\/public\/it\/2015\/04\/ImageProxy-87-300x127.jpg\" alt=\"ImageProxy (87)\" width=\"300\" height=\"127\" srcset=\"https:\/\/www.gdapress.it\/it\/..\/public\/it\/2015\/04\/ImageProxy-87-300x127.jpg 300w, https:\/\/www.gdapress.it\/it\/..\/public\/it\/2015\/04\/ImageProxy-87-500x212.jpg 500w, https:\/\/www.gdapress.it\/it\/..\/public\/it\/2015\/04\/ImageProxy-87.jpg 590w\" sizes=\"auto, (max-width: 300px) 100vw, 300px\" \/><\/a><\/p>\n<p align=\"center\">\n<\/td>\n<\/tr>\n<tr>\n<td class=\"ecxtesto_mail\" valign=\"top\">145 stand allestiti con attenzione curatoriale, due premi acquisto, un programma culturale che spazia dal confronto con i grandi festival europei di fotografia ai talk ispirati dal centenario della nascita di Roland Barthes; una mostra dedicata al prezioso archivio fotografico di Giuseppe Pellizza da Volpedo ed un\u2019altra rivolta al libro d\u2019artista. Il debutto della performance, gli ormai tradizionali momenti di <em>scouting<\/em> condotti da personalit\u00e0 di livello internazionale, gli incontri sul delicato tema degli aspetti legali che toccano il mondo dell\u2019immagine e un focus dedicato a Expo 2015. Mai cos\u00ec ricca e poliedrica <strong>MIA Fair<\/strong>, fiera dedicata alla fotografia ideata e diretta da <strong>Fabio Castelli<\/strong>, in scena con la sua quinta edizione a Milano, nella cornice di The Mall (Porta Nuova), dall\u201911 al 13 aprile.<br \/>\n<strong>LA FIERA <\/strong>\u2013 MIA Fair sbarca nel rinnovato quartiere di Porta Nuova Varesine, simbolo della Milano che guarda al futuro. \u00c8<em>The Mall<\/em>, centro polifunzionale tra i \u00a0grattacieli che hanno cambiato lo skyline della citt\u00e0, ad accogliere i 145 espositori dell\u2019edizione 2015, tra i quali sono una ventina quelli appartenenti alla sezione <em>Proposta MIA<\/em>, con fotografi indipendenti che si presentano senza il supporto di una galleria; mentre sono una decina gli editori di settore in arrivo dall\u2019Italia e dall\u2019estero. Alla consueta formula che vede ogni galleria esibire la monografica di un suo artista, si accompagna la sezione dedicata al tema di EXPO 2015, con pi\u00f9 fotografi per ogni stand, accomunati da un percorso dallo spiccato gusto curatoriale.<br \/>\n<strong>PROGRAMMA CULTURALE <\/strong>\u2013 Un momento di riflessione ad ampio spettro sull\u2019immagine, cos\u00ec come essa viene percepita e vissuta nella contemporaneit\u00e0. In quella tensione tra realt\u00e0 e finzione filtrata attraverso i mass media che Roland Barthes analizz\u00f2 con straordinaria lucidit\u00e0 e incredibile lungimiranza (era il 1980) con il suo <em>La camera chiara<\/em>. \u00c8 proprio da questo testo fondamentale, nel centesimo anniversario dalla nascita dell\u2019intellettuale francese, che prende le proprie mosse il palinsesto tessuto da <strong>Gianluigi Ricuperati<\/strong>, scrittore e saggista, tra gli intellettuali pi\u00f9 interessanti di nuova generazione, che propone nella cornice di MIA Fair un ricco calendario di incontri, dibattiti, approfondimenti.<br \/>\nIl programma culturale di MIA Fair vive anche del dialogo con le pi\u00f9 interessanti realt\u00e0 estere dedicate alla fotografia. Portano il proprio contributo di idee, esperienze e visioni sul futuro gli ideatori di alcuni tra i festival pi\u00f9 importanti d\u2019Europa:<strong>Oliva Maria Rubio<\/strong>, direttore artistico di PhotoEspa\u00f1a Madrid e <strong>Krzysztof Candrowicz<\/strong>, gi\u00e0 direttore dell\u2019International Festival of Photography di Lodz e direttore artistico della Triennale di Amburgo, ideatore del network PhotoFestival Union. Per festeggiare i primi trent\u2019anni di attivit\u00e0 del Mus\u00e9e de l\u2019Elys\u00e9e di Losanna, tra le istituzioni esclusivamente rivolte alla fotografia pi\u00f9 importanti al mondo, \u00e8 ospite di MIA Fair la sua direttrice <strong>Tatyana Franck<\/strong>; i responsabili del MoRE Museum, museo virtuale che conserva la memoria di progetti d\u2019artista che non hanno mai trovato compimento, presentano infine un ideale catalogo di scatti inespressi.<br \/>\n<strong>Cristina Manasse<\/strong>, avvocato esperta in propriet\u00e0 intellettuale e diritto dell\u2019arte, e <strong>Joe Baio<\/strong>, collezionista e avvocato a New York, iniziando dall\u2019emblematico caso Morel vs. AFP\/Getty Images, commenteranno alcuni casi famosi relativi all\u2019uso ed indebita appropriazione di immagini nonch\u00e9 la rilevanza di selfies, social networks e privacy sul mondo delle immagini fotografiche.<br \/>\n<strong>PARTNER \u2013 <\/strong>Per il quarto anno consecutivo BNL Gruppo BNP Paribas \u00e8 Main Sponsor della manifestazione, continuando cos\u00ec a rafforzare il proprio interesse per lo sviluppo dell\u2019arte contemporanea in Italia. Dopo il successo della formula sperimentata nelle scorse edizioni, l\u2019istituto di credito promuove anche nel 2015 il <strong><em>Premio BNL Gruppo BNP Paribas<\/em><\/strong>, un riconoscimento concreto attribuito \u2013 da una giuria di eccellenza \u2013 al miglior artista tra quelli che presenteranno i propri lavori tramite le gallerie d\u2019arte. L\u2019opera selezionata sar\u00e0 acquisita da BNL ed entrer\u00e0 a far parte della collezione artistica della Banca che, ad oggi, vanta circa 5.000 opere, tra cui spiccano capolavori dell\u2019arte classica e moderna, nonch\u00e9 opere di giovani talenti contemporanei. Tra queste ultime\u00a0 \u201cNiad, The small Crater, 2000\u201d di Ohad Matalon, \u201cPaesaggio #7\u201d di Luigi Erba e Roberto Bern\u00e8 e \u201cUntitled\u201d di Luca Gilli, vincitrici rispettivamente della prima, seconda e terza edizione del Premio BNL Gruppo BNP Paribas.<br \/>\nPartner ufficiale di MIA Fair sin dalla prima edizione, per il 2015 Lavazza riconferma la presenza nella sua veste di Main Sponsor. I visitatori di MIA Fair saranno accolti dal <strong><em>Caff\u00e8 Artistico Lavazza<\/em><\/strong> che ospiter\u00e0 una mostra fotografica del duo olandese Exactitudes, composto da Ari Versluis e Ellie Utyttenbroek. Lavazza riafferma cos\u00ec il legame inscindibile con la fotografia d\u2019autore, un linguaggio universale che rappresenta nel mondo l\u2019identit\u00e0 dell\u2019Azienda, con i propri calendari e le campagne pubblicitarie realizzati dai pi\u00f9 celebrati artisti della fotografia contemporanea.<br \/>\n<em>My LifeStyle<\/em> \u2013 nuovo brand del real estate che cambia il modo di concepire l\u2019abitare \u2013 sceglie MIA Fair per presentarsi in anteprima, per far conoscere gli innovativi progetti immobiliari di <em>Pomaseiuno<\/em> e <em>Maestri Campionesi<\/em> <em>16<\/em> e per avviare un percorso volto a sostenere nel tempo e a valorizzare artisti emergenti nel campo dell\u2019arte contemporanea. Nasce cos\u00ec il<strong><em>Premio My LifeStyle<\/em><\/strong>, dedicato ai giovani talenti della sezione <em>Proposta MIA<\/em>, con tre opere selezionate ed esposte nello stand dell\u2019azienda. Il vincitore verr\u00e0 indicato dal pubblico della fiera stessa, coinvolto in un processo di condivisione e partecipazione.<br \/>\n<strong>LE MOSTRE <\/strong>\u2013 Due gli approfondimenti proposti da MIA Fair con mostre ad hoc. Una offre un\u2019indagine su uno tra gli artisti dell\u2019Ottocento italiano che pi\u00f9 di ogni altro ha riconosciuto e fatto proprie le potenzialit\u00e0 della nascente arte della fotografia come strumento per arricchire la sua pittura: <strong>Giuseppe Pellizza da Volpedo<\/strong>. Sar\u00e0 un\u2019edizione speciale del<strong> <em>Premio Archivi \u201cTempo ritrovato \u2013 fotografie da non perdere\u201d <\/em><\/strong>supportato da Eberhard &amp; Co. e <em>Io Donna<\/em> ad ospitare la mostra \u201c<strong><em>Tempo ritrovato \u2013 Fotografie da non perdere. Il Quarto Stato e il territorio di Volpedo nelle fotografie del fondo Giuseppe Pellizza\u201d<\/em><\/strong>, a cura di Daniela Giordi con opere provenienti dall\u2019Archivio Pellizza da Volpedo. Sin dalla sua prima edizione il Premio ha introdotto un\u2019importante novit\u00e0 nella storia dei premi fotografici: quella di portare alla luce opere realizzate nel passato, scalfendo la consuetudine dei premi destinati a lavori in progress o a progetti contemporanei. La prima e la seconda edizione del premio, rivolto agli archivi privati di autori italiani che hanno svolto un importante lavoro in tutte le forme del linguaggio fotografico, sono state dedicate rispettivamente agli anni \u201950 e \u201960 premiando gli archivi di Federico Garolla e Tranquillo Casiraghi. In occasione di Expo, Eberhard &amp; Co. e <em>Io Donna<\/em> celebreranno una delle opere identificate come iconiche da Expo 2015, il <em>Quarto Stato, <\/em>esposta al Museo del \u2018900, rimandando all\u2019edizione MIA Fair 2016 il premio dedicato agli archivi degli anni Settanta. Ad essere esposto \u00e8 un ricco nucleo di stampe fotografiche originali oggi \u00a0conservato nell\u2019archivio dell\u2019artista, tesoro recentemente oggetto di un\u2019azione di restauro e valorizzazione. La mostra testimonia da un lato la multidisciplinariet\u00e0 e curiosit\u00e0 dell\u2019autore del <em>Quarto Stato<\/em>, dall\u2019altro la duplice natura della fotografia: strumento per l\u2019arte quando non arte essa stessa.<br \/>\nL\u2019altra mostra presentata da MIA Fair tratta <strong><em>Uno sguardo lento \u2013 Il fotolibro d\u2019artista in Italia<\/em><\/strong>, grazie alla riflessione operata dai curatori Roberto Maggiori e Danilo Montanari. Un censimento a tutto tondo, il loro, che punta a restituire un panorama quanto mai ricco e articolato, che spazia dai progetti di grandi editori specializzati per arrivare al fenomeno del<em>dummy <\/em>e del <em>self-publishing<\/em>, con il fotografo ad essere protagonista di un processo creativo che lo coinvolge in modo totale: in veste s\u00ec di artista, ma anche di editor, grafico ed editore di s\u00e9 stesso. I libri selezionati comprendono un arco temporale che va dagli anni Settanta ad oggi, con autori come <strong>Olivo Barbieri<\/strong>, <strong>Giuseppe Chiari<\/strong>, <strong>Mario Cresci<\/strong>, <strong>Luigi Ghirri<\/strong>, <strong>Guido Guidi<\/strong>, <strong>Francesco Jodice<\/strong>, <strong>Nino Migliori<\/strong>, <strong>Maurizio Nannucci<\/strong>, <strong>Roberto Salbitani<\/strong>, <strong>George Tatge<\/strong>,<strong>Franco Vaccari<\/strong>, <strong>Paolo Ventura<\/strong>, <strong>Cucchi White<\/strong>, <strong>Italo Zannier<\/strong> e <strong>Paolo Gioli<\/strong>, protagonista del Padiglione Italia alla Biennale di Venezia 2015. Insieme a loro anche autori pi\u00f9 giovani come <strong>Jacopo Benassi<\/strong>, <strong>BlisterZine<\/strong>, <strong>Michele Buda<\/strong>,<strong>Giuseppe De Mattia<\/strong>, <strong>Alessandra Dragoni<\/strong>, <strong>Marcello Galvani<\/strong>, <strong>Giulia Marchi<\/strong>, <strong>Allegra Martin<\/strong>, <strong>Luca Massaro<\/strong>,<strong>Armando Perna<\/strong>, <strong>Mustafa Sabbagh<\/strong>.<br \/>\n<strong>LA PERFORMANCE <\/strong>\u2013 Debutta in Italia, nella cornice di MIA Fair, il progetto <em>Economic Body<\/em>: performance ideata e condotta dalla coreografa svedese Anna-Mi Fredriksson per la Fluxum Foundation di Ginevra. In scena un originale tentativo di raccontare le scienze sociali attraverso forme di arte partecipata, come la danza, nella creazione di un linguaggio non verbale che coinvolga il pubblico nella condivisione di concetti legati all\u2019economia, alla politica, alla demografia. Temi spesso percepiti come ostici, addirittura impenetrabili per il grande pubblico: resi fruibili e immediati grazie alla freschezza dell\u2019arte.<br \/>\n<strong>CODICE MIA <\/strong>\u2013 MIA Fair continua a guardare al futuro attraverso il progetto CODICE MIA, ideato da Enrica Vigan\u00f2 come originalissima forma di portfolio review. Gli artisti selezionati dalla fiera avranno l\u2019opportunit\u00e0 di discutere i propri lavori con:<br \/>\n<strong>Joe Baio<\/strong>, collezionista, New York, USA<br \/>\n<strong>Katy Barron<\/strong>, art advisor e curatrice, Londra, UK<br \/>\n<strong>Paolo Brodbeck<\/strong>, collezionista e presidente della Fondazione Brodbeck, Catania, Italia<br \/>\n<strong>Thierry Cattoir<\/strong>, collezionista, Gent, Belgio<br \/>\n<strong>Giorgio Fasol<\/strong>, collezionista, Verona, Italia<br \/>\n<strong>Chiara Massimello<\/strong>, consulente Christie&#8217;s e collezionista, Torino, Italia<br \/>\n<strong>Anthony E. Nicholas<\/strong>, collezionista, Los Angeles, USA<br \/>\n<strong>Claudio Palmigiano<\/strong>, collezionista, Milano, Italia<br \/>\n<strong>Dan Solomon<\/strong>, collezionista, Monarch Beach, USA<br \/>\n<strong>Sofia Vollmer de Maduro<\/strong>, collezionista e direttore della Fondazione Alberto Vollmer, Caracas, Venezuela<br \/>\nTra tutti gli artisti che parteciperanno alle sessioni di confronto e discussione ne verr\u00e0 scelto uno, premiato con la possibilit\u00e0 di esporre il proprio lavoro nella sezione <em>Proposta MIA <\/em>di MIA Fair 2016.<br \/>\nLa manifestazione, col patrocinio della <strong>Regione Lombardia<\/strong>, della <strong>Citt\u00e0 Metropolitana di Milano<\/strong> e del <strong>Comune di Milano<\/strong>, pu\u00f2 contare sul supporto dei main sponsor <strong>BNL Gruppo BNP Paribas <\/strong>e <strong>Lavazza<\/strong> e degli sponsor <strong>Eberhard &amp; Co.<\/strong> e <strong>Nikon<\/strong>.<br \/>\nMilano, aprile 2015<br \/>\n<strong>\u00a0<\/strong><br \/>\n<strong>MIA \u2013 Milan Image Art Fair<\/strong><br \/>\nVenerd\u00ec <strong>10 Aprile<\/strong>: preview stampa 11.30 (su accredito) | inaugurazione 15.00 (su invito)<br \/>\nSabato <strong>11 Aprile:<\/strong> 11.00 \u2013 21.00<br \/>\nDomenica <strong>12 Aprile:<\/strong> 11.00 \u2013 20.00<br \/>\nLuned\u00ec <strong>13 Aprile:<\/strong> 11.00 \u2013 21.00<br \/>\n<strong>The Mall &#8211;\u00a0 Porta Nuova Varesine<\/strong><br \/>\nPiazza Lina Bo Bardi, 1, Milano<br \/>\n<em>Viale della Liberazione \/ ang. Via Galileo Galilei<br \/>\n<\/em><strong>Linea Gialla M3 Repubblica<\/p>\n<p><\/strong><\/td>\n<\/tr>\n<tr>\n<td class=\"ecxtesto_9\">\n<table border=\"0\">\n<tbody>\n<tr>\n<td class=\"ecxtesto_12\"><strong>Informazioni<\/strong><br \/>\n<strong>Segreteria Organizzativa MIA Fair<br \/>\n<\/strong>Via San Vincenzo 22 \u2013 20123 Milano<br \/>\nTel. \/ Fax +39.0283241412<br \/>\n<a href=\"mailto:info@miafair.it\">info@miafair.it<\/a> &#8211; <a href=\"http:\/\/www.miafair.it\/\" target=\"_blank\">www.miafair.it<\/a><\/td>\n<\/tr>\n<\/tbody>\n<\/table>\n<\/td>\n<\/tr>\n<\/tbody>\n<\/table>\n","protected":false},"excerpt":{"rendered":"<p>Milano, The Mall \u2013 Porta Nuova Varesine (M3 Repubblica) \u00a0Dall\u201911 al 13 aprile 2015 MIA \u2013 MILAN IMAGE ART FAIR Torna con la sua quinta edizione la fiera della fotografia d\u2019arte ideata e diretta da Fabio Castelli 145 stand allestiti con attenzione curatoriale, due premi acquisto, un programma culturale che spazia dal confronto con i &hellip; <a href=\"https:\/\/www.gdapress.it\/it\/index.php\/50422\/arte\/mia-milan-image-art-fair-milano-2.html\" class=\"more-link\">Read more <span class=\"screen-reader-text\">MIA MILAN IMAGE ART FAIR MILANO<\/span><\/a><\/p>\n","protected":false},"author":3,"featured_media":0,"comment_status":"closed","ping_status":"open","sticky":false,"template":"","format":"standard","meta":{"footnotes":""},"categories":[4],"tags":[15196,8395,597,17],"class_list":["post-50422","post","type-post","status-publish","format-standard","hentry","category-arte","tag-image-art-fair","tag-mia","tag-milan","tag-milano"],"_links":{"self":[{"href":"https:\/\/www.gdapress.it\/it\/index.php\/wp-json\/wp\/v2\/posts\/50422","targetHints":{"allow":["GET"]}}],"collection":[{"href":"https:\/\/www.gdapress.it\/it\/index.php\/wp-json\/wp\/v2\/posts"}],"about":[{"href":"https:\/\/www.gdapress.it\/it\/index.php\/wp-json\/wp\/v2\/types\/post"}],"author":[{"embeddable":true,"href":"https:\/\/www.gdapress.it\/it\/index.php\/wp-json\/wp\/v2\/users\/3"}],"replies":[{"embeddable":true,"href":"https:\/\/www.gdapress.it\/it\/index.php\/wp-json\/wp\/v2\/comments?post=50422"}],"version-history":[{"count":1,"href":"https:\/\/www.gdapress.it\/it\/index.php\/wp-json\/wp\/v2\/posts\/50422\/revisions"}],"predecessor-version":[{"id":50424,"href":"https:\/\/www.gdapress.it\/it\/index.php\/wp-json\/wp\/v2\/posts\/50422\/revisions\/50424"}],"wp:attachment":[{"href":"https:\/\/www.gdapress.it\/it\/index.php\/wp-json\/wp\/v2\/media?parent=50422"}],"wp:term":[{"taxonomy":"category","embeddable":true,"href":"https:\/\/www.gdapress.it\/it\/index.php\/wp-json\/wp\/v2\/categories?post=50422"},{"taxonomy":"post_tag","embeddable":true,"href":"https:\/\/www.gdapress.it\/it\/index.php\/wp-json\/wp\/v2\/tags?post=50422"}],"curies":[{"name":"wp","href":"https:\/\/api.w.org\/{rel}","templated":true}]}}