
{"id":50418,"date":"2015-04-10T00:12:18","date_gmt":"2015-04-09T22:12:18","guid":{"rendered":"http:\/\/www.gdapress.it\/it\/?p=50418"},"modified":"2015-04-10T00:12:18","modified_gmt":"2015-04-09T22:12:18","slug":"milano-teatro-manzoni-il-prestito","status":"publish","type":"post","link":"https:\/\/www.gdapress.it\/it\/index.php\/50418\/teatro\/milano-teatro-manzoni-il-prestito.html","title":{"rendered":"Milano Teatro Manzoni Il Prestito"},"content":{"rendered":"<p><a href=\"http:\/\/www.gdapress.it\/it\/..\/public\/it\/2015\/04\/Catania-e-Ramazzotti-3599.jpg\"><img loading=\"lazy\" decoding=\"async\" class=\"alignnone size-large wp-image-50419\" src=\"http:\/\/www.gdapress.it\/it\/..\/public\/it\/2015\/04\/Catania-e-Ramazzotti-3599-500x333.jpg\" alt=\"Catania e Ramazzotti 3599\" width=\"500\" height=\"333\" srcset=\"https:\/\/www.gdapress.it\/it\/..\/public\/it\/2015\/04\/Catania-e-Ramazzotti-3599-500x333.jpg 500w, https:\/\/www.gdapress.it\/it\/..\/public\/it\/2015\/04\/Catania-e-Ramazzotti-3599-300x200.jpg 300w, https:\/\/www.gdapress.it\/it\/..\/public\/it\/2015\/04\/Catania-e-Ramazzotti-3599-900x599.jpg 900w, https:\/\/www.gdapress.it\/it\/..\/public\/it\/2015\/04\/Catania-e-Ramazzotti-3599.jpg 1024w\" sizes=\"auto, (max-width: 500px) 100vw, 500px\" \/><\/a><\/p>\n<p>&nbsp;<\/p>\n<p><strong>DAL 9\u00a0 AL 26 APRILE\u00a0 2015<\/strong><\/p>\n<p>Una Commedia Divertente e \u201cSolvibile\u201d\u2026.<\/p>\n<p>LA CONTEMPORANEA srl<\/p>\n<p>diretta da Fioravante Cozzaglio<\/p>\n<p>e<\/p>\n<p>ARTU\u2019<\/p>\n<p>diretta da Gianluca Ramazzotti<\/p>\n<p><strong>\u00a0<\/strong><strong>in collaborazione con il FESTIVAL DI BORGIO VEREZZI<\/strong><\/p>\n<p>presentano<\/p>\n<p><strong>ANTONIO CATANIA<\/strong>\u00a0\u00a0\u00a0\u00a0\u00a0\u00a0\u00a0\u00a0\u00a0 \u00a0e\u00a0\u00a0\u00a0\u00a0\u00a0\u00a0\u00a0\u00a0\u00a0\u00a0 \u00a0<strong>GIANLUCA RAMAZZOTTI<\/strong><\/p>\n<p>in<\/p>\n<p><strong>IL PRESTITO<\/strong><\/p>\n<p>una commedia di Jordi Galceran<\/p>\n<p>versione italiana di Pino Tierno<\/p>\n<p>Regia\u00a0 <strong>GIAMPIERO SOLARI<\/strong><\/p>\n<p>Scene\u00a0 <strong>Alessandro Chiti<\/strong><\/p>\n<p>Costumi\u00a0 <strong>Maria Grazia Santonocito<\/strong><\/p>\n<p>Disegno luci\u00a0 <strong>Stefano Lattavo<\/strong><\/p>\n<p>Direzione tecnica\u00a0 <strong>Stefano Orsini<\/strong><\/p>\n<p>Un progetto teatrale di <strong>Gianluca Ramazzotti<\/strong><\/p>\n<p>IL PRESTITO, la nuova commedia di Jordi Galceran, attualmente in scena con grande successo contemporaneamente a Madrid e Barcellona, \u00a0\u00e8 una pi\u00e8ce che in maniera paradossale e comica affonda il coltello in un dramma sociale che ormai fa parte del nostro vivere quotidiano.<\/p>\n<p>Il tema \u00e8 quello dell&#8217; attuale crisi economica che ci coinvolge tutti, in cui l&#8217;autore si diverte, con grande classe, a ridicolizzare il valore che diamo al denaro in rapporto al poco valore che diamo agli esseri umani.<\/p>\n<p>Un uomo cerca, &#8220;in maniera onesta&#8221;, di ottenere da una filiale bancaria un piccolo prestito, assolutamente necessario per s\u00e8 e per la sua vita; il direttore della filiale, con motivazioni di tipo &#8220;bancarie&#8221;, appunto, glielo rifiuta. L&#8217;uomo, che non possiede propriet\u00e0 e non pu\u00f2 offrire garanzie economiche, offre solo la sua &#8220;parola d&#8217;onore&#8221; e la sua qualit\u00e0 di &#8220;uomo onesto&#8221;. Il rifiuto del direttore di filiale innesca un crescendo di situazioni paradossali ed esilaranti dati da eventi assolutamente imprevedibili, che portano la commedia a mettere in luce i meccanismi &#8220;logici e assurdi&#8221; che reggono \u00a0e condizionano i comportamenti economici a cui ormai siamo abituati.<\/p>\n<p>Le risate diventano liberatorie, figlie di una totale empatia tra il pubblico e l&#8217;uomo che chiede il prestito, lasciando scaturire una sorta di piet\u00e0 per il direttore di filiale che va via via ad infilarsi in un complicato pasticcio personale.<\/p>\n<p>La commedia non vuole dare nessun messaggio morale, n\u00e8 tantomeno di \u00a0denuncia al sistema, semplicemente usa una situazione drammaticamente vicina a tutti noi per creare, attraverso situazioni \u00a0spiazzanti, uno spettacolo di &#8220;sano divertimento&#8221;.<\/p>\n<p>Dopo il successo di &#8220;Se devi dire una bugia dilla ancora pi\u00f9 grossa&#8221;, che ha fatto registrare il tutto esaurito per due stagioni consecutive, Antonio Catania e Gianluca Ramazzotti, s&#8217;incontrano nuovamente sui nostri palcoscenici, questa volte con la regia di Giampiero Solari, e sono pronti a dare vita ad un nuovo spettacolo esplosivo.<\/p>\n<p>&nbsp;<\/p>\n<p>&nbsp;<\/p>\n<p>&nbsp;<\/p>\n<p><strong>Orari: feriali ore 20,45 &#8211; domenica ore 15,30<\/strong><\/p>\n<p><strong>Biglietti:\u00a0 poltronissima \u20ac 32,00\u00a0 &#8211; \u00a0poltrona \u20ac 21,00 \u00a0&#8211;\u00a0 giovani fino a 26 anni \u20ac 15,00<\/strong><\/p>\n<p><strong>\u00a0<\/strong><\/p>\n","protected":false},"excerpt":{"rendered":"<p>&nbsp; DAL 9\u00a0 AL 26 APRILE\u00a0 2015 Una Commedia Divertente e \u201cSolvibile\u201d\u2026. LA CONTEMPORANEA srl diretta da Fioravante Cozzaglio e ARTU\u2019 diretta da Gianluca Ramazzotti \u00a0in collaborazione con il FESTIVAL DI BORGIO VEREZZI presentano ANTONIO CATANIA\u00a0\u00a0\u00a0\u00a0\u00a0\u00a0\u00a0\u00a0\u00a0 \u00a0e\u00a0\u00a0\u00a0\u00a0\u00a0\u00a0\u00a0\u00a0\u00a0\u00a0 \u00a0GIANLUCA RAMAZZOTTI in IL PRESTITO una commedia di Jordi Galceran versione italiana di Pino Tierno Regia\u00a0 GIAMPIERO SOLARI &hellip; <a href=\"https:\/\/www.gdapress.it\/it\/index.php\/50418\/teatro\/milano-teatro-manzoni-il-prestito.html\" class=\"more-link\">Read more <span class=\"screen-reader-text\">Milano Teatro Manzoni Il Prestito<\/span><\/a><\/p>\n","protected":false},"author":3,"featured_media":0,"comment_status":"closed","ping_status":"open","sticky":false,"template":"","format":"standard","meta":{"footnotes":""},"categories":[1],"tags":[15195,17,750],"class_list":["post-50418","post","type-post","status-publish","format-standard","hentry","category-teatro","tag-il-prestito","tag-milano","tag-teatro-manzoni"],"_links":{"self":[{"href":"https:\/\/www.gdapress.it\/it\/index.php\/wp-json\/wp\/v2\/posts\/50418","targetHints":{"allow":["GET"]}}],"collection":[{"href":"https:\/\/www.gdapress.it\/it\/index.php\/wp-json\/wp\/v2\/posts"}],"about":[{"href":"https:\/\/www.gdapress.it\/it\/index.php\/wp-json\/wp\/v2\/types\/post"}],"author":[{"embeddable":true,"href":"https:\/\/www.gdapress.it\/it\/index.php\/wp-json\/wp\/v2\/users\/3"}],"replies":[{"embeddable":true,"href":"https:\/\/www.gdapress.it\/it\/index.php\/wp-json\/wp\/v2\/comments?post=50418"}],"version-history":[{"count":1,"href":"https:\/\/www.gdapress.it\/it\/index.php\/wp-json\/wp\/v2\/posts\/50418\/revisions"}],"predecessor-version":[{"id":50420,"href":"https:\/\/www.gdapress.it\/it\/index.php\/wp-json\/wp\/v2\/posts\/50418\/revisions\/50420"}],"wp:attachment":[{"href":"https:\/\/www.gdapress.it\/it\/index.php\/wp-json\/wp\/v2\/media?parent=50418"}],"wp:term":[{"taxonomy":"category","embeddable":true,"href":"https:\/\/www.gdapress.it\/it\/index.php\/wp-json\/wp\/v2\/categories?post=50418"},{"taxonomy":"post_tag","embeddable":true,"href":"https:\/\/www.gdapress.it\/it\/index.php\/wp-json\/wp\/v2\/tags?post=50418"}],"curies":[{"name":"wp","href":"https:\/\/api.w.org\/{rel}","templated":true}]}}