
{"id":50414,"date":"2015-04-09T23:41:15","date_gmt":"2015-04-09T21:41:15","guid":{"rendered":"http:\/\/www.gdapress.it\/it\/?p=50414"},"modified":"2015-04-09T23:41:15","modified_gmt":"2015-04-09T21:41:15","slug":"andrea-castrignano-presenta-atelier-durini-15","status":"publish","type":"post","link":"https:\/\/www.gdapress.it\/it\/index.php\/50414\/design\/andrea-castrignano-presenta-atelier-durini-15.html","title":{"rendered":"Andrea Castrignano presenta Atelier Durini 15"},"content":{"rendered":"<p><a href=\"http:\/\/www.gdapress.it\/it\/..\/public\/it\/2015\/04\/cucina-mod.jpg\"><img loading=\"lazy\" decoding=\"async\" class=\"alignnone size-medium wp-image-50415\" src=\"http:\/\/www.gdapress.it\/it\/..\/public\/it\/2015\/04\/cucina-mod-300x245.jpg\" alt=\"cucina mod\" width=\"300\" height=\"245\" srcset=\"https:\/\/www.gdapress.it\/it\/..\/public\/it\/2015\/04\/cucina-mod-300x245.jpg 300w, https:\/\/www.gdapress.it\/it\/..\/public\/it\/2015\/04\/cucina-mod-490x400.jpg 490w, https:\/\/www.gdapress.it\/it\/..\/public\/it\/2015\/04\/cucina-mod-827x676.jpg 827w, https:\/\/www.gdapress.it\/it\/..\/public\/it\/2015\/04\/cucina-mod.jpg 1158w\" sizes=\"auto, (max-width: 300px) 100vw, 300px\" \/><\/a><\/p>\n<p><a href=\"http:\/\/www.gdapress.it\/it\/..\/public\/it\/2015\/04\/soggiorno-via-durini.jpg\"><img loading=\"lazy\" decoding=\"async\" class=\"alignnone size-medium wp-image-50416\" src=\"http:\/\/www.gdapress.it\/it\/..\/public\/it\/2015\/04\/soggiorno-via-durini-300x231.jpg\" alt=\"soggiorno via durini\" width=\"300\" height=\"231\" srcset=\"https:\/\/www.gdapress.it\/it\/..\/public\/it\/2015\/04\/soggiorno-via-durini-300x231.jpg 300w, https:\/\/www.gdapress.it\/it\/..\/public\/it\/2015\/04\/soggiorno-via-durini-500x385.jpg 500w, https:\/\/www.gdapress.it\/it\/..\/public\/it\/2015\/04\/soggiorno-via-durini-878x676.jpg 878w, https:\/\/www.gdapress.it\/it\/..\/public\/it\/2015\/04\/soggiorno-via-durini.jpg 1766w\" sizes=\"auto, (max-width: 300px) 100vw, 300px\" \/><\/a><\/p>\n<p>Salone Internazionale del Mobile 2015 Andrea Castrignano presenta Atelier Durini 15 Interior design sartoriale<\/p>\n<p>Interior design tailor-made: \u00e8 un mood \u201csartoriale\u201d ad aver ispirato Andrea Castrignano nella progettazione di Atelier Durini 15, prestigioso appartamento di circa 200 mq affacciato su una delle vie pi\u00f9 rinomate del centro di Milano e che sar\u00e0 presentato in occasione del prossimo Salone Internazionale del Mobile. Situato a un piano alto di un palazzo di inizio Novecento, Atelier Durini 15 \u00e8 un luogo di grande fascino in cui Andrea Castrignano &#8211; con la medesima attenzione e cura che un sarto dedica a un abito su misura &#8211; ha saputo realizzare una nuova dimensione dell\u2019abitare, fatta di dettagli esclusivi e raffinati, mixando ad arte materiali, colori, arredi e le pi\u00f9 avanzate tecnologie.<\/p>\n<p>La ristrutturazione ha saputo attualizzare il sapore retr\u00f2 dell\u2019appartamento, utilizzando decori e dettagli preesistenti rivisitati con creativit\u00e0. L\u2019estro e il gusto di Andrea Castrignano si esprimono attraverso l\u2019utilizzo di legno, vetro, pietra e ferro che, accostati, rivelano tutta la loro essenza materica e al tempo stesso poetica, per un effetto di grande impatto visivo ed emotivo. L\u2019unicit\u00e0 di Atelier Durini 15 \u00e8 confermata dall\u2019utilizzo di tecnologia interattiva connessa alla domotica, in grado di trasformare oggetti comuni in prodotti smart-touch dai quali accedere alla rete; dall\u2019attenzione dedicata al benessere, celebrato nei due ampi bagni en-suite e nel bagno turco; e, non ultima, dalla scelta di finiture pregiate.<\/p>\n<p>Dal marmo posato a casellario, all\u2019inedito parquet Exago in rovere tinto, di forma esagonale, disegnato da Andrea Castrignano, sino agli altrettanti unici elementi di arredo: il letto a baldacchino, il divano in stile Belle \u00c9poque e il letto imbottito con testata avvolgente, creati ad hoc per questo progetto.<\/p>\n<p>Per colorare l\u2019appartamento, Andrea Castrignano ha scelto tonalit\u00e0 avvolgenti e rilassanti dalle nuance polverose nei toni del verde e dell\u2019azzurro tipiche degli ambienti nordici, che sfociano nell\u2019esclusivo colore \u201cMar Baltico\u201d, e tinte pastello come il rosa cipria e il sabbia.<\/p>\n<p>Un elegante rifugio dove poter alternare momenti di relax alla convivialit\u00e0 vissuta secondo le regole della pi\u00f9 autentica ospitalit\u00e0 italiana.<\/p>\n<p>Arbolgallery, parquet Buzzi &amp; Buzzi, illuminazione Care Orchestra, impianto audio personalizzato Cleaf, pannelli termostrutturanti CloudProject, interactive Media Colombo Design, maniglie Covema Vernici, vernici Dornbracht, rubinetteria Effegibi, bagno turco Gardesa, porte di sicurezza Gewiss, domotica Glass Design, lavabi Henry Timi, sedute Jab Anstoetz e Chivasso By Jab tessuti, carte da parati, tappeti KnIndustrie, accessori tavola e cucina Locherber Milano, profumazioni naturali d&#8217;ambiente Marble &amp; Granite Service, marmi Modulnova, cucina NEC, monitor Polsit 1959, imbottiti, letti e divani Saint Gobain, cartongessi, strutture e vetro Scholt\u00e8s, elettrodomestici Scrigno, Sistemi di chiusura filomuro<\/p>\n<p>Atelier Durini 15 vi aspetta dal 14 al 19 aprile<\/p>\n<p>Via Durini 15, Milano | orari 10-20<\/p>\n<p>www.andreacastrignano.it<\/p>\n","protected":false},"excerpt":{"rendered":"<p>Salone Internazionale del Mobile 2015 Andrea Castrignano presenta Atelier Durini 15 Interior design sartoriale Interior design tailor-made: \u00e8 un mood \u201csartoriale\u201d ad aver ispirato Andrea Castrignano nella progettazione di Atelier Durini 15, prestigioso appartamento di circa 200 mq affacciato su una delle vie pi\u00f9 rinomate del centro di Milano e che sar\u00e0 presentato in occasione &hellip; <a href=\"https:\/\/www.gdapress.it\/it\/index.php\/50414\/design\/andrea-castrignano-presenta-atelier-durini-15.html\" class=\"more-link\">Read more <span class=\"screen-reader-text\">Andrea Castrignano presenta Atelier Durini 15<\/span><\/a><\/p>\n","protected":false},"author":3,"featured_media":0,"comment_status":"closed","ping_status":"open","sticky":false,"template":"","format":"standard","meta":{"footnotes":""},"categories":[32],"tags":[15193,312,15194],"class_list":["post-50414","post","type-post","status-publish","format-standard","hentry","category-design","tag-andrea-castrignano","tag-atelier","tag-durini-15"],"_links":{"self":[{"href":"https:\/\/www.gdapress.it\/it\/index.php\/wp-json\/wp\/v2\/posts\/50414","targetHints":{"allow":["GET"]}}],"collection":[{"href":"https:\/\/www.gdapress.it\/it\/index.php\/wp-json\/wp\/v2\/posts"}],"about":[{"href":"https:\/\/www.gdapress.it\/it\/index.php\/wp-json\/wp\/v2\/types\/post"}],"author":[{"embeddable":true,"href":"https:\/\/www.gdapress.it\/it\/index.php\/wp-json\/wp\/v2\/users\/3"}],"replies":[{"embeddable":true,"href":"https:\/\/www.gdapress.it\/it\/index.php\/wp-json\/wp\/v2\/comments?post=50414"}],"version-history":[{"count":1,"href":"https:\/\/www.gdapress.it\/it\/index.php\/wp-json\/wp\/v2\/posts\/50414\/revisions"}],"predecessor-version":[{"id":50417,"href":"https:\/\/www.gdapress.it\/it\/index.php\/wp-json\/wp\/v2\/posts\/50414\/revisions\/50417"}],"wp:attachment":[{"href":"https:\/\/www.gdapress.it\/it\/index.php\/wp-json\/wp\/v2\/media?parent=50414"}],"wp:term":[{"taxonomy":"category","embeddable":true,"href":"https:\/\/www.gdapress.it\/it\/index.php\/wp-json\/wp\/v2\/categories?post=50414"},{"taxonomy":"post_tag","embeddable":true,"href":"https:\/\/www.gdapress.it\/it\/index.php\/wp-json\/wp\/v2\/tags?post=50414"}],"curies":[{"name":"wp","href":"https:\/\/api.w.org\/{rel}","templated":true}]}}