
{"id":50322,"date":"2015-03-30T20:53:04","date_gmt":"2015-03-30T18:53:04","guid":{"rendered":"http:\/\/www.gdapress.it\/it\/?p=50322"},"modified":"2015-03-30T20:53:04","modified_gmt":"2015-03-30T18:53:04","slug":"fargo-alla-salumeria-della-musica-di-milano","status":"publish","type":"post","link":"https:\/\/www.gdapress.it\/it\/index.php\/50322\/musica\/fargo-alla-salumeria-della-musica-di-milano.html","title":{"rendered":"FARGO alla Salumeria della Musica di Milano."},"content":{"rendered":"<h1><a href=\"http:\/\/www.gdapress.it\/it\/..\/public\/it\/2015\/03\/Fargo_Fab1low.jpg\"><img loading=\"lazy\" decoding=\"async\" class=\"alignnone size-medium wp-image-50323\" src=\"http:\/\/www.gdapress.it\/it\/..\/public\/it\/2015\/03\/Fargo_Fab1low-300x199.jpg\" alt=\"Fargo_Fab1low\" width=\"300\" height=\"199\" srcset=\"https:\/\/www.gdapress.it\/it\/..\/public\/it\/2015\/03\/Fargo_Fab1low-300x199.jpg 300w, https:\/\/www.gdapress.it\/it\/..\/public\/it\/2015\/03\/Fargo_Fab1low-500x332.jpg 500w, https:\/\/www.gdapress.it\/it\/..\/public\/it\/2015\/03\/Fargo_Fab1low-900x598.jpg 900w\" sizes=\"auto, (max-width: 300px) 100vw, 300px\" \/><\/a><\/h1>\n<p><strong>Marted\u00ec 31 marzo 2015 \u2013 Milano, Salumeria della Musica<\/strong><\/p>\n<p><strong>Ore 21.30 \u2013 ingresso 10 euro<\/strong><\/p>\n<p><strong>\u00a0<\/strong><\/p>\n<p><strong>Dopo il successo del concerto nel dicembre scorso, <\/strong><\/p>\n<p><strong>i Fargo tornano dal vivo alla Salumeria della Musica di Milano marted\u00ec 31 marzo<\/strong><\/p>\n<p><strong>\u00a0<\/strong><\/p>\n<p><strong>Intanto il 19 marzo \u00e8 uscita una <em>special edition<\/em> del loro secondo album,\u00a0<\/strong><strong>\u201cA Small World in Black And White\u201d, con 5 <em>bonus tracks\u00a0<\/em><\/strong><strong>che aggiungono colori e sensazioni al pop-rock di stampo US del duo milanese.<\/strong><\/p>\n<p><strong>L\u2019album \u00e8 anticipato dal video di \u201cWonderland\u201d <\/strong><strong><span style=\"text-decoration: underline;\"><a href=\"http:\/\/bit.ly\/FargoWonderland\">http:\/\/bit.ly\/FargoWonderland<\/a>\u00a0<\/span><\/strong><strong>con un\u2019intensa partecipazione della vj e modella Valentina Pegorer<\/strong><\/p>\n<p>Dopo l\u2019eccellente riscontro per il concerto tenuto in dicembre alla<strong> Salumeria della Musica di Milano, i Fargo ritornano <\/strong>sul luogo del delitto <strong>e annunciano un nuovo appuntamento live sullo stesso palco marted\u00ec 31 marzo.<\/strong><\/p>\n<p><strong>\u00a0<\/strong><strong>Nell\u2019attesa, il percorso dei Fargo si \u00e8 arricchito di nuovi tasselli: \u201cA Small World in Black And White\u201d, il loro secondo album, uscito \u00a0il 19 marzo in cd e in digitale, in una speciale edizione con 5 <em>bonus tracks<\/em> <\/strong>appena terminate in studio, testimonianza della vena ispirata e prolifica che contraddistingue la speciale alchimia compositiva dei due \u201cgemelli atipici\u201d<strong> Max Monti <\/strong>e<strong> Fabrizio \u201cFargo\u201d Friggione.<\/strong> Il primo \u00e8 l\u2019autore di testi e poesie che prendono vita cesellandosi sulle melodie raffinate e seducenti composte dal secondo, interprete dalla voce di quel particolare velluto ruvido e struggente che solo a sentirne il suono lascia gi\u00e0 intravedere un mondo.<\/p>\n<p>&nbsp;<\/p>\n<p>Cinque nuovi \u201cpezzi facili\u201d, che si aggiungono agli 11 gi\u00e0 presenti nella versione standard, a comporre un quadro sonoro dal piglio rock nell\u2019approccio con aperture \u2013 dichiarate \u2013 verso il folk rock americano alla Steve Earle e John Mellencamp senza voler scomodare l\u2019inevitabile Springsteen gi\u00e0 omaggiato sulla cover del primo album, \u201c<strong>Crossings<\/strong>\u201d (2012), ma che strizza l\u2019occhio al pop degli amati Beatles. Il sound che ne risulta viaggia su binari riconoscibili, ma possiede un tratto del tutto personale, sa di yankee ma ha il calore del sud, non importa se America o Europa, e pu\u00f2 essere solo il suono dei <strong>Fargo<\/strong>: pulito nelle linee melodiche, ruvido per l\u2019intensit\u00e0 dell\u2019interpretazione vocale di liriche che nascono dalla pancia e arrivano all\u2019ascoltatore nella loro nuda realt\u00e0 di vissuto e sofferenza in cerca di pacificazione.<\/p>\n<p>&nbsp;<\/p>\n<p>La special edition di <strong>\u201cA Small World in Black And White\u201d<\/strong>, in vendita in digitale su tutte le principali piattaforme e in formato fisico nello shop on line di Artist First, nonch\u00e9 ai concerti dei Fargo, \u00e8 <strong>anticipata dall\u2019uscita del video realizzato per \u201cWonderland\u201d,<\/strong> visibile sul canale YouTube dei Fargo a questo link: <span style=\"text-decoration: underline;\"><a href=\"http:\/\/bit.ly\/FargoWonderland\">http:\/\/bit.ly\/FargoWonderland<\/a><\/span>. Ne \u00e8 protagonista un\u2019incantevole <strong>Valentina Pegorer<\/strong>, VJ e modella, nelle vesti di una pittrice naif alla ricerca del suo \u201cpaese delle meraviglie\u201d attraverso l\u2019amore e l\u2019arte. Il video \u00e8 stato realizzato con grande ispirazione da <strong>Gianluca Grandinetti<\/strong>, talentuoso videomaker gi\u00e0 alla prova con artisti come Marracash, Fabri Fibra e Clementino, in questo caso occhio poetico dietro la telecamera chiamata a rappresentare un mondo sentimentale e allegorico come quello dei Fargo.<\/p>\n<p><strong>Il concerto del 31 marzo alla Salumeria della Musica di Milano<\/strong>, eletta \u201ccasa artistica\u201d dei Fargo, data l\u2019accoglienza calorosa in occasione di ogni live tenuto in questa venue, sar\u00e0 l\u2019occasione per ascoltare per la prima volta dal vivo le nuove canzoni della band. Sul palco <strong>Fab Fargo <\/strong>(voce e chitarra) \u00e8 accompagnato da <strong>Nik Taccori<\/strong> alla batteria e percussioni, <strong>Paolo Legramandi<\/strong> al basso, <strong>Chris Lavoro<\/strong> ed<strong> Ermanno Fabbri <\/strong>alle chitarre e<strong> Davide \u201cDave\u201d Rossi<\/strong> alle tastiere.<\/p>\n<p><strong>FARGO \u2013 BREVI NOTE BIOGRAFICHE<\/strong><\/p>\n<p>Quando le parole in cerca della musica \u201cgiusta\u201d incrociano il proprio cammino con quello di una musica alla ricerca delle \u201cgiuste\u201d parole e i due obiettivi coincidono allora \u00e8 tempo di brindare.<\/p>\n<p>Fabrizio Fargo Friggione, 36 anni, musicista, produttore, dj, compositore di melodie pop ma ruvide come solo l\u2019animo di un giovane rocker sa essere, appassionato della musica dei Beatles e della musica bella in genere; Massimo Monti, 63 anni, poeta e scrittore prestato al mondo dell\u2019alta finanza, eminenza grigia del progetto con la sua Greywolf Records e saggia barba bianca, affascinato dal folk rock americano e dalla musica di Bruce Springsteen su tutti, ma soprattutto autore di liriche alla ricerca del suono giusto per loro: due gemelli paranormali, a lungo due \u201cpsychic twins\u201d atipici, sensibili, pieni di parole e musica da donare al mondo e a se stessi.<\/p>\n<p>I Fargo!<\/p>\n<p>&nbsp;<\/p>\n<p>\u201cSentimenti, emozioni, vibrazioni: una volta che le parole li hanno fermati sulla carta, corrono il rischio di apparire in qualche modo diluiti, persino traditi, potrebbero risultare troppo asciutti, sterili, rigidi, distanti dal cuore e dall\u2019animo di chi ha vergato quelle parole con l\u2019unico desiderio di dare loro una voce e una forma al di fuori del proprio grembo.<\/p>\n<p>La musica, quella \u201cgiusta\u201d, pu\u00f2 restituire vita e significato a quelle parole e fare anche di pi\u00f9: pu\u00f2 scoprire e potenziare la bellezza celata fra le righe e rilanciarla a un livello differente.<\/p>\n<p>&nbsp;<\/p>\n<p>La musica \u00e8 un linguaggio universale, quello attraverso il quale esprimiamo il nostro mondo interiore: nel nostro caso il \u2018nostro mondo\u2019 \u00e8 grande a sufficienza per accoglierci entrambi e speriamo che riuscir\u00e0 a ospitare quanti pi\u00f9 di voi vorranno farne parte\u201d.<\/p>\n<p>&nbsp;<\/p>\n<p>Fab e Max<\/p>\n<p>&nbsp;<\/p>\n<p>&nbsp;<\/p>\n<p><strong>Canali ufficiali:\u00a0\u00a0\u00a0\u00a0\u00a0\u00a0\u00a0 sito<\/strong>: <a href=\"http:\/\/www.fargorockband.it\">www.fargorockband.it<\/a>\u00a0\u00a0\u00a0\u00a0\u00a0\u00a0 <strong>FB<\/strong>: <a href=\"https:\/\/www.facebook.com\/pages\/Fargo-rock-band\/371034359726498\">Fargo &#8211; rock band<\/a>\u00a0\u00a0\u00a0\u00a0\u00a0\u00a0\u00a0\u00a0 <strong>TW<\/strong>: <a href=\"https:\/\/twitter.com\/fargo_rockband\">fargo_rockband<\/a>\u00a0\u00a0\u00a0\u00a0\u00a0\u00a0\u00a0\u00a0\u00a0 \u00a0\u00a0\u00a0\u00a0\u00a0\u00a0\u00a0\u00a0\u00a0\u00a0\u00a0 \u00a0\u00a0\u00a0\u00a0\u00a0\u00a0\u00a0\u00a0\u00a0\u00a0\u00a0\u00a0\u00a0\u00a0\u00a0\u00a0\u00a0\u00a0\u00a0\u00a0\u00a0\u00a0\u00a0\u00a0\u00a0\u00a0\u00a0\u00a0\u00a0\u00a0 <strong>Youtube<\/strong>: <a href=\"https:\/\/www.youtube.com\/user\/fargorockband\">Fargo &#8211; rock band<\/a>\u00a0\u00a0\u00a0\u00a0\u00a0\u00a0\u00a0\u00a0\u00a0\u00a0\u00a0\u00a0\u00a0\u00a0\u00a0\u00a0\u00a0\u00a0\u00a0\u00a0\u00a0\u00a0\u00a0\u00a0\u00a0\u00a0\u00a0\u00a0\u00a0\u00a0\u00a0\u00a0\u00a0\u00a0\u00a0\u00a0\u00a0\u00a0\u00a0\u00a0\u00a0\u00a0\u00a0\u00a0\u00a0 <strong>G+<\/strong>: <a href=\"https:\/\/plus.google.com\/114149119224737730749\/about\">Fargo &#8211; rock band<\/a><\/p>\n<p>&nbsp;<\/p>\n","protected":false},"excerpt":{"rendered":"<p>Marted\u00ec 31 marzo 2015 \u2013 Milano, Salumeria della Musica Ore 21.30 \u2013 ingresso 10 euro \u00a0 Dopo il successo del concerto nel dicembre scorso, i Fargo tornano dal vivo alla Salumeria della Musica di Milano marted\u00ec 31 marzo \u00a0 Intanto il 19 marzo \u00e8 uscita una special edition del loro secondo album,\u00a0\u201cA Small World in &hellip; <a href=\"https:\/\/www.gdapress.it\/it\/index.php\/50322\/musica\/fargo-alla-salumeria-della-musica-di-milano.html\" class=\"more-link\">Read more <span class=\"screen-reader-text\">FARGO alla Salumeria della Musica di Milano.<\/span><\/a><\/p>\n","protected":false},"author":3,"featured_media":0,"comment_status":"closed","ping_status":"open","sticky":false,"template":"","format":"standard","meta":{"footnotes":""},"categories":[19],"tags":[15157,17,4814],"class_list":["post-50322","post","type-post","status-publish","format-standard","hentry","category-musica","tag-fargo","tag-milano","tag-salumeria-della-musica"],"_links":{"self":[{"href":"https:\/\/www.gdapress.it\/it\/index.php\/wp-json\/wp\/v2\/posts\/50322","targetHints":{"allow":["GET"]}}],"collection":[{"href":"https:\/\/www.gdapress.it\/it\/index.php\/wp-json\/wp\/v2\/posts"}],"about":[{"href":"https:\/\/www.gdapress.it\/it\/index.php\/wp-json\/wp\/v2\/types\/post"}],"author":[{"embeddable":true,"href":"https:\/\/www.gdapress.it\/it\/index.php\/wp-json\/wp\/v2\/users\/3"}],"replies":[{"embeddable":true,"href":"https:\/\/www.gdapress.it\/it\/index.php\/wp-json\/wp\/v2\/comments?post=50322"}],"version-history":[{"count":1,"href":"https:\/\/www.gdapress.it\/it\/index.php\/wp-json\/wp\/v2\/posts\/50322\/revisions"}],"predecessor-version":[{"id":50324,"href":"https:\/\/www.gdapress.it\/it\/index.php\/wp-json\/wp\/v2\/posts\/50322\/revisions\/50324"}],"wp:attachment":[{"href":"https:\/\/www.gdapress.it\/it\/index.php\/wp-json\/wp\/v2\/media?parent=50322"}],"wp:term":[{"taxonomy":"category","embeddable":true,"href":"https:\/\/www.gdapress.it\/it\/index.php\/wp-json\/wp\/v2\/categories?post=50322"},{"taxonomy":"post_tag","embeddable":true,"href":"https:\/\/www.gdapress.it\/it\/index.php\/wp-json\/wp\/v2\/tags?post=50322"}],"curies":[{"name":"wp","href":"https:\/\/api.w.org\/{rel}","templated":true}]}}