
{"id":50319,"date":"2015-03-30T09:39:23","date_gmt":"2015-03-30T07:39:23","guid":{"rendered":"http:\/\/www.gdapress.it\/it\/?p=50319"},"modified":"2015-03-30T09:39:23","modified_gmt":"2015-03-30T07:39:23","slug":"expo-2015-sapori-e-profumi-dal-mondosalepepe-cluster-spezie","status":"publish","type":"post","link":"https:\/\/www.gdapress.it\/it\/index.php\/50319\/expo-2015-2\/expo-2015-sapori-e-profumi-dal-mondosalepepe-cluster-spezie.html","title":{"rendered":"EXPO 2015 &#8220;Sapori e profumi dal mondo&#8221;Sale&#038;Pepe  Cluster Spezie"},"content":{"rendered":"<div>\n<p class=\"ecxMsoNormal\" align=\"center\"><a href=\"http:\/\/www.gdapress.it\/it\/..\/public\/it\/2015\/03\/spezie-dettaglio.jpg\"><img loading=\"lazy\" decoding=\"async\" class=\"alignnone size-medium wp-image-50320\" src=\"http:\/\/www.gdapress.it\/it\/..\/public\/it\/2015\/03\/spezie-dettaglio-300x94.jpg\" alt=\"spezie-dettaglio\" width=\"300\" height=\"94\" srcset=\"https:\/\/www.gdapress.it\/it\/..\/public\/it\/2015\/03\/spezie-dettaglio-300x94.jpg 300w, https:\/\/www.gdapress.it\/it\/..\/public\/it\/2015\/03\/spezie-dettaglio-500x156.jpg 500w, https:\/\/www.gdapress.it\/it\/..\/public\/it\/2015\/03\/spezie-dettaglio-900x281.jpg 900w, https:\/\/www.gdapress.it\/it\/..\/public\/it\/2015\/03\/spezie-dettaglio.jpg 1280w\" sizes=\"auto, (max-width: 300px) 100vw, 300px\" \/><\/a><\/p>\n<p class=\"ecxMsoNormal\" align=\"center\"><b>\u201cSAPORI E PROFUMI DAL MONDO\u201d:<\/b><\/p>\n<p class=\"ecxMsoNormal\" align=\"center\"><b>LUNED\u00cc 30 MARZO <i>SALE&amp;PEPE<\/i><\/b><i> <\/i><b>PRESENTA IL CLUSTER SPEZIE<\/b><\/p>\n<p class=\"ecxMsoNormal\" align=\"center\"><b><\/b><b>CON LO CHEF DIEGO ROSSI E LA DOTTORESSA CARLA LERTOLA<\/b><\/p>\n<p class=\"ecxMsoNormal\" align=\"center\"><i>Dalle ore 10.30 presso Un posto a Milano, il ristorante all\u2019interno di Cascina Cuccagna<\/i><\/p>\n<\/div>\n<div><\/div>\n<div><\/div>\n<div><span style=\"font-family: Arial; font-size: small;\"><em><strong>Sale&amp;Pepe<\/strong><\/em><span class=\"ecx485463415-20032015\"><strong> e la sua Scuola di Cucina<\/strong> <\/span>presenta <strong><em>Sapori e profumi dal mondo<\/em><\/strong>: un<span class=\"ecx485463415-20032015\"> ciclo <\/span>di\u00a0<span class=\"ecx485463415-20032015\">incontri <\/span>gratuiti e aperti al pubblico per conoscere\u00a0<span class=\"ecx485463415-20032015\">in anteprima <\/span>&#8211; a pochi mesi dal pi\u00f9 grande appuntamento internazionale dell\u2019anno &#8211; i Paesi che partecipano ai Cluster di <b>Expo Milano 2015<\/b> e i loro patrimoni gastronomici<span class=\"ecx485463415-20032015\">, attraverso conferenze, showcooking e degustazioni, con la presenza di ospiti speciali, <\/span><span class=\"ecx084240620-13032015\">presso <strong>Un Posto a Milano<\/strong>, il ristorante all\u2019interno di <strong>Cascina Cuccagna<span class=\"ecx485463415-20032015\">.<\/span><\/strong><\/span><\/span><\/div>\n<div><\/div>\n<div>\n<p class=\"ecxMsoNormal\">L\u2019appuntamento di<b> luned\u00ec<\/b> <b>30 marzo<\/b> \u00e8 dedicato al <b>Cluster Spezie<\/b>. Utilizzate in cucina, nella medicina, nei rituali sociali e culturali, le spezie richiamo subito alla mente i colori, i profumi e il fascino di terre esotiche. Da sempre protagoniste di lunghi viaggi, il loro redditizio commercio ha favorito nel passato le esplorazioni e la scoperta di nuove aree geografiche della Terra.<\/p>\n<p class=\"ecxMsoNormal\">La giornata aprir\u00e0 al pubblico e alla stampa alle ore 10.30 con un welcome coffee e la conferenza di presentazione del Cluster che ospiter\u00e0 dal 1\u00b0 maggio Afghanistan, Brunei, Tanzania e Vanuatu. Interverr\u00e0<b> Paola Sucato<\/b>, curatrice del progetto Expo worldrecipes, che raccoglie in un ricettario globale pi\u00f9 di 160.000 ricette tradizionali, grazie al contributo di una community di oltre 700 autori e 5.500 fonti web, in una prospettiva multietnica e internazionale. <b>Laura Maragliano<\/b>, direttore di <i>Sale&amp;Pepe<\/i>, e <b>Vittorio Castellani<\/b>, in arte Chef Kumal\u00e8, giornalista e profondo conoscitore delle cucine del mondo, illustreranno aspetti peculiari e curiosit\u00e0 degli ingredienti protagonisti del Cluster Spezie.<\/p>\n<p class=\"ecxMsoNormal\">Alle ore 12.00, showcooking con l\u2019ospite speciale <b>Diego Rossi<\/b>. Lo chef veneto, che a breve inaugurer\u00e0 l\u2019apertura del suo primo ristorante a Milano, Trattoria Trippa, cuciner\u00e0 per il pubblico: \u201crisotto all\u2019aceto invecchiato, pepe nero tostato e lardo\u201d e \u201ccr\u00e8me br\u00fbl\u00e9e alla fava di Tonka\u201d.<\/p>\n<p class=\"ecxMsoNormal\">Alle ore 15.30 avr\u00e0 inizio la seconda parte della giornata alla scoperta del Cluster Spezie, con le ricette della tradizione a cura dello chef del ristorante <b>The Dhaba <\/b>di Milano, che realizzer\u00e0 due piatti tipici indiani: il <i>Subgi biryani<\/i> e il <i>Dal<\/i>.<\/p>\n<p class=\"ecxMsoNormal\">Infine, alle ore 17.00, momento conclusivo dedicato al benessere in cucina, con <b>Carla Lertola<\/b>, medico specialista in Scienza dell\u2019Alimentazione: si parler\u00e0 dei benefici e dei valori nutrizionali presenti nelle spezie e dei consigli raccolti nel volume <i>Liberi dalle diete con il Metodo Carla Lertola<\/i>,<i> <\/i>in uscita dal 5 maggio per Mondadori Electa. Seguir\u00e0 degustazione di \u201cfinti arancini alle spezie\u201d.<\/p>\n<p class=\"ecxMsoNormal\">Le attivit\u00e0 termineranno alle ore 18.30.<\/p>\n<p class=\"ecxMsoNormal\">\n<p class=\"ecxMsoNormal\">\n<p class=\"ecxMsoNormal\">Il programma completo \u00e8 disponibile su<b> <a href=\"http:\/\/www.salepepe.it\/expo-2015\/\" target=\"_blank\">www.salepe.it\/expo-2015<\/a><\/b> e <b><a href=\"http:\/\/www.expo2015.org\/it\/sapori-e-profumi-dal-mondo--un-viaggio-tra-i-cluster-di-expo-milano-2015\" target=\"_blank\">www.expo2015.org<\/a><\/b>.<\/p>\n<p class=\"ecxMsoNormal\">\n<\/div>\n","protected":false},"excerpt":{"rendered":"<p>\u201cSAPORI E PROFUMI DAL MONDO\u201d: LUNED\u00cc 30 MARZO SALE&amp;PEPE PRESENTA IL CLUSTER SPEZIE CON LO CHEF DIEGO ROSSI E LA DOTTORESSA CARLA LERTOLA Dalle ore 10.30 presso Un posto a Milano, il ristorante all\u2019interno di Cascina Cuccagna Sale&amp;Pepe e la sua Scuola di Cucina presenta Sapori e profumi dal mondo: un ciclo di\u00a0incontri gratuiti e &hellip; <a href=\"https:\/\/www.gdapress.it\/it\/index.php\/50319\/expo-2015-2\/expo-2015-sapori-e-profumi-dal-mondosalepepe-cluster-spezie.html\" class=\"more-link\">Read more <span class=\"screen-reader-text\">EXPO 2015 &#8220;Sapori e profumi dal mondo&#8221;Sale&#038;Pepe  Cluster Spezie<\/span><\/a><\/p>\n","protected":false},"author":3,"featured_media":0,"comment_status":"closed","ping_status":"open","sticky":false,"template":"","format":"standard","meta":{"footnotes":""},"categories":[12170],"tags":[14927,15156,622,14789],"class_list":["post-50319","post","type-post","status-publish","format-standard","hentry","category-expo-2015-2","tag-sapori-e-profumi-dal-mondo","tag-cluster-spezie","tag-expo-2015","tag-salepepe"],"_links":{"self":[{"href":"https:\/\/www.gdapress.it\/it\/index.php\/wp-json\/wp\/v2\/posts\/50319","targetHints":{"allow":["GET"]}}],"collection":[{"href":"https:\/\/www.gdapress.it\/it\/index.php\/wp-json\/wp\/v2\/posts"}],"about":[{"href":"https:\/\/www.gdapress.it\/it\/index.php\/wp-json\/wp\/v2\/types\/post"}],"author":[{"embeddable":true,"href":"https:\/\/www.gdapress.it\/it\/index.php\/wp-json\/wp\/v2\/users\/3"}],"replies":[{"embeddable":true,"href":"https:\/\/www.gdapress.it\/it\/index.php\/wp-json\/wp\/v2\/comments?post=50319"}],"version-history":[{"count":1,"href":"https:\/\/www.gdapress.it\/it\/index.php\/wp-json\/wp\/v2\/posts\/50319\/revisions"}],"predecessor-version":[{"id":50321,"href":"https:\/\/www.gdapress.it\/it\/index.php\/wp-json\/wp\/v2\/posts\/50319\/revisions\/50321"}],"wp:attachment":[{"href":"https:\/\/www.gdapress.it\/it\/index.php\/wp-json\/wp\/v2\/media?parent=50319"}],"wp:term":[{"taxonomy":"category","embeddable":true,"href":"https:\/\/www.gdapress.it\/it\/index.php\/wp-json\/wp\/v2\/categories?post=50319"},{"taxonomy":"post_tag","embeddable":true,"href":"https:\/\/www.gdapress.it\/it\/index.php\/wp-json\/wp\/v2\/tags?post=50319"}],"curies":[{"name":"wp","href":"https:\/\/api.w.org\/{rel}","templated":true}]}}