
{"id":50286,"date":"2015-03-27T19:51:02","date_gmt":"2015-03-27T17:51:02","guid":{"rendered":"http:\/\/www.gdapress.it\/it\/?p=50286"},"modified":"2015-03-27T19:51:02","modified_gmt":"2015-03-27T17:51:02","slug":"laverdi-lorchestra-haydn-gioca-a-poker-con-stravinskij","status":"publish","type":"post","link":"https:\/\/www.gdapress.it\/it\/index.php\/50286\/musica\/laverdi-lorchestra-haydn-gioca-a-poker-con-stravinskij.html","title":{"rendered":"LaVerdi L\u2019Orchestra Haydn  gioca a poker con Stravinskij"},"content":{"rendered":"<p><a href=\"http:\/\/www.gdapress.it\/it\/..\/public\/it\/2015\/03\/haydn-30.jpg\"><img loading=\"lazy\" decoding=\"async\" class=\"alignnone size-large wp-image-50287\" src=\"http:\/\/www.gdapress.it\/it\/..\/public\/it\/2015\/03\/haydn-30-500x333.jpg\" alt=\"haydn-30\" width=\"500\" height=\"333\" srcset=\"https:\/\/www.gdapress.it\/it\/..\/public\/it\/2015\/03\/haydn-30-500x333.jpg 500w, https:\/\/www.gdapress.it\/it\/..\/public\/it\/2015\/03\/haydn-30-300x200.jpg 300w, https:\/\/www.gdapress.it\/it\/..\/public\/it\/2015\/03\/haydn-30-900x599.jpg 900w, https:\/\/www.gdapress.it\/it\/..\/public\/it\/2015\/03\/haydn-30.jpg 1760w\" sizes=\"auto, (max-width: 500px) 100vw, 500px\" \/><\/a><\/p>\n<p style=\"text-align: left;\">Stagione Sinfonica 2014\/15<\/p>\n<p style=\"text-align: left;\"><strong>L\u2019Orchestra Haydn\u00a0<\/strong><strong>gioca a poker con Stravinskij<\/strong><\/p>\n<p style=\"text-align: left;\">La Sinfonica di Bolzano e Trento ospite de laVerdi.<\/p>\n<p>Sul podio dell\u2019Auditorium l\u2019estone Arvo Volmer<\/p>\n<p><strong>\u00a0<\/strong><strong>Venerd\u00ec 27 e domenica 29 marzo<\/strong><\/p>\n<p>Auditorium di Milano, largo Mahler<\/p>\n<p><strong>\u00a0<\/strong><strong>Orchestra Sinfonica Haydn di Bolzano e Trento<\/strong><\/p>\n<p>Direttore <strong>Arvo Volmer<\/strong><\/p>\n<p>laVerdi ha il piacere di invitare, nell\u2019ambito della propria Stagione principale, l\u2019<strong>Orchestra Sinfonica Haydn di Bolzano e Trento<\/strong>. La prestigiosa formazione orchestrale, nata nel 1960 per iniziativa dei Comuni e delle Province di Bolzano e Trento, che vanta un nutrito palmar\u00e8s internazionale, si esibir\u00e0\u00a0 all\u2019<strong>Auditorium di Milano <\/strong>in<strong> largo Mahler<\/strong>,<strong> venerd\u00ec 27 (ore 20.00) e domenica 29 marzo (ore 16.00)<\/strong>, diretta per questa speciale occasione dal suo direttore principale, l\u2019estone <strong>Arvo Volmer<\/strong>.<\/p>\n<p>Il programma, di largo respiro, spazia dal romanticismo al Novecento, attraverso <strong>Beethoven<\/strong> (<em>Leonora<\/em>, Ouverture n. 2 in Do maggiore op. 72a), <strong>Stravinskij<\/strong> (<em>Jeu de cartes<\/em>, <em>balletto in tre mani<\/em>) e <strong>Schumann <\/strong>(Sinfonia n. 1 in Si bemolle maggiore op. 38 <em>Primavera<\/em>).<\/p>\n<p>La presenza all\u2019Auditorium di Milano dell\u2019Orchestra ospite, che segue a distanza di quattro mesi la doppia <em>performance<\/em> de laVerdi nelle sedi di Bolzano e Trento della Haydn, rientra nel progetto della Fondazione milanese di scambio e collaborazione con importanti enti e istituzioni musicali nazionali e internazionali diversi.<\/p>\n<p><strong>Venerd\u00ec 27<\/strong>, per la tradizionale conferenza di introduzione al concerto (ore 18.30, Foyer della Balconata, ingresso libero), <strong>Francesco Marzano<\/strong> ci porter\u00e0 nel mondo del sinfonismo, da Beethoven a Schumann.<\/p>\n<p>(<strong>Biglietti <\/strong>euro 35,00\/15,00; <strong>info e prenotazioni<\/strong>: Auditorium di Milano Fondazione Cariplo, largo Mahler, orari apertura: mar \u2013 dom ore 14.30 \u2013 19.00, tel. 02.83389401\/2\/3; biglietteria via Clerici 3 (Cordusio),\u00a0 orari apertura: lun \u2013 ven\u00a0 ore 10.00 \u2013 19.00, sab ore 14.00 \u2013 19.00, tel. 02.83389.334 \u00a0<a href=\"http:\/\/www.laverdi.org\/\">www.laverdi.org<\/a>). <strong>\u00a0<\/strong><\/p>\n<p>&nbsp;<\/p>\n<p><strong>Programma<\/strong><\/p>\n<p>Stimolato dalla moglie pianista concertista Clara Wieck, il pianista creatore Robert Schumann si dedica nei suoi ultimi anni alla sinfonia e al teatro. Con risultati splendidi in melodie e armonie, migliorabili in timbri. Infatti, molti criticano la sua approssimativa tecnica di orchestrazione. Mahler addirittura gli riscrive le partiture. Eppure, l\u2019originale del primo lavoro, appunto la Sinfonia n. 1, non \u00e8 affatto male. Anzi, i suoi apparenti squilibri sonori finiscono per affascinare ancor pi\u00f9 l\u2019ascoltatore curioso.<\/p>\n<p>Invece Stravinskij, che nel 1936 scrive per il coreografo Balanchine un balletto ispirato al gioco del poker, \u00e8 un perfetto esempio di come affidare a ogni strumento dell\u2019orchestra i passaggi giusti, ottenendo colori brillanti con mezzi limitati, senza confondere i passi dei ballerini, riportando tutti ai deliziosi equilibri della stagione neoclassica.<\/p>\n<p>Altra curiosit\u00e0 dell\u2019intelligente programma proposto da Alvo Wolmer a capo dell\u2019ospite Orchestra Haydn di Bolzano e Trento \u00e8 l\u2019ouverture Leonora n. 2, probabilmente quella eseguita alla prima rappresentazione dell\u2019opera <em>Leonora<\/em> (1805), soppiantata dalla pi\u00f9 famosa Leonora n. 3 (revisione del 1806) prima della conclusiva, scritta per il rifacimento definitivo come <em>Fidelio <\/em>(1814).<\/p>\n<p><em>Enzo Beacco<\/em><\/p>\n<p><strong>\u00a0<\/strong><\/p>\n<p><strong>Biografie<\/strong><\/p>\n<p><strong>Orchestra Sinfonica Haydn<\/strong> <strong>di Bolzano e Trento<\/strong>. Si \u00e8 costituita nel 1960 per iniziativa dei Comuni e delle Province di Bolzano e di Trento e gode dei finanziamenti ministeriali del Fondo unico per lo spettacolo (Fus). Il suo repertorio spazia dal barocco ai contemporanei; in pi\u00f9 occasioni autori come Luigi Dallapiccola, Luigi Nono, Luciano Berio, Franco Donatoni, Giorgio Battistelli, Matteo D\u2019Amico e Giovanni Sollima le hanno affidato dei loro lavori in prima esecuzione assoluta.<\/p>\n<p>L\u2019Orchestra Haydn ha preso parte a diversi festival internazionali, apparendo in Austria (a Bregenz, Erl, al Mozarteum di Salisburgo e al Musikverein di Vienna), Germania, Giappone (a Otsu e Tokio), Italia (in numerose sale da concerto, da Firenze a Milano, alla Sagra Musicale Umbra di Perugia e al Rossini Opera Festival di Pesaro), nei Paesi Bassi, negli Stati Uniti d\u2019America, in Svizzera e in Ungheria.<\/p>\n<p>Sul suo podio sono saliti, fra gli altri, Claudio Abbado, Rinaldo Alessandrini, Riccardo Chailly, Ottavio Dantone, Eliahu Inbal, Alain Lombard, Jes\u00fas L\u00f3pez-Cobos, Neville Marriner, Riccardo Muti, Daniel Oren, Jos\u00e9 Serebrier e Alberto Zedda; dopo il fondatore Antonio Pedrotti si sono avvicendati come direttori stabili Hermann Michael, Alun Francis, Christian Mandeal e Ola Rudner. Dal 2003 al 2012 ne \u00e8 stato direttore artistico Gustav Kuhn; dal marzo 2013 Daniele Spini \u00e8 responsabile della progettazione artistica mentre da settembre 2014 Arvo Volmer \u00e8 il nuovo Direttore Principale dell\u2019Orchestra.<\/p>\n<p>Moltissime sono le registrazioni radiofoniche e televisive per la Rai; ampio il catalogo di cd e dvd realizzati per Agor\u00e1 (l\u2019Oratorio San Francesco dell\u2019altoatesino Padre Hartmann), Amadeus (il Triplo Concerto di Beethoven con il Trio di Parma), Arts, Camerata Tokyo (Concerti per flauto con Wolfgang Schulz), col legno (i cicli completi delle Sinfonie di Beethoven, Schumann e Brahms con Gustav Kuhn), Concerto, Cpo (musiche di Domenico Cimarosa, Alfredo Casella e Riccardo Zandonai nonch\u00e9 del bolzanino Ludwig Thuille), Dynamic (Concerti per violino di Henri Vieuxtemps con Massimo Quarta), Multigram, Naxos (diverse opere di Rossini), Opus Arte, Rca (Adelia di Donizetti), Unitel (Alzira di Verdi), Universal (arie d\u2019opera con il tenore Saimir Pirgu), vmc Classic e Zecchini.<\/p>\n<p>&nbsp;<\/p>\n<p><strong>Arvo Volmer<\/strong>, <em>direttore<\/em>. Estone, nato nel 1962 a Tallinn, ha studiato Direzione d\u2019orchestra dal 1980 al 1985 con Olev Oja e Roman Matsov al Conservatorio Statale Estone della sua citt\u00e0 natale, passando successivamente al Conservatorio \u201cRimskij-Korsakov\u201d di Leningrado, dove si \u00e8 diplomato con Ravil Martynov nel 1990; si \u00e8 perfezionato con Helmuth Rilling negli Stati Uniti.<\/p>\n<p>Volmer ha debuttato nel 1985 al Teatro d\u2019Opera Nazionale Estone di Tallinn, un\u2019istituzione cui \u00e8 sempre rimasto legato e di cui dal 2004 \u00e8 il direttore musicale. Dal 1987 ha lavorato anche con l\u2019Orchestra Nazionale Estone, divenendone direttore stabile nel 1993 (vi rimase fino al 2001). Dal 1994 al 2005 Volmer \u00e8 stato direttore artistico e musicale dell\u2019Orchestra Sinfonica di Oulu in Finlandia e dal 2004 al 2013 <em>principal conductor<\/em> e <em>music director<\/em> dell\u2019Adelaide Symphony Orchestra in Australia. Sotto la sua direzione l\u2019orchestra ha compiuto tourn\u00e9e negli Stati Uniti, apparendo alla Royce Hall di Los Angeles e alla Carnegie Hall di New York; dal 2008 al 2013 vi ha diretto il ciclo completo delle Sinfonie di Mahler, rimanendo poi legato alla compagine quale <em>principal guest conductor<\/em>.<\/p>\n<p>Arvo Volmer \u00e8 apparso come direttore ospite della Australian Youth Orchestra, della State Opera South Australia, della West Australian Symphony, della Bbc Philharmonic Orchestra, della Komische Oper di Berlino, del Konzerthaus-Orchester e del Radio-Sinfonieorchester di Berlino, della City of Birmingham Symphony Orchestra, dell\u2019Orchestre de Bretagne, dell\u2019Orchestre National de Belgique di Bruxelles, a Chemnitz e Copenaghen, dei Dortmunder Philharmoniker, dell\u2019Orchestra Sinfonica di G\u00f6teborg, al Festival Menuhin di Gstaad, della ndr-Radiophilharmonie di Hannover, del Teatro d\u2019Opera Finlandese e dell\u2019Orchestra Sinfonica della Radio di Helsinki, delle Orchestre Filarmoniche di Helsinki, Macau e Malm\u00f6, al Nationaltheater di Mannheim, della Melbourne Symphony Orchestra, dell\u2019Orchestra Filarmonica di Mosca e del Teatro Bolshoi di Mosca, al Festival Europa Musicale di Monaco, dei N\u00fcrnberger Symphoniker, del Teatro d\u2019Opera Norvegese di Oslo, dell\u2019Orchestre National de France e dell\u2019Orchestre Philharmonique de Radio France a Parigi, della Queensland Orchestra, delle Orchestre Filarmoniche di Reykjavik e di San Pietroburgo, dell\u2019Orquesta Sinf\u00f3nica do Estado de Sa\u00f5 Paulo, dell\u2019Opera Australia di Sidney, della Singapore Symphony Orchestra, delle Orchestre Filarmoniche di Stoccarda e di Stoccolma, della Sydney Symphony, della Taiwan Symphony e della Tasmanian Symphony Orchestra nonch\u00e9 del Teatro d\u2019Opera Georgiano di Tblisi. Ha diretto inoltre in Israele, nei Paesi Bassi, in Polonia, in Portogallo e nella Repubblica Ceca.<\/p>\n<p>Arvo Volmer ha diretto diverse prime esecuzioni assolute di opere di compositori estoni, del finlandese Olli Kortekangas e dello svedese Sven-David Sandstr\u00f6m. Nel 2007 ha diretto la prima assoluta dell\u2019opera Wallenberg di Erkki-Sven T\u00fc\u00fcr, apparsa nel 2008 come dvd (erp).<\/p>\n<p>Con l\u2019Orchestra Sinfonica di Oulo ha registrato tutte le opere orchestrali di Leevi Madetoja (cd Alba Records, 1998-2000); con l\u2019Orchestra Nazionale Estone ha inciso le Sinfonie di Eduard Tubin (5 cd Alba Records, 1999-2003), il balletto Goblin di Tubin (cd Alba Records, 2005) e il Requiem estone di Cyrillus Kreeks del 1927 (cd Alba Records, 2007). Inoltre sono apparse le opere sinfoniche di Ester M\u00e4gi (cd Toccata Classic, 2007), un\u2019edizione integrale delle Sinfonie di Jean Sibelius con la Adelaide Symphony Orchestra (cd abc Classics) e i Concerti per fiati di Ross Edwards con la Melbourne Symphony Orchestra.<\/p>\n<p>Arvo Volmer ha debuttato con l\u2019Orchestra Haydn nell\u2019ottobre 2012, dirigendo il concerto d\u2019inaugurazione della stagione; dalla corrente stagione ne \u00e8 il direttore principale.<\/p>\n","protected":false},"excerpt":{"rendered":"<p>Stagione Sinfonica 2014\/15 L\u2019Orchestra Haydn\u00a0gioca a poker con Stravinskij La Sinfonica di Bolzano e Trento ospite de laVerdi. Sul podio dell\u2019Auditorium l\u2019estone Arvo Volmer \u00a0Venerd\u00ec 27 e domenica 29 marzo Auditorium di Milano, largo Mahler \u00a0Orchestra Sinfonica Haydn di Bolzano e Trento Direttore Arvo Volmer laVerdi ha il piacere di invitare, nell\u2019ambito della propria Stagione &hellip; <a href=\"https:\/\/www.gdapress.it\/it\/index.php\/50286\/musica\/laverdi-lorchestra-haydn-gioca-a-poker-con-stravinskij.html\" class=\"more-link\">Read more <span class=\"screen-reader-text\">LaVerdi L\u2019Orchestra Haydn  gioca a poker con Stravinskij<\/span><\/a><\/p>\n","protected":false},"author":3,"featured_media":0,"comment_status":"closed","ping_status":"open","sticky":false,"template":"","format":"standard","meta":{"footnotes":""},"categories":[19],"tags":[1494,15144,15145],"class_list":["post-50286","post","type-post","status-publish","format-standard","hentry","category-musica","tag-laverdi","tag-orchestra-haydn","tag-stravinskij"],"_links":{"self":[{"href":"https:\/\/www.gdapress.it\/it\/index.php\/wp-json\/wp\/v2\/posts\/50286","targetHints":{"allow":["GET"]}}],"collection":[{"href":"https:\/\/www.gdapress.it\/it\/index.php\/wp-json\/wp\/v2\/posts"}],"about":[{"href":"https:\/\/www.gdapress.it\/it\/index.php\/wp-json\/wp\/v2\/types\/post"}],"author":[{"embeddable":true,"href":"https:\/\/www.gdapress.it\/it\/index.php\/wp-json\/wp\/v2\/users\/3"}],"replies":[{"embeddable":true,"href":"https:\/\/www.gdapress.it\/it\/index.php\/wp-json\/wp\/v2\/comments?post=50286"}],"version-history":[{"count":1,"href":"https:\/\/www.gdapress.it\/it\/index.php\/wp-json\/wp\/v2\/posts\/50286\/revisions"}],"predecessor-version":[{"id":50288,"href":"https:\/\/www.gdapress.it\/it\/index.php\/wp-json\/wp\/v2\/posts\/50286\/revisions\/50288"}],"wp:attachment":[{"href":"https:\/\/www.gdapress.it\/it\/index.php\/wp-json\/wp\/v2\/media?parent=50286"}],"wp:term":[{"taxonomy":"category","embeddable":true,"href":"https:\/\/www.gdapress.it\/it\/index.php\/wp-json\/wp\/v2\/categories?post=50286"},{"taxonomy":"post_tag","embeddable":true,"href":"https:\/\/www.gdapress.it\/it\/index.php\/wp-json\/wp\/v2\/tags?post=50286"}],"curies":[{"name":"wp","href":"https:\/\/api.w.org\/{rel}","templated":true}]}}