
{"id":50216,"date":"2015-03-26T02:03:22","date_gmt":"2015-03-26T00:03:22","guid":{"rendered":"http:\/\/www.gdapress.it\/it\/?p=50216"},"modified":"2015-03-26T02:07:52","modified_gmt":"2015-03-26T00:07:52","slug":"centralefs-designhub-aarch-mi","status":"publish","type":"post","link":"https:\/\/www.gdapress.it\/it\/index.php\/50216\/design\/centralefs-designhub-aarch-mi.html","title":{"rendered":"FUORI SALONE, CENTRALE FS-DESIGN HUB: PRESENTAZIONE ITINERARI TRA DESIGN E ARCHITETTURA\u200f"},"content":{"rendered":"<p><a href=\"http:\/\/www.gdapress.it\/it\/..\/public\/it\/2015\/03\/002_itinerari.jpg\"><img loading=\"lazy\" decoding=\"async\" class=\"alignnone size-medium wp-image-50218\" src=\"http:\/\/www.gdapress.it\/it\/..\/public\/it\/2015\/03\/002_itinerari-300x278.jpg\" alt=\"002_itinerari\" width=\"300\" height=\"278\" srcset=\"https:\/\/www.gdapress.it\/it\/..\/public\/it\/2015\/03\/002_itinerari-300x278.jpg 300w, https:\/\/www.gdapress.it\/it\/..\/public\/it\/2015\/03\/002_itinerari-432x400.jpg 432w, https:\/\/www.gdapress.it\/it\/..\/public\/it\/2015\/03\/002_itinerari.jpg 704w\" sizes=\"auto, (max-width: 300px) 100vw, 300px\" \/><\/a><\/p>\n<p>&nbsp;<\/p>\n<p><a href=\"http:\/\/www.gdapress.it\/it\/..\/public\/it\/2015\/03\/001_logo.png\"><img loading=\"lazy\" decoding=\"async\" class=\"alignnone size-medium wp-image-50219\" src=\"http:\/\/www.gdapress.it\/it\/..\/public\/it\/2015\/03\/001_logo-300x300.png\" alt=\"001_logo\" width=\"300\" height=\"300\" srcset=\"https:\/\/www.gdapress.it\/it\/..\/public\/it\/2015\/03\/001_logo-300x300.png 300w, https:\/\/www.gdapress.it\/it\/..\/public\/it\/2015\/03\/001_logo-150x150.png 150w, https:\/\/www.gdapress.it\/it\/..\/public\/it\/2015\/03\/001_logo-400x400.png 400w, https:\/\/www.gdapress.it\/it\/..\/public\/it\/2015\/03\/001_logo-144x144.png 144w, https:\/\/www.gdapress.it\/it\/..\/public\/it\/2015\/03\/001_logo-676x676.png 676w, https:\/\/www.gdapress.it\/it\/..\/public\/it\/2015\/03\/001_logo.png 693w\" sizes=\"auto, (max-width: 300px) 100vw, 300px\" \/><\/a><\/p>\n<p><a href=\"http:\/\/www.gdapress.it\/it\/..\/public\/it\/2015\/03\/007_notturno.jpg\"><img loading=\"lazy\" decoding=\"async\" class=\"alignnone size-medium wp-image-50220\" src=\"http:\/\/www.gdapress.it\/it\/..\/public\/it\/2015\/03\/007_notturno-300x264.jpg\" alt=\"007_notturno\" width=\"300\" height=\"264\" srcset=\"https:\/\/www.gdapress.it\/it\/..\/public\/it\/2015\/03\/007_notturno-300x264.jpg 300w, https:\/\/www.gdapress.it\/it\/..\/public\/it\/2015\/03\/007_notturno-455x400.jpg 455w, https:\/\/www.gdapress.it\/it\/..\/public\/it\/2015\/03\/007_notturno-769x676.jpg 769w, https:\/\/www.gdapress.it\/it\/..\/public\/it\/2015\/03\/007_notturno.jpg 960w\" sizes=\"auto, (max-width: 300px) 100vw, 300px\" \/><\/a><\/p>\n<p><a href=\"http:\/\/www.gdapress.it\/it\/..\/public\/it\/2015\/03\/006_gumdesign.jpg\"><img loading=\"lazy\" decoding=\"async\" class=\"alignnone size-medium wp-image-50221\" src=\"http:\/\/www.gdapress.it\/it\/..\/public\/it\/2015\/03\/006_gumdesign-300x168.jpg\" alt=\"006_gumdesign\" width=\"300\" height=\"168\" srcset=\"https:\/\/www.gdapress.it\/it\/..\/public\/it\/2015\/03\/006_gumdesign-300x168.jpg 300w, https:\/\/www.gdapress.it\/it\/..\/public\/it\/2015\/03\/006_gumdesign-500x280.jpg 500w, https:\/\/www.gdapress.it\/it\/..\/public\/it\/2015\/03\/006_gumdesign.jpg 680w\" sizes=\"auto, (max-width: 300px) 100vw, 300px\" \/><\/a><\/p>\n<p><a href=\"http:\/\/www.gdapress.it\/it\/..\/public\/it\/2015\/03\/004_magazziniraccordati.jpg\"><img loading=\"lazy\" decoding=\"async\" class=\"alignnone size-medium wp-image-50222\" src=\"http:\/\/www.gdapress.it\/it\/..\/public\/it\/2015\/03\/004_magazziniraccordati-300x224.jpg\" alt=\"004_magazziniraccordati\" width=\"300\" height=\"224\" srcset=\"https:\/\/www.gdapress.it\/it\/..\/public\/it\/2015\/03\/004_magazziniraccordati-300x224.jpg 300w, https:\/\/www.gdapress.it\/it\/..\/public\/it\/2015\/03\/004_magazziniraccordati-500x373.jpg 500w, https:\/\/www.gdapress.it\/it\/..\/public\/it\/2015\/03\/004_magazziniraccordati-900x672.jpg 900w\" sizes=\"auto, (max-width: 300px) 100vw, 300px\" \/><\/a><\/p>\n<p><a href=\"http:\/\/www.gdapress.it\/it\/..\/public\/it\/2015\/03\/GetAttachment-4.jpg\"><img loading=\"lazy\" decoding=\"async\" class=\"alignnone size-full wp-image-50217\" src=\"http:\/\/www.gdapress.it\/it\/..\/public\/it\/2015\/03\/GetAttachment-4.jpg\" alt=\"GetAttachment (4)\" width=\"184\" height=\"159\" \/><\/a>\u00a0<a href=\"http:\/\/www.gdapress.it\/it\/..\/public\/it\/2015\/03\/005_tram.jpg\"><img loading=\"lazy\" decoding=\"async\" class=\"alignnone size-medium wp-image-50223\" src=\"http:\/\/www.gdapress.it\/it\/..\/public\/it\/2015\/03\/005_tram-169x300.jpg\" alt=\"005_tram\" width=\"169\" height=\"300\" srcset=\"https:\/\/www.gdapress.it\/it\/..\/public\/it\/2015\/03\/005_tram-169x300.jpg 169w, https:\/\/www.gdapress.it\/it\/..\/public\/it\/2015\/03\/005_tram-225x400.jpg 225w, https:\/\/www.gdapress.it\/it\/..\/public\/it\/2015\/03\/005_tram-380x676.jpg 380w, https:\/\/www.gdapress.it\/it\/..\/public\/it\/2015\/03\/005_tram.jpg 1836w\" sizes=\"auto, (max-width: 169px) 100vw, 169px\" \/><\/a><\/p>\n<p><strong>itinerari tra design ed architettura<\/strong><\/p>\n<p><strong>nella zona della Stazione Centrale<\/strong><\/p>\n<p><strong>14 \u2013 19 Aprile <\/strong><\/p>\n<p><strong>settimana del Salone del Mobile 2015<\/strong><\/p>\n<p><strong>La presentazione si terr\u00e0 al <\/strong><\/p>\n<p><strong><span style=\"text-decoration: underline;\">Cinema Beltrade \u2013 via Oxilia 10 Milano<\/span><\/strong><\/p>\n<p><strong><span style=\"text-decoration: underline;\">lunedi 30 Marzo alle ore\u00a0 10,30<\/span><\/strong><\/p>\n<p><strong>dibattito, presentazione e rinfresco<\/strong><\/p>\n<p><strong>vi chiediamo se possibile di confermare vs presenza alla segreteria organizzativa<\/strong><\/p>\n<p><strong>(sigg.re Bonavia\/Merigelli tel. 02.36508735)<\/strong><\/p>\n<p><strong>Milano <\/strong><\/p>\n<p><em>zona Stazione Centrale\/Loreto \u2013 Mezzi pubblici :\u00a0 MM2\/MM3 stazione Centrale,\u00a0 MM1 \/ MM2 Loreto, TRAM 1 via Venini,\u00a0 Filobus 90\/91Caiazzo<\/em><\/p>\n<p>Promossa da\u00a0 <strong>AARCH-MI<\/strong><\/p>\n<p><strong>associazione culturale\u00a0 per la promozione dell&#8217;architettura e del design a Milano<\/strong><\/p>\n<p><strong><em>\u00a0<\/em><\/strong><strong>con il patrocinio di\u00a0<\/strong><strong>www.fsdesignhub.com<\/strong><\/p>\n<p><strong><span style=\"text-decoration: underline;\">\u00a0<\/span><\/strong><strong><span style=\"text-decoration: underline;\">in breve<\/span><\/strong><\/p>\n<p>Gli itinerari propongono oggetti, prodotti e prototipi di design esposti nelle attivit\u00e0 commerciali e produttive della zona, in essere o dismesse e riaperte per l&#8217;occasione. Una decontestualizzazione del design ed una valorizzazione dei luoghi generano nuovi rapporti tra design, architettura e citt\u00e0. A piedi, in tram o in bicicletta, partecipare agli itinerari consentir\u00e0 di scoprire questa parte di citt\u00e0, la Stazione, la Martesana, i Magazzini Raccordati e quelle aree il cui destino \u00e8 al centro del progetto di riqualificazione di cui l&#8217;associazione AARCH-MI si fa promotrice dal 2012.<\/p>\n<p>Durante la presentazione degli itinerari verr\u00e0 anche proiettato il cortometraggio \u201cLa stazione, i magazzini, la citt\u00e0: un progetto urbano\u201d.<\/p>\n<p><strong><span style=\"text-decoration: underline;\">PRESENTAZIONE DELL&#8217;EVENTO<\/span><\/strong><\/p>\n<p><strong>Cinema Beltrade<\/strong><\/p>\n<p><strong>lunedi 30 Marzo alle ore\u00a0 10,30<\/strong><\/p>\n<p><strong>luoghi<\/strong><\/p>\n<p>L&#8217;iniziativa, nuova e senza precedenti, propone itinerari che consentono di partecipare ad eventi che si svolgono presso attivit\u00e0 storiche e presenti nei quartieri prossimi alla Stazione Centrale. Tram, bicicletta e passeggiate consentono ai visitatori di scoprire una faccia di Milano autentica, popolare e non esente da trasformazioni.<\/p>\n<p><strong>titolo<\/strong><\/p>\n<p>Con il titolo \u201ccentraleFS &#8211; designHUB\u201d si presentano itinerari che durante la settimana della Design Week (14-19 di Aprile) consentiranno ai visitatori come ai cittadini di scoprire o riscoprire luoghi prossimi alla stazione Centrale ricchi di carattere e sicuramente alternativi. CentraleFS- designHUB \u00e8 d&#8217;altra parte anche il nome del progetto di ricerca che l&#8217;associazione promotrice dell&#8217;iniziativa promuove dal 2012 con il fine di svluppare soluzioni urbanistiche, architettoniche e paesistiche per la riqualificazione dell&#8217;area dei Magazzini Raccordati.<\/p>\n<p><strong>\u00a0<\/strong><strong>Eventi ed itinerari<\/strong><\/p>\n<p>Numerosi e diversi saranno gli eventi proposti tra i quali ad esempio itinerari in bicicletta lungo il naviglio della Martesana,\u00a0 degustazioni vegane, selfiemob e sketchmob, proiezioni cinematografiche e presentazione di giovani designer emergenti ed autoprodotti.<\/p>\n<p>Gli eventi saranno collegati lungo itinerari proposti a piedi, bicicletta o mezzi pubblici, con il fine di consentire al visitatore un esperienza autentica ed alternativa in un area fortemente caratterizzata quale \u00e8 quella della Stazione Centrale.<\/p>\n<p>Dalla stazione Centrale si arriver\u00e0 cos\u00ec fino al Naviglio della Martesana, che con la sua forte valenza naturalistica fa da contrappeso paesistico al rilevato ferroviario dei Magazzini Raccordati, oggi ridotto dai fatti e dal tempo ad una sorta di rovina romantica.<\/p>\n<p><strong>il progetto di riqualificazione<\/strong><\/p>\n<p>Gli itinerari vertono a portare l&#8217;attenzione dei visitatori sui caratteri e sulle qualit\u00e0 di questo manufatto (il pi\u00f9 grande edificio della citt\u00e0) e sull&#8217;area intera della stazione Centrale Martesana, sfruttando la cassa di risonanza che la design week rappresenta per la citt\u00e0.<\/p>\n<p>Dal 2012 infatti, l&#8217;associazione AARCH-MI porta avanti un percorso di ricerca progettuale teso ad individuare strategie e forme possibili del recupero di questo enorme edificio e della sua area d&#8217;influenza, opponendo al mero sfruttamento degli spazi, un programma architettonico e paesistico ampio, nel quale spazi pubblici\u00a0 per la persona, destinati tanto ai cittadini quanto ai turisti, contribuiscono a proporre un modello di sviluppo alternativo, in grado di insediare nel quartiere reali dinamiche di recupero e valorizzazione, non solo sul piano economico, quanto sul piano civico e civile.<\/p>\n<p><strong>organizzatori<\/strong><\/p>\n<p>Ad organizzare CentraleFS \u2013 designHUB \u00e8 l&#8217;associazione culturale AARCH-MI e gli itinerari sono patrocinati dal Comune di Milano.<\/p>\n<p>Numerosi i partner elencati sul sito web.<\/p>\n<p><strong><em>Al dibattito sono stati invitati i rappresentanti di enti, associazioni ed istituzioni\u00a0 presenti sul medesimo territorio. Seguiranno ulteriori eventuali specifiche in merito.<\/em><\/strong><\/p>\n<p>&nbsp;<\/p>\n<p><strong>sito \u2013 www.fsdesignhub.com<\/strong><\/p>\n<p><strong>mail &#8211; <\/strong><a href=\"mailto:info@fsdesignhub.com\"><strong>info@fsdesignhub.com<\/strong><\/a><\/p>\n<p>&nbsp;<\/p>\n<p><strong>segreteria organizzativa<\/strong><\/p>\n<p><strong>Francesca Bonavia + Floriana Merigelli <\/strong><\/p>\n<ol start=\"2\">\n<li><strong> 02.3650.8735<\/strong><\/li>\n<\/ol>\n<p>&nbsp;<\/p>\n<p><strong>curatore &#8211; Giuseppe Peppe Mazzeo <\/strong><\/p>\n<p><strong>tel. 02.3650.8735<\/strong><\/p>\n","protected":false},"excerpt":{"rendered":"<p>&nbsp; \u00a0 itinerari tra design ed architettura nella zona della Stazione Centrale 14 \u2013 19 Aprile settimana del Salone del Mobile 2015 La presentazione si terr\u00e0 al Cinema Beltrade \u2013 via Oxilia 10 Milano lunedi 30 Marzo alle ore\u00a0 10,30 dibattito, presentazione e rinfresco vi chiediamo se possibile di confermare vs presenza alla segreteria organizzativa &hellip; <a href=\"https:\/\/www.gdapress.it\/it\/index.php\/50216\/design\/centralefs-designhub-aarch-mi.html\" class=\"more-link\">Read more <span class=\"screen-reader-text\">FUORI SALONE, CENTRALE FS-DESIGN HUB: PRESENTAZIONE ITINERARI TRA DESIGN E ARCHITETTURA\u200f<\/span><\/a><\/p>\n","protected":false},"author":3,"featured_media":0,"comment_status":"closed","ping_status":"open","sticky":false,"template":"","format":"standard","meta":{"footnotes":""},"categories":[32,8151],"tags":[15119,17445,15117,17456,15118,1454],"class_list":["post-50216","post","type-post","status-publish","format-standard","hentry","category-design","category-i-saloni-201220132014","tag-aarch-mi","tag-architettura","tag-centralefs","tag-design","tag-designhub","tag-itinerari"],"_links":{"self":[{"href":"https:\/\/www.gdapress.it\/it\/index.php\/wp-json\/wp\/v2\/posts\/50216","targetHints":{"allow":["GET"]}}],"collection":[{"href":"https:\/\/www.gdapress.it\/it\/index.php\/wp-json\/wp\/v2\/posts"}],"about":[{"href":"https:\/\/www.gdapress.it\/it\/index.php\/wp-json\/wp\/v2\/types\/post"}],"author":[{"embeddable":true,"href":"https:\/\/www.gdapress.it\/it\/index.php\/wp-json\/wp\/v2\/users\/3"}],"replies":[{"embeddable":true,"href":"https:\/\/www.gdapress.it\/it\/index.php\/wp-json\/wp\/v2\/comments?post=50216"}],"version-history":[{"count":4,"href":"https:\/\/www.gdapress.it\/it\/index.php\/wp-json\/wp\/v2\/posts\/50216\/revisions"}],"predecessor-version":[{"id":50227,"href":"https:\/\/www.gdapress.it\/it\/index.php\/wp-json\/wp\/v2\/posts\/50216\/revisions\/50227"}],"wp:attachment":[{"href":"https:\/\/www.gdapress.it\/it\/index.php\/wp-json\/wp\/v2\/media?parent=50216"}],"wp:term":[{"taxonomy":"category","embeddable":true,"href":"https:\/\/www.gdapress.it\/it\/index.php\/wp-json\/wp\/v2\/categories?post=50216"},{"taxonomy":"post_tag","embeddable":true,"href":"https:\/\/www.gdapress.it\/it\/index.php\/wp-json\/wp\/v2\/tags?post=50216"}],"curies":[{"name":"wp","href":"https:\/\/api.w.org\/{rel}","templated":true}]}}