
{"id":50197,"date":"2015-03-25T00:04:08","date_gmt":"2015-03-24T22:04:08","guid":{"rendered":"http:\/\/www.gdapress.it\/it\/?p=50197"},"modified":"2015-03-25T00:04:08","modified_gmt":"2015-03-24T22:04:08","slug":"joe-bastianich-ambassador-di-expo-milano-2015","status":"publish","type":"post","link":"https:\/\/www.gdapress.it\/it\/index.php\/50197\/expo-2015-2\/joe-bastianich-ambassador-di-expo-milano-2015.html","title":{"rendered":"JOE BASTIANICH AMBASSADOR DI EXPO MILANO 2015"},"content":{"rendered":"<p><a href=\"http:\/\/www.gdapress.it\/it\/..\/public\/it\/2015\/03\/DAN_4083.jpg\"><img loading=\"lazy\" decoding=\"async\" class=\"alignnone size-large wp-image-50198\" src=\"http:\/\/www.gdapress.it\/it\/..\/public\/it\/2015\/03\/DAN_4083-264x400.jpg\" alt=\"DAN_4083\" width=\"264\" height=\"400\" srcset=\"https:\/\/www.gdapress.it\/it\/..\/public\/it\/2015\/03\/DAN_4083-264x400.jpg 264w, https:\/\/www.gdapress.it\/it\/..\/public\/it\/2015\/03\/DAN_4083-198x300.jpg 198w, https:\/\/www.gdapress.it\/it\/..\/public\/it\/2015\/03\/DAN_4083-446x676.jpg 446w, https:\/\/www.gdapress.it\/it\/..\/public\/it\/2015\/03\/DAN_4083.jpg 1620w\" sizes=\"auto, (max-width: 264px) 100vw, 264px\" \/><\/a><\/p>\n<p>Joe Bastianich si unisce alla grande famiglia degli Ambassador di Expo Milano 2015. L\u2019eclettico imprenditore statunitense, apprezzato a livello internazionale, paladino di una cucina di eccellenza, ancorata a materie prime di qualit\u00e0, aderisce con entusiasmo alle tematiche dell\u2019Esposizione Universale.<\/p>\n<p>Volto televisivo noto grazie alla partecipazione a numerose trasmissioni tv dedicate alla cucina e non solo, Bastianich \u00e8 un ristoratore di successo, proprietario di aziende vinicole e scrittore. Insomma, una vita dedicata all\u2019enogastronomia, come spiega nel video che ufficializza la sua discesa in campo per Expo: \u201cIl cibo \u00e8 ormai diventato una priorit\u00e0 della nostra vita quotidiana, ecco perch\u00e9 \u00e8 fondamentale comprendere cosa e come mangiamo, soprattutto per quanto concerne le generazioni che verranno\u201d.<\/p>\n<p>Per Bastianich Expo Milano 2015 sar\u00e0 un\u2019occasione davvero importante per ragionare sul futuro dell\u2019alimentazione a livello globale: \u201cAll\u2019Esposizione Universale nasceranno idee che apriranno la strada a soluzioni e strategie condivise per capire come mangiare bene e sano. Bisogna far passare il messaggio che nutrirsi tutti, in maniera corretta ed equilibrata \u00e8 un diritto e non un privilegio\u201d.<\/p>\n<p>Joe Bastianich \u00e8 legato alle tradizioni culinarie italiane e alla dieta mediterranea, come dimostra il suo piatto preferito: \u201cSicuramente gli spaghetti al pomodoro, una preparazione semplice ma di grande livello. Basta scegliere tre ingredienti di prima qualit\u00e0, vale a dire la pasta, i pomodori e l\u2019olio d\u2019oliva, ed ecco pronto un piatto meraviglioso e globale\u201d.<\/p>\n<p>\u201cAccolgo con particolare soddisfazione Joe Bastianic come Ambassador \u2013 commenta Giuseppe Sala, Commissario Unico delegato del Governo per Expo Milano 2015 \u2013. Stiamo parlando di un imprenditore\u00a0 conosciuto a livello internazionale e che diffonde con successo in ogni parte del mondo un modello di alimentazione di alta qualit\u00e0. Una cultura del cibo che affonda le radici nella tradizione ma che si arricchisce dell\u2019innovazione e della ricerca in campo enogastronomico. Il suo contributo di idee e di esperienza rappresenter\u00e0 sicuramente un valore aggiunto per l\u2019evento espositivo e ben si sposa con le tematiche della manifestazione\u201d.<\/p>\n<p><a class=\"c_nobdr t_prs\" href=\"http:\/\/www.expo2015.org\/\" target=\"\">www.expo2015.org<\/a><\/p>\n<p>&nbsp;<\/p>\n<p>&nbsp;<\/p>\n","protected":false},"excerpt":{"rendered":"<p>Joe Bastianich si unisce alla grande famiglia degli Ambassador di Expo Milano 2015. L\u2019eclettico imprenditore statunitense, apprezzato a livello internazionale, paladino di una cucina di eccellenza, ancorata a materie prime di qualit\u00e0, aderisce con entusiasmo alle tematiche dell\u2019Esposizione Universale. Volto televisivo noto grazie alla partecipazione a numerose trasmissioni tv dedicate alla cucina e non solo, &hellip; <a href=\"https:\/\/www.gdapress.it\/it\/index.php\/50197\/expo-2015-2\/joe-bastianich-ambassador-di-expo-milano-2015.html\" class=\"more-link\">Read more <span class=\"screen-reader-text\">JOE BASTIANICH AMBASSADOR DI EXPO MILANO 2015<\/span><\/a><\/p>\n","protected":false},"author":3,"featured_media":0,"comment_status":"closed","ping_status":"open","sticky":false,"template":"","format":"standard","meta":{"footnotes":""},"categories":[12170],"tags":[15114,14976,15113],"class_list":["post-50197","post","type-post","status-publish","format-standard","hentry","category-expo-2015-2","tag-ambassador","tag-expo-milano-2015","tag-joe-bastianich"],"_links":{"self":[{"href":"https:\/\/www.gdapress.it\/it\/index.php\/wp-json\/wp\/v2\/posts\/50197","targetHints":{"allow":["GET"]}}],"collection":[{"href":"https:\/\/www.gdapress.it\/it\/index.php\/wp-json\/wp\/v2\/posts"}],"about":[{"href":"https:\/\/www.gdapress.it\/it\/index.php\/wp-json\/wp\/v2\/types\/post"}],"author":[{"embeddable":true,"href":"https:\/\/www.gdapress.it\/it\/index.php\/wp-json\/wp\/v2\/users\/3"}],"replies":[{"embeddable":true,"href":"https:\/\/www.gdapress.it\/it\/index.php\/wp-json\/wp\/v2\/comments?post=50197"}],"version-history":[{"count":1,"href":"https:\/\/www.gdapress.it\/it\/index.php\/wp-json\/wp\/v2\/posts\/50197\/revisions"}],"predecessor-version":[{"id":50199,"href":"https:\/\/www.gdapress.it\/it\/index.php\/wp-json\/wp\/v2\/posts\/50197\/revisions\/50199"}],"wp:attachment":[{"href":"https:\/\/www.gdapress.it\/it\/index.php\/wp-json\/wp\/v2\/media?parent=50197"}],"wp:term":[{"taxonomy":"category","embeddable":true,"href":"https:\/\/www.gdapress.it\/it\/index.php\/wp-json\/wp\/v2\/categories?post=50197"},{"taxonomy":"post_tag","embeddable":true,"href":"https:\/\/www.gdapress.it\/it\/index.php\/wp-json\/wp\/v2\/tags?post=50197"}],"curies":[{"name":"wp","href":"https:\/\/api.w.org\/{rel}","templated":true}]}}