
{"id":50189,"date":"2015-03-24T23:31:50","date_gmt":"2015-03-24T21:31:50","guid":{"rendered":"http:\/\/www.gdapress.it\/it\/?p=50189"},"modified":"2015-03-24T23:31:50","modified_gmt":"2015-03-24T21:31:50","slug":"milano-spazio-tertulliano-palloncini","status":"publish","type":"post","link":"https:\/\/www.gdapress.it\/it\/index.php\/50189\/teatro\/milano-spazio-tertulliano-palloncini.html","title":{"rendered":"MILANO SPAZIO TERTULLIANO  PALLONCINI"},"content":{"rendered":"<p><a href=\"http:\/\/www.gdapress.it\/it\/..\/public\/it\/2015\/03\/palloncini-banner-home.jpg\"><img loading=\"lazy\" decoding=\"async\" class=\"alignnone size-medium wp-image-50190\" src=\"http:\/\/www.gdapress.it\/it\/..\/public\/it\/2015\/03\/palloncini-banner-home-300x214.jpg\" alt=\"palloncini banner home\" width=\"300\" height=\"214\" srcset=\"https:\/\/www.gdapress.it\/it\/..\/public\/it\/2015\/03\/palloncini-banner-home-300x214.jpg 300w, https:\/\/www.gdapress.it\/it\/..\/public\/it\/2015\/03\/palloncini-banner-home-500x357.jpg 500w, https:\/\/www.gdapress.it\/it\/..\/public\/it\/2015\/03\/palloncini-banner-home-900x642.jpg 900w, https:\/\/www.gdapress.it\/it\/..\/public\/it\/2015\/03\/palloncini-banner-home.jpg 1772w\" sizes=\"auto, (max-width: 300px) 100vw, 300px\" \/><\/a><\/p>\n<p>Dal 25 al 29 marzo 2015<\/p>\n<p><strong>\u00a0<\/strong><strong>PALLONCINI \u2013 Poteva essere scemo<\/strong><\/p>\n<p><strong>\u00a0<\/strong>di Gabriele Scotti con Gianna Coletti<\/p>\n<p>regia Gabriele Scotti<\/p>\n<p>con Gianna Coletti, Laura Pozone<\/p>\n<p>presentato da Rossofilm<\/p>\n<p>Con la partecipazione di Casa delle Arti \u2013 Spazio Alda Merini<\/p>\n<p>\u201c<em>La maggior parte della gente non capisce come altri possano soffiarsi il naso in un modo diverso dal loro<\/em>\u201d<\/p>\n<p>Ivan Turgenev<\/p>\n<p>Una madre, Germana, \u00e8 alle prese con gli ultimi preparativi della festa di compleanno del figlio piccolo, Carlino, e una banale richiesta la getta in un labirinto di dubbi. E\u2019 cos\u00ec che il colore dei palloncini si trasforma nella porta d\u2019accesso a un flusso -reflusso?- ininterrotto di pensieri e paure sull\u2019identit\u00e0 di genere, complice la madre di un compagno di classe del piccolo, Mirella.<\/p>\n<p>La voce di una coscienza nervosa e molto confusa si fa largo in una serie di veri e falsi problemi, ipocrisie e sincere preoccupazioni, fino all\u2019esplorazione del mare magnum del web, dove chiunque scrive quello che non dice ma pensa, sotto copertura di creativi nickname.<\/p>\n<p>Un ritratto tragicomico che ha la sua ragion d\u2019essere in recenti fatti di cronaca, dai ragazzini che si sono gettati dal balcone perch\u00e9 tacciati di essere diversi ai sit-in difesa della famiglia tradizionale.<\/p>\n<p>Uno spettacolo che riflette sulla diversit\u00e0, dedicato a chi pensa che ne se parli fin troppo. Per sorridere ancora una volta, dopo il film <em>Tra Cinque Minuti in Scena <\/em>e lo spettacolo <em>Le Poveracce<\/em>, proprio l\u00e0 dove non c\u2019\u00e8 niente da ridere.<\/p>\n<p>Dopo il premiato film <em>Tra Cinque Minuti in Scena<\/em> e lo spettacolo <em>Le Poveracce<\/em>, campione di incassi e presenze allo Spazio Tertulliano nella stagione 2013\/14, Gabriele Scotti e Gianna Coletti tornano a collaborare in un altro lavoro che indaga il presente. Li affianca nella nuova impresa la brillante Laura Pozone.<\/p>\n<p><strong>INFO E PRENOTAZIONI<\/strong><\/p>\n<p>PALLONCINI<\/p>\n<p>Dal 25 al 29 marzo 2014, da mercoled\u00ec a sabato \u2013 ore 21.00 \/domenica \u2013 ore 16.30<br \/>\nSPAZIO TERTULLIANO via Tertulliano, 68 &#8211; 20137 Milano<br \/>\n02 49472369 &#8211; 320 6874363 &#8211; biglietteria@spaziotertulliano.it &#8211; <a href=\"http:\/\/www.spaziotertulliano.it\">www.spaziotertulliano.it<\/a><\/p>\n<p>BIGLIETTI: 16 \u20ac intero \/ 10 \u20ac over 60, under 26 e convenzioni. I biglietti sono in vendita online su <span style=\"text-decoration: underline;\"><a href=\"http:\/\/www.vivaticket.com\/%20\">http:\/\/www.vivaticket.com\/<\/a><\/span><\/p>\n<p>&nbsp;<\/p>\n<p><strong>LA COMPAGNIA<\/strong><\/p>\n<p><strong>\u00a0<\/strong>RossoTheatre non \u00e8 una compagnia, \u00e8 un progetto. Un progetto che nasce a Milano come costola teatrale di un gruppo creativo che si muove su pi\u00f9 fronti -documentario, cinema, teatro-, fa capo a Rossofilm e si alimenta di azione e testi di <strong>Gabriele Scotti<\/strong>.<\/p>\n<p>Il legame tra i lavori \u00e8 l\u2019attenzione alle storie umane di oggi, a vite reali anche piccole che in s\u00e9 sempre contengono gli ingredienti per essere grandi storie. L\u2019obiettivo \u00e8 scandagliare, raccontare aspetti anche problematici del nostro vivere contemporaneo facendo passare la riflessione attraverso il sorriso, ora empatico, ora amaro, ora grasso.<\/p>\n<p>Tra i lavori video si segnala il film lungometraggio <em>Tra Cinque Minuti in Scena<\/em> (sceneggiatura Gabriele Scotti, regia Laura Chiossone) indagine sulle relazioni con i nostri grandi anziani non pi\u00f9 autonomi, attraverso una storia reale tra madre e figlia sullo sfondo di uno spettacolo teatrale con le difficolt\u00e0 del fare teatro oggi. Il film ha vinto il premio Todeschini CICAE &#8211; Confederazione internazionale cinema d\u2019arte e d\u2019essay &#8211; al festival di Annecy 2012 e il Premio FICE 2013 Miglior Film Indipendente italiano, per aver saputo mescolare fiction, teatro e documentario in una storia unitaria.<\/p>\n<p>La prima produzione interamente teatrale di RossoTheatre \u00e8<em> Le Poveracce,<\/em> diretto da Gabriele Scotti e scritto dallo stesso con Gianna Coletti, anche interprete insieme a Beatrice Schiros e Vanessa Korn. La pi\u00e8ce ritrae tre donne di oggi sprofondate nelle proprie illusioni: una dipendente dal gioco d\u2019azzardo, una stalker, una lavoratrice la cui unica arma per andare avanti \u2013il corpo- sta sfiorendo.<\/p>\n<p><em>Palloncini \u2013 Poteva essere scemo<\/em>, \u00e8 il secondo spettacolo prodotto, sul tema della diversit\u00e0 e dell\u2019identit\u00e0 di genere.<\/p>\n<p>Tra i progetti futuri, <em>Pasticcio di Cose Interrotte e Soliloqui<\/em> &#8211; <em>Voci di Varia Frustrazione<\/em>, sempre di Gabriele Scotti.<\/p>\n<p>&nbsp;<\/p>\n","protected":false},"excerpt":{"rendered":"<p>Dal 25 al 29 marzo 2015 \u00a0PALLONCINI \u2013 Poteva essere scemo \u00a0di Gabriele Scotti con Gianna Coletti regia Gabriele Scotti con Gianna Coletti, Laura Pozone presentato da Rossofilm Con la partecipazione di Casa delle Arti \u2013 Spazio Alda Merini \u201cLa maggior parte della gente non capisce come altri possano soffiarsi il naso in un modo &hellip; <a href=\"https:\/\/www.gdapress.it\/it\/index.php\/50189\/teatro\/milano-spazio-tertulliano-palloncini.html\" class=\"more-link\">Read more <span class=\"screen-reader-text\">MILANO SPAZIO TERTULLIANO  PALLONCINI<\/span><\/a><\/p>\n","protected":false},"author":3,"featured_media":0,"comment_status":"closed","ping_status":"open","sticky":false,"template":"","format":"standard","meta":{"footnotes":""},"categories":[1],"tags":[17,15110,7160],"class_list":["post-50189","post","type-post","status-publish","format-standard","hentry","category-teatro","tag-milano","tag-palloncini","tag-spazio-tertulliano"],"_links":{"self":[{"href":"https:\/\/www.gdapress.it\/it\/index.php\/wp-json\/wp\/v2\/posts\/50189","targetHints":{"allow":["GET"]}}],"collection":[{"href":"https:\/\/www.gdapress.it\/it\/index.php\/wp-json\/wp\/v2\/posts"}],"about":[{"href":"https:\/\/www.gdapress.it\/it\/index.php\/wp-json\/wp\/v2\/types\/post"}],"author":[{"embeddable":true,"href":"https:\/\/www.gdapress.it\/it\/index.php\/wp-json\/wp\/v2\/users\/3"}],"replies":[{"embeddable":true,"href":"https:\/\/www.gdapress.it\/it\/index.php\/wp-json\/wp\/v2\/comments?post=50189"}],"version-history":[{"count":1,"href":"https:\/\/www.gdapress.it\/it\/index.php\/wp-json\/wp\/v2\/posts\/50189\/revisions"}],"predecessor-version":[{"id":50191,"href":"https:\/\/www.gdapress.it\/it\/index.php\/wp-json\/wp\/v2\/posts\/50189\/revisions\/50191"}],"wp:attachment":[{"href":"https:\/\/www.gdapress.it\/it\/index.php\/wp-json\/wp\/v2\/media?parent=50189"}],"wp:term":[{"taxonomy":"category","embeddable":true,"href":"https:\/\/www.gdapress.it\/it\/index.php\/wp-json\/wp\/v2\/categories?post=50189"},{"taxonomy":"post_tag","embeddable":true,"href":"https:\/\/www.gdapress.it\/it\/index.php\/wp-json\/wp\/v2\/tags?post=50189"}],"curies":[{"name":"wp","href":"https:\/\/api.w.org\/{rel}","templated":true}]}}