
{"id":49945,"date":"2015-01-31T07:28:23","date_gmt":"2015-01-31T05:28:23","guid":{"rendered":"http:\/\/www.gdapress.it\/it\/?p=49945"},"modified":"2015-03-17T15:30:28","modified_gmt":"2015-03-17T13:30:28","slug":"coro-polifonico-col-hakolot-teatro-alta-luce","status":"publish","type":"post","link":"https:\/\/www.gdapress.it\/it\/index.php\/49945\/musica\/coro-polifonico-col-hakolot-teatro-alta-luce.html","title":{"rendered":"Coro polifonico Col Hakolot Teatro Alta Luce"},"content":{"rendered":"<p><span style=\"color: #000000;\">31 gennaio 2015<\/span><\/p>\n<p><span style=\"color: #000000;\"><strong>Coro polifonico <\/strong><strong>Col Hakolot <\/strong><\/span><\/p>\n<p><span style=\"color: #000000;\"><strong><em>Concerto per non dimenticare: voci e storie di uomini<\/em><\/strong><\/span><\/p>\n<p><span style=\"color: #000000;\">diretto dal M\u00b0 Pilar Bravo Martinez<\/span><\/p>\n<p><span style=\"color: #000000;\">al pianoforte il M\u00b0 Erica Nicchio (vice Magis)<\/span><\/p>\n<p><span style=\"color: #000000;\"><strong>\u00a0<\/strong><\/span><\/p>\n<p><span style=\"color: #000000;\"><strong><em>Un meraviglioso concerto di canti della tradizione ebraica classica, moderna e contemporanea per ricordare\u2026<\/em><\/strong><\/span><\/p>\n<p><span style=\"color: #000000;\">In occasione del Giorno della Memoria, giornata di commemorazione per le vittime dell\u2019Olocausto, Teatro Alta Luce ospiter\u00e0 il coro Col Hakolot con <em>Concerto per non dimenticare: voci e storie di uomini <\/em>: una porta sulla grande tradizione canora ebraica, dalle origini medievali sino alle melodie moderne. Un viaggio affascinante alla scoperta di una cultura vivente fonte di continuo incanto e meraviglia, in compagnia del maestro Pilar Bravo Martinez.<\/span><\/p>\n<p><span style=\"color: #000000;\">Il coro Alei Shir\u00e0 della sinagoga riformata di Lev Chadash fondato nel 2009 a ricordo degli ebrei morti durante la Shoah e il coro Col Hakolot dal 1994 della comunit\u00e0 ebraica di Milano si fondono a settembre 2014 in un unico grande coro polifonico diretto dal M\u00b0 Pilar Bravo.<\/span><\/p>\n<p><span style=\"color: #000000;\"><strong>Brani<\/strong><\/span><\/p>\n<ol>\n<li><span style=\"color: #000000;\">MI MAAMAKIM<\/span><\/li>\n<li><span style=\"color: #000000;\">ROJINKES MIT MANDELEN<\/span><\/li>\n<li><span style=\"color: #000000;\">DONA DONA<\/span><\/li>\n<li><span style=\"color: #000000;\">SHIR HAPARTIZANIM \u2013 CHANT DES PARTISANS<\/span><\/li>\n<li><span style=\"color: #000000;\">HITRAGUT<\/span><\/li>\n<li><span style=\"color: #000000;\">ELI ELI<\/span><\/li>\n<li><span style=\"color: #000000;\">AL SEFOD<\/span><\/li>\n<li><span style=\"color: #000000;\">AMUD HAESH<\/span><\/li>\n<li><span style=\"color: #000000;\">EIN LI ERETZ ACHERET (nuovo)<\/span><\/li>\n<li><span style=\"color: #000000;\">YERUSHALAIM SHEL ZAHAV<\/span><\/li>\n<li><span style=\"color: #000000;\">BASHANA\u2019 HABAA<\/span><\/li>\n<li><span style=\"color: #000000;\">HABEN YAKIR LI<\/span><\/li>\n<\/ol>\n<p><span style=\"color: #000000;\"><strong>A proposito della Resistenza ebraica <\/strong><\/span><\/p>\n<p><span style=\"color: #000000;\">Un aspetto spesso poco conosciuto \u00e8 quello della resistenza ebraica durante la seconda Guerra Mondiale. Ci furono difatti molti casi di tentativi di resistenza e rivolte in varie forme.<\/span><\/p>\n<p><span style=\"color: #000000;\">Sicuramente la pi\u00f9 grande dimostrazione di forza della resistenza ebraica fu la rivolta del ghetto di Varsavia dall\u2019aprile al maggio del 1943, mentre stava per iniziare la liquidazione totale del ghetto con le ultime deportazioni verso i campi di sterminio. La ZOB (termine polacco per \u201cOrganizzazione Ebraica di Combattimento\u201d) e altre organizzazioni pi\u00f9 piccole resistettero per 27 giorni ai nazisti prima di essere tutti sterminati.<\/span><\/p>\n<p><span style=\"color: #000000;\">Anche in altri ghetti ci furono parecchie insurrezioni armate, cos\u00ec come ci furono tentativi di resistenza anche nei campi di sterminio. Ad esempio nell\u2019agosto del 1943 nel campo di sterminio di Treblinka scoppi\u00f2 una rivolta dove furono bruciati molti edifici; questo tentativo port\u00f2 alla fuga di circa settanta detenuti mentre 1500 vennero uccisi e, per i danni arrecati alla struttura, si blocc\u00f2 per un mese il processo di eliminazione con le camere a gas. Pi\u00f9 successo ebbe invece la rivolta al campo di sterminio di Sobibor nell\u2019ottobre del 1943, dove vennero uccise 11 guardie delle SS, riuscirono a fuggire circa 300 dei 600 internati e di questi 50 sopravvissero alla guerra. Dopo questa rivolta le autorit\u00e0 naziste chiusero il campo.<\/span><\/p>\n<p><span style=\"color: #000000;\">Ci furono gruppi di partigiani ebrei che operarono in vari stati, tra cui anche l\u2019Italia, dove la DELASEM (Delegazione per l\u2019Assistenza degli Emigranti Ebrei) rappresent\u00f2 la pi\u00f9 significativa esperienza di resistenza civile ebraica, prima come associazione legale di assistenza ai profughi ebrei che cercavano rifugio in Italia per l\u2019espatrio in paesi neutrali, e poi, dopo l\u20198 settembre 1943 (giorno del proclama dell\u2019armistizio di Badoglio), come associazione clandestina, fornendo aiuti e carte di identit\u00e0 false ai correligionari perseguitati, aiutati in questo da una rete di complicit\u00e0 e supporto anche tra i non ebrei.<\/span><\/p>\n<p><span style=\"color: #000000;\">Circa 2000 ebrei parteciparono attivamente alla Resistenza, con la massima concentrazione (circa 700) in Piemonte; tra gli esponenti ebrei italiani della Resistenza ricordiamo ad esempio: Carlo Levi, Primo Levi, Umberto Terracini, Elio Toaff, Vittorio Foa, Franco Cesana. Durante il concerto il coro eseguir\u00e0 Il Canto dei Partigiani <em>Zog Nit keyn mol (Non dire mai)<\/em>.<\/span><\/p>\n<p><span style=\"color: #000000;\"><strong>\u00a0<\/strong><\/span><\/p>\n<p><span style=\"color: #000000;\"><strong>Pilar Bravo Martinez<\/strong><\/span><\/p>\n<p><span style=\"color: #000000;\">Nasce a Barcellona nel 1973, si diploma in pedagogia della musica e in pianoforte nella sua citt\u00e0 natale; ottiene inoltre il diploma primario in contrabbasso.<\/span><\/p>\n<p><span style=\"color: #000000;\">Dal 1992 al 1995 studia Direzione d\u2019Orchestra con il M\u00b0 Salvador Mas al Conservatorio Superior de Barcelona e direzione corale con i maestri Manel Cabero e Pierre Cao.<\/span><\/p>\n<p><span style=\"color: #000000;\">In Spagna, fra il \u201990 e il \u201996 mantiene un\u2019intensa attivit\u00e0 musicale: fonda il Coro di voci bianche Margarita Xirg\u00f9, dirige il Coro Orfeo Badaloni, insegna solfeggio e canto corale presso il Conservatorio Municipale di Premia de Mar (Barcellona) e dirige l\u2019orchestra da camera Germinans (Barcellona).<\/span><\/p>\n<p><span style=\"color: #000000;\">Nel 1999 collabora con il Conservatorio Profesional de Musica de Badalona, il Comune di Badalona e il Teatro Zorilla, dirigendo nell\u2019ambito del progetto dedicato alla musica contemporanea <em>Ocultas Geometrias<\/em>.<\/span><\/p>\n<p><span style=\"color: #000000;\">Nel 1996 si trasferisce in Italia per seguire, presso l\u2019Accademia Hans Swarowsky, il corso di Perfezionamento in Direzione d\u2019Orchestra tenuto dal M\u00b0 Julius Kalmar, con il quale si diploma nel 2001.<\/span><\/p>\n<p><span style=\"color: #000000;\">Dal 1998 al 2004 dirige il Coro Hispano Americano di Milano con il quale ottiene un notevole riconoscimento artistico sia in Italia sia all\u2019estero, e con cui svolge un\u2019intensa attivit\u00e0 concertistica.<\/span><\/p>\n<p><span style=\"color: #000000;\">Nel 1999 e nel 2002 \u00e8 stata finalista della \u201cRassegna Corale USCI\u201d (Unione Societ\u00e0 Corali Italiane). Dal 2005 forma parte della commissione artistica USCI.<\/span><\/p>\n<p><span style=\"color: #000000;\">Dal 2000 dirige il Coro Citt\u00e0 di Milano, e nel 2001 fonda a Milano il Coro di Voci Bianche \u201cSolocanto\u201d, invitato a cantare fra altri per UNICEF. Ha cantato al teatro Sociale di Como, nella casa di Riposo \u201cG. Verdi\u201d, nella Chiesa di San Marco e nel teatro Camploy di Verona.<\/span><\/p>\n<p><span style=\"color: #000000;\">Primo premio al Concorso Nazionale di Direzione d\u2019Orchestra \u201cJoves Mestres 2000\u201d organizzato dall\u2019Auditori di Barcellona in collaborazione con l\u2019Orchestra BCN Sinfonietta, dirige l&#8217;orchestra come maestro ospite durante la stagione concertistica 2000\/01.<\/span><\/p>\n<p><span style=\"color: #000000;\">Nel 2002 accede dopo concorso al Corso di Formazione in Direzione d\u2019Orchestra all\u2019interno del progetto &#8220;Bacchette in Rosa&#8221; in collaborazione con la Fondazione del Maggio Musicale Fiorentino, lavorando con i Maestri Bellugi, Bartolletti, Kabaretti e assistendo, in qualit\u00e0 di stagista, per due anni alle produzioni del Teatro Comunale di Bologna dirette dal M\u00b0 Daniele Gatti e del Teatro del Maggio Fiorentino dirette dal M\u00b0 Zubin Metha.<\/span><\/p>\n<p><span style=\"color: #000000;\">Nel 2003, dirige al Teatro Goldoni di Firenze, l&#8217;Orchestra Mimesis Maggioarte dell&#8217;Accademia del Maggio Musicale Fiorentino. In questo stesso anno inizia una collaborazione come direttore ospite dell\u2019orchestra \u201cBergisches Kammerorchester\u201d.<\/span><\/p>\n<p><span style=\"color: #000000;\">Collabora con la cantante italiana Gianna Nannini, seguendo la direzione del coro durante la produzione del suo ultimo disco \u201cPerle\u201d.<\/span><\/p>\n<p><span style=\"color: #000000;\">Nel 2004 ha diretto l&#8217;Orchestra Cantelli di Milano nella sala Verdi del Conservatorio, accompagnando il chitarrista Emanuele Segre.<\/span><\/p>\n<p><span style=\"color: #000000;\">Ha partecipato, in qualit\u00e0 di direttore musicale di palcoscenico, nel Teatro Mancinelli di Orvieto.<\/span><\/p>\n<p><span style=\"color: #000000;\">Dal gennaio dello stesso anno \u00e8 divenuta direttore stabile a Milano della \u201cOrchestra da Camera Filomusica\u201d.<\/span><\/p>\n<p><span style=\"color: #000000;\">Dal gennaio del 2005 collabora con l&#8217;AS.LI.CO e il Teatro Sociale di Como, nell&#8217;ambito del progetto \u201cOpera Domani\u201d, nel Progetto della Fondazione Cariplo e delle Scuole Civiche \u201cI linguaggi delle arti Performative &#8211; Partecipare alla messa in scena di uno spettacolo dal vivo\u201d, e con &#8220;Jeunesses Musicales International&#8221;.<\/span><\/p>\n<p><span style=\"color: #000000;\"><strong>\u00a0<\/strong><\/span><\/p>\n<p><span style=\"color: #000000;\"><strong>\u00a0<\/strong><\/span><\/p>\n<p><span style=\"color: #000000;\"><strong>\u00a0<\/strong><\/span><\/p>\n<p><strong>\u00a0<\/strong><\/p>\n<p><strong>\u00a0<\/strong><\/p>\n<p><strong>\u00a0<\/strong><\/p>\n","protected":false},"excerpt":{"rendered":"<p>31 gennaio 2015 Coro polifonico Col Hakolot Concerto per non dimenticare: voci e storie di uomini diretto dal M\u00b0 Pilar Bravo Martinez al pianoforte il M\u00b0 Erica Nicchio (vice Magis) \u00a0 Un meraviglioso concerto di canti della tradizione ebraica classica, moderna e contemporanea per ricordare\u2026 In occasione del Giorno della Memoria, giornata di commemorazione per &hellip; <a href=\"https:\/\/www.gdapress.it\/it\/index.php\/49945\/musica\/coro-polifonico-col-hakolot-teatro-alta-luce.html\" class=\"more-link\">Read more <span class=\"screen-reader-text\">Coro polifonico Col Hakolot Teatro Alta Luce<\/span><\/a><\/p>\n","protected":false},"author":3,"featured_media":0,"comment_status":"closed","ping_status":"open","sticky":false,"template":"","format":"standard","meta":{"footnotes":""},"categories":[19],"tags":[],"class_list":["post-49945","post","type-post","status-publish","format-standard","hentry","category-musica"],"_links":{"self":[{"href":"https:\/\/www.gdapress.it\/it\/index.php\/wp-json\/wp\/v2\/posts\/49945","targetHints":{"allow":["GET"]}}],"collection":[{"href":"https:\/\/www.gdapress.it\/it\/index.php\/wp-json\/wp\/v2\/posts"}],"about":[{"href":"https:\/\/www.gdapress.it\/it\/index.php\/wp-json\/wp\/v2\/types\/post"}],"author":[{"embeddable":true,"href":"https:\/\/www.gdapress.it\/it\/index.php\/wp-json\/wp\/v2\/users\/3"}],"replies":[{"embeddable":true,"href":"https:\/\/www.gdapress.it\/it\/index.php\/wp-json\/wp\/v2\/comments?post=49945"}],"version-history":[{"count":1,"href":"https:\/\/www.gdapress.it\/it\/index.php\/wp-json\/wp\/v2\/posts\/49945\/revisions"}],"predecessor-version":[{"id":49946,"href":"https:\/\/www.gdapress.it\/it\/index.php\/wp-json\/wp\/v2\/posts\/49945\/revisions\/49946"}],"wp:attachment":[{"href":"https:\/\/www.gdapress.it\/it\/index.php\/wp-json\/wp\/v2\/media?parent=49945"}],"wp:term":[{"taxonomy":"category","embeddable":true,"href":"https:\/\/www.gdapress.it\/it\/index.php\/wp-json\/wp\/v2\/categories?post=49945"},{"taxonomy":"post_tag","embeddable":true,"href":"https:\/\/www.gdapress.it\/it\/index.php\/wp-json\/wp\/v2\/tags?post=49945"}],"curies":[{"name":"wp","href":"https:\/\/api.w.org\/{rel}","templated":true}]}}