
{"id":49853,"date":"2015-03-16T14:25:55","date_gmt":"2015-03-16T12:25:55","guid":{"rendered":"http:\/\/www.gdapress.it\/it\/?p=49853"},"modified":"2015-03-16T14:25:55","modified_gmt":"2015-03-16T12:25:55","slug":"roma-teatro-de-servi-clandestini","status":"publish","type":"post","link":"https:\/\/www.gdapress.it\/it\/index.php\/49853\/teatro\/roma-teatro-de-servi-clandestini.html","title":{"rendered":"ROMA TEATRO DE&#8217; SERVI &#8220;CLANDESTINI&#8221;"},"content":{"rendered":"<p><a href=\"http:\/\/www.gdapress.it\/it\/..\/public\/it\/2015\/03\/Clandestini15.jpg.jpeg\"><img loading=\"lazy\" decoding=\"async\" class=\"alignnone size-large wp-image-49854\" src=\"http:\/\/www.gdapress.it\/it\/..\/public\/it\/2015\/03\/Clandestini15.jpg-500x332.jpeg\" alt=\"Clandestini15.jpg\" width=\"500\" height=\"332\" srcset=\"https:\/\/www.gdapress.it\/it\/..\/public\/it\/2015\/03\/Clandestini15.jpg-500x332.jpeg 500w, https:\/\/www.gdapress.it\/it\/..\/public\/it\/2015\/03\/Clandestini15.jpg-300x199.jpeg 300w, https:\/\/www.gdapress.it\/it\/..\/public\/it\/2015\/03\/Clandestini15.jpg-900x598.jpeg 900w, https:\/\/www.gdapress.it\/it\/..\/public\/it\/2015\/03\/Clandestini15.jpg.jpeg 1030w\" sizes=\"auto, (max-width: 500px) 100vw, 500px\" \/><\/a><\/p>\n<p>&nbsp;<\/p>\n<p><strong>Con il patrocinio di Amref<\/strong><\/p>\n<p><strong>\u00a0<\/strong><strong>DAL 10 AL 29 MARZO 2015<\/strong><\/p>\n<p><strong><em>La Bilancia <\/em><\/strong><em>presenta<\/em><\/p>\n<p><strong><em>Clandestini<\/em><\/strong><\/p>\n<p><strong>di Gianni Clementi<\/strong><\/p>\n<p><strong>con<\/strong><\/p>\n<p><strong>Marco Cavallaro (Orazio), Alessandro Salvatori (Silvano), Andrea Perrozzi (Eros), Antonia Renzella (Angelica)<\/strong><\/p>\n<p><strong>regia di Vanessa Gasbarri<\/strong><\/p>\n<p><em>\u00a0<\/em><\/p>\n<p>\u201c<em>Clandestini\u201d. E se succedesse a noi?<\/em> Sotto i riflettori del Teatro de\u2019 Servi ancora risate impegnate, con un tema sociale di grande attualit\u00e0. Dal 10 al 29 marzo, la nuova commedia di Gianni Clementi ci presenta uno scenario grottesco e in qualche modo apocalittico che ci proietta, extracomunitari noi, nell\u2019Africa del futuro. I ruoli si invertono, le domande si capovolgono, ma le risposte \u2013quelle giuste- restano sempre le stesse.<\/p>\n<p>Continente nero, anno 2031. Il mondo infine \u00e8 andato a gambe all\u2019aria. Ruoli ed equilibri economici si sono capovolti. In una sorta di \u201critorno al futuro\u201d la crisi petrolifera gi\u00e0 in corso ai giorni nostri degenera e lo scenario si delinea inquietante. Tocca a noi occidentali sbarcare sulle coste dell\u2019Africa, diventata la terra promessa, in cerca della fortuna ormai sperperata in patria.<\/p>\n<p>Una commedia che travolge e coinvolge, contemporaneamente rivelatrice, emozionante ed esilarante perch\u00e9 in fondo non c\u2019\u00e8 nulla di pi\u00f9 divertente nella vita, che le avventure della vita stessa. Protagonisti della pi\u00e8ce teatrale sono Andrea Perrozzi, Marco Cavallaro, Antonia Renzella ed Alessandro Salvatori. Il cast, diretto dalla dinamica regia di Vanessa Gasbarri, dar\u00e0 vita ad uno spettacolo di rara intensit\u00e0, in cui comico e drammatico si fondono in una commedia cinica ed irriverente, fatta di battute esilaranti e di tagliente comicit\u00e0 tipica della penna di Gianni Clementi.<\/p>\n<p>&nbsp;<\/p>\n<p><em>Il futuro \u00e8 gi\u00e0 qui, un futuro in cui \u00e8 il mondo occidentale a sbarcare clandestinamente sulle coste di un paese africano per cercar fortuna e salvezza. Ora tocca a noi occidentali essere i clandestini, gli emarginati, i braccati, gli illegali\u2026 <\/em><em>Uno spettacolo divertente che affronta per\u00f2 <\/em><em>il tema scottante della clandestinit\u00e0 in maniera cruda e diretta, delineando la possibilit\u00e0 che un giorno non troppo lontano potremmo ritrovarci nelle condizioni di dover emigrare in un paese straniero e subire noi la cosiddetta \u201caccoglienza\u201d. <\/em><\/p>\n<p><em>\u00a0<\/em><\/p>\n<p>Teatro de&#8217; Servi &#8211; Via del Mortaro, 22 (Via del Tritone) &#8211; Info: 06.6795130 <a href=\"http:\/\/www.teatroservi.it\/\">www.teatroservi.it<\/a><br \/>\nPrezzi dei biglietti: Platea Intero \u20ac 20 &#8211; Ridotto \u20ac 16 \/ Galleria Intero \u20ac17 \u2013 Ridotto \u20ac 14<\/p>\n<p>Spettacoli dal marted\u00ec al venerd\u00ec ore 21 &#8211; Sabato ore 17.30 &#8211; 21.00 &#8211; Domenica 17.30 &#8211; Luned\u00ec riposo<\/p>\n","protected":false},"excerpt":{"rendered":"<p>&nbsp; Con il patrocinio di Amref \u00a0DAL 10 AL 29 MARZO 2015 La Bilancia presenta Clandestini di Gianni Clementi con Marco Cavallaro (Orazio), Alessandro Salvatori (Silvano), Andrea Perrozzi (Eros), Antonia Renzella (Angelica) regia di Vanessa Gasbarri \u00a0 \u201cClandestini\u201d. E se succedesse a noi? Sotto i riflettori del Teatro de\u2019 Servi ancora risate impegnate, con un &hellip; <a href=\"https:\/\/www.gdapress.it\/it\/index.php\/49853\/teatro\/roma-teatro-de-servi-clandestini.html\" class=\"more-link\">Read more <span class=\"screen-reader-text\">ROMA TEATRO DE&#8217; SERVI &#8220;CLANDESTINI&#8221;<\/span><\/a><\/p>\n","protected":false},"author":3,"featured_media":0,"comment_status":"closed","ping_status":"open","sticky":false,"template":"","format":"standard","meta":{"footnotes":""},"categories":[1],"tags":[14169,14967],"class_list":["post-49853","post","type-post","status-publish","format-standard","hentry","category-teatro","tag-clandestini","tag-roma-teatro-de-servi"],"_links":{"self":[{"href":"https:\/\/www.gdapress.it\/it\/index.php\/wp-json\/wp\/v2\/posts\/49853","targetHints":{"allow":["GET"]}}],"collection":[{"href":"https:\/\/www.gdapress.it\/it\/index.php\/wp-json\/wp\/v2\/posts"}],"about":[{"href":"https:\/\/www.gdapress.it\/it\/index.php\/wp-json\/wp\/v2\/types\/post"}],"author":[{"embeddable":true,"href":"https:\/\/www.gdapress.it\/it\/index.php\/wp-json\/wp\/v2\/users\/3"}],"replies":[{"embeddable":true,"href":"https:\/\/www.gdapress.it\/it\/index.php\/wp-json\/wp\/v2\/comments?post=49853"}],"version-history":[{"count":1,"href":"https:\/\/www.gdapress.it\/it\/index.php\/wp-json\/wp\/v2\/posts\/49853\/revisions"}],"predecessor-version":[{"id":49855,"href":"https:\/\/www.gdapress.it\/it\/index.php\/wp-json\/wp\/v2\/posts\/49853\/revisions\/49855"}],"wp:attachment":[{"href":"https:\/\/www.gdapress.it\/it\/index.php\/wp-json\/wp\/v2\/media?parent=49853"}],"wp:term":[{"taxonomy":"category","embeddable":true,"href":"https:\/\/www.gdapress.it\/it\/index.php\/wp-json\/wp\/v2\/categories?post=49853"},{"taxonomy":"post_tag","embeddable":true,"href":"https:\/\/www.gdapress.it\/it\/index.php\/wp-json\/wp\/v2\/tags?post=49853"}],"curies":[{"name":"wp","href":"https:\/\/api.w.org\/{rel}","templated":true}]}}