
{"id":49756,"date":"2015-03-16T00:52:26","date_gmt":"2015-03-15T22:52:26","guid":{"rendered":"http:\/\/www.gdapress.it\/it\/?p=49756"},"modified":"2015-03-16T00:54:09","modified_gmt":"2015-03-15T22:54:09","slug":"alias-protagonista-alledizione-2015-di-made-expo","status":"publish","type":"post","link":"https:\/\/www.gdapress.it\/it\/index.php\/49756\/made-expo-20121314\/alias-protagonista-alledizione-2015-di-made-expo.html","title":{"rendered":"ALIAS PROTAGONISTA ALL\u2019EDIZIONE 2015 DI MADE EXPO"},"content":{"rendered":"<p><a href=\"http:\/\/www.gdapress.it\/it\/..\/public\/it\/2015\/03\/ALIAS-DEFENDER_1.jpeg\"><img loading=\"lazy\" decoding=\"async\" class=\"alignnone size-medium wp-image-49757\" src=\"http:\/\/www.gdapress.it\/it\/..\/public\/it\/2015\/03\/ALIAS-DEFENDER_1-300x286.jpeg\" alt=\"ALIAS DEFENDER_1\" width=\"300\" height=\"286\" srcset=\"https:\/\/www.gdapress.it\/it\/..\/public\/it\/2015\/03\/ALIAS-DEFENDER_1-300x286.jpeg 300w, https:\/\/www.gdapress.it\/it\/..\/public\/it\/2015\/03\/ALIAS-DEFENDER_1-419x400.jpeg 419w, https:\/\/www.gdapress.it\/it\/..\/public\/it\/2015\/03\/ALIAS-DEFENDER_1-708x676.jpeg 708w, https:\/\/www.gdapress.it\/it\/..\/public\/it\/2015\/03\/ALIAS-DEFENDER_1.jpeg 1772w\" sizes=\"auto, (max-width: 300px) 100vw, 300px\" \/><\/a>\u00a0<a href=\"http:\/\/www.gdapress.it\/it\/..\/public\/it\/2015\/03\/ALIAS-WING-2.jpeg\"><img loading=\"lazy\" decoding=\"async\" class=\"alignnone size-medium wp-image-49758\" src=\"http:\/\/www.gdapress.it\/it\/..\/public\/it\/2015\/03\/ALIAS-WING-2-300x190.jpeg\" alt=\"ALIAS WING 2\" width=\"300\" height=\"190\" srcset=\"https:\/\/www.gdapress.it\/it\/..\/public\/it\/2015\/03\/ALIAS-WING-2-300x190.jpeg 300w, https:\/\/www.gdapress.it\/it\/..\/public\/it\/2015\/03\/ALIAS-WING-2-500x317.jpeg 500w, https:\/\/www.gdapress.it\/it\/..\/public\/it\/2015\/03\/ALIAS-WING-2-900x570.jpeg 900w, https:\/\/www.gdapress.it\/it\/..\/public\/it\/2015\/03\/ALIAS-WING-2.jpeg 1772w\" sizes=\"auto, (max-width: 300px) 100vw, 300px\" \/><\/a><\/p>\n<p><strong>Rho-Fiera Milano, 18-21 marzo <\/strong><\/p>\n<p><strong>Padiglione 5 \u2013 Stand A11- C20<\/strong><\/p>\n<p>Alias, tra le pi\u00f9 significative realt\u00e0 italiane nel panorama delle porte blindate, conferma la sua presenza alla fiera europea pi\u00f9 importante del settore architettura, design, edilizia.<\/p>\n<p>Un elegante spazio espositivo di 300 mq ospita le novit\u00e0 Alias.<\/p>\n<p>In partnership con l\u2019azienda brianzola Backligh, Alias propone quest\u2019anno un allestimento suggestivo, dove le eleganti linee della collezione Wing, saranno illuminate da giochi di luci a led, ricreando un ambiente contemporaneo dal forte contenuto di design. Il backlight \u00e8 un innovativo materiale con il quale costruire l\u2019architettura di notte, presentandosi come straordinario elemento luminoso che richiede un bassissimo dispendio energetico (12 watt per ogni metro quadrato illuminante). Ancora, la collezione Wing proporr\u00e0 per la fiera un\u2019originale variante che vedr\u00e0 integrate alle boiserie elementi di arredo come mensole e console.<\/p>\n<p>Oltre alla collezione Contemporary e Tradition, lo stand accoglie, inoltre, i rivoluzionari sistemi DOUBLE, porta a doppio battente con cerniera a scomparsa in grado di muoversi su due assi, ZTL, struttura ideale per appartamenti ed edifici storici che presenta dimensioni ridotte e un sistema di ancoraggio al muro pi\u00f9 semplice per rispettare l\u2019esistente ed evitare interventi invasivi e, infine, SOPRALUCE, un sistema di apertura motorizzano da installare sulla parte superiore della porta blindata in grado garantire una maggiore luminosit\u00e0 all\u2019ambiente.<\/p>\n<p><em>\u00a0<\/em><\/p>\n<p><em>\u201cMade expo \u2013 <\/em>dichiara <strong>Dario Vaccari, A.D. Alias<\/strong><em> \u2013 rappresenta per noi un appuntamento strategicamente importante sia per rafforzare e consolidare i rapporti con i clienti esistenti, sia per incontrare nuovi partner e dare vita a nuove opportunit\u00e0 di business dal respiro internazionale\u201d.<\/em><\/p>\n","protected":false},"excerpt":{"rendered":"<p>\u00a0 Rho-Fiera Milano, 18-21 marzo Padiglione 5 \u2013 Stand A11- C20 Alias, tra le pi\u00f9 significative realt\u00e0 italiane nel panorama delle porte blindate, conferma la sua presenza alla fiera europea pi\u00f9 importante del settore architettura, design, edilizia. Un elegante spazio espositivo di 300 mq ospita le novit\u00e0 Alias. In partnership con l\u2019azienda brianzola Backligh, Alias &hellip; <a href=\"https:\/\/www.gdapress.it\/it\/index.php\/49756\/made-expo-20121314\/alias-protagonista-alledizione-2015-di-made-expo.html\" class=\"more-link\">Read more <span class=\"screen-reader-text\">ALIAS PROTAGONISTA ALL\u2019EDIZIONE 2015 DI MADE EXPO<\/span><\/a><\/p>\n","protected":false},"author":3,"featured_media":0,"comment_status":"closed","ping_status":"open","sticky":false,"template":"","format":"standard","meta":{"footnotes":""},"categories":[9913],"tags":[14918,768],"class_list":["post-49756","post","type-post","status-publish","format-standard","hentry","category-made-expo-20121314","tag-alias","tag-made-expo"],"_links":{"self":[{"href":"https:\/\/www.gdapress.it\/it\/index.php\/wp-json\/wp\/v2\/posts\/49756","targetHints":{"allow":["GET"]}}],"collection":[{"href":"https:\/\/www.gdapress.it\/it\/index.php\/wp-json\/wp\/v2\/posts"}],"about":[{"href":"https:\/\/www.gdapress.it\/it\/index.php\/wp-json\/wp\/v2\/types\/post"}],"author":[{"embeddable":true,"href":"https:\/\/www.gdapress.it\/it\/index.php\/wp-json\/wp\/v2\/users\/3"}],"replies":[{"embeddable":true,"href":"https:\/\/www.gdapress.it\/it\/index.php\/wp-json\/wp\/v2\/comments?post=49756"}],"version-history":[{"count":1,"href":"https:\/\/www.gdapress.it\/it\/index.php\/wp-json\/wp\/v2\/posts\/49756\/revisions"}],"predecessor-version":[{"id":49759,"href":"https:\/\/www.gdapress.it\/it\/index.php\/wp-json\/wp\/v2\/posts\/49756\/revisions\/49759"}],"wp:attachment":[{"href":"https:\/\/www.gdapress.it\/it\/index.php\/wp-json\/wp\/v2\/media?parent=49756"}],"wp:term":[{"taxonomy":"category","embeddable":true,"href":"https:\/\/www.gdapress.it\/it\/index.php\/wp-json\/wp\/v2\/categories?post=49756"},{"taxonomy":"post_tag","embeddable":true,"href":"https:\/\/www.gdapress.it\/it\/index.php\/wp-json\/wp\/v2\/tags?post=49756"}],"curies":[{"name":"wp","href":"https:\/\/api.w.org\/{rel}","templated":true}]}}