
{"id":49733,"date":"2015-03-15T22:33:34","date_gmt":"2015-03-15T20:33:34","guid":{"rendered":"http:\/\/www.gdapress.it\/it\/?p=49733"},"modified":"2015-03-15T22:35:55","modified_gmt":"2015-03-15T20:35:55","slug":"spaziocasa-2015-stile-e-comfort-esaltano-il-made-in-italy","status":"publish","type":"post","link":"https:\/\/www.gdapress.it\/it\/index.php\/49733\/architettura\/spaziocasa-2015-stile-e-comfort-esaltano-il-made-in-italy.html","title":{"rendered":"SPAZIOCASA 2015: Stile e Comfort esaltano il made in Italy"},"content":{"rendered":"<p><a href=\"http:\/\/www.gdapress.it\/it\/..\/public\/it\/2015\/03\/SPAZIOCASA-9.jpg\"><img loading=\"lazy\" decoding=\"async\" class=\"alignnone size-medium wp-image-49734\" src=\"http:\/\/www.gdapress.it\/it\/..\/public\/it\/2015\/03\/SPAZIOCASA-9-300x200.jpg\" alt=\"SPAZIOCASA 9\" width=\"300\" height=\"200\" srcset=\"https:\/\/www.gdapress.it\/it\/..\/public\/it\/2015\/03\/SPAZIOCASA-9-300x200.jpg 300w, https:\/\/www.gdapress.it\/it\/..\/public\/it\/2015\/03\/SPAZIOCASA-9-500x333.jpg 500w, https:\/\/www.gdapress.it\/it\/..\/public\/it\/2015\/03\/SPAZIOCASA-9-900x600.jpg 900w\" sizes=\"auto, (max-width: 300px) 100vw, 300px\" \/><\/a><\/p>\n<p><strong>In Fiera di Vicenza due weekend tra arredamento e design<\/strong><\/p>\n<p><strong>Fiera di Vicenza<\/strong>\u00a0ha aperto \u00a0le porte a <strong>SPAZIOCASA<\/strong>, <strong>l\u2019appuntamento di riferimento per il mondo della casa, del design e dell&#8217;arredamento <\/strong>che, da oltre 50 anni, rappresenta un\u2019occasione importante per mettere in luce le eccellenze nel campo del design di Vicenza e del suo territorio. Proposta su due weekend \u2013 <strong>13-15 e\u00a0 19-22 marzo 2015<\/strong> \u2013 presso il polo fieristico vicentino, la Manifestazione \u00a0si rinnova\u00a0 per l\u2019edizione del 2015 presentandosi suddivisa in due aree tematiche: STILE e COMFORT, secondo un nuovo concept \u00a0espositivo che garantir\u00e0 chiarezza merceologica e pi\u00f9 facile fruibilit\u00e0 da parte del pubblico.<\/p>\n<p>&nbsp;<\/p>\n<p><strong>La Casa<\/strong>, lo spazio pi\u00f9 intimo, originale ed esclusivo per ogni famiglia, \u00e8 il fil rouge fondamentale attorno al quale tutto l\u2019Evento si sviluppa: maestri del design, del mondo dell\u2019artigianato e delle tecnologie applicate alla vita quotidiana propongono nuove soluzioni abitative edili e di arredamento, ideali per far <strong>incontrare le proposte delle aziende e le necessit\u00e0 dei visitatori che desiderano aggiornarsi sulle nuove tendenze del settore<\/strong>.<br \/>\nDue aree parallele guidano il viaggio tra l\u2019arredo domestico classico e moderno: un\u2019intera zona \u00e8 dedicata allo STILE e trova espressione nel <strong>Nuovo Padiglione 7<\/strong> di Fiera di Vicenza, proponendo <strong>arredamento, interior design e prodotti d\u2019arredo per l\u2019outdoor living<\/strong>; la seconda sezione, ospitata nel moderno e funzionale <strong>Padiglione 6<\/strong>, \u00e8 riservata al COMFORT e si compone delle diverse proposte legate <strong>all\u2019edilizia abitativa, alla bioedilizia, oltre che ai servizi di realizzazione, fornitura e posa<\/strong> in opera di finiture, pavimentazioni, impiantistica, riscaldamento e climatizzazione domestica.<\/p>\n<p>&nbsp;<\/p>\n<p>Tantissime le collaborazioni e le partnership proposte da SPAZIOCASA 2015: forte del successo ottenuto nel 2014, anche in questa edizione viene confermata la presenza dell\u2019<strong>Arena del Gusto<\/strong>, teatro di una serie di interessanti cookingshow, gestiti in collaborazione con i gruppi di ristoratori legati a <strong>ConfCommercio<\/strong> e con l\u2019<strong>Universit\u00e0 del Gusto<\/strong>; in questo spazio la valenza estetica delle pietanze costituisce una connessione tra la passione per la cucina e l\u2019ambiente stesso.<\/p>\n<p>&nbsp;<\/p>\n<p>Gli showroom pi\u00f9 importanti della Manifestazione ospitano una serie di eventi di Anteprima: grazie alla <strong>partnership sviluppata tra Fiera di Vicenza e ISAI \u2013 Istituto Superiore d\u2019Architettura di Interni \u201cPier Giacomo Castiglioni\u201d<\/strong>, ogni negozio \u00e8 associato ad un designer, dando vita a <strong>DESIGN RESEARCH<\/strong>, una Mostra Mercato dedicata al Design Autoprodotto, che porta in Fiera, i lavori degli studenti ma anche i pezzi di 24 designer di fama nazionale. Non solo, il Design diventa protagonista anche di una serie di workshop realizzati insieme\u00a0 ai personaggi pi\u00f9 importanti del settore, in grado di attirare l\u2019attenzione del pubblico e degli operatori.<\/p>\n<p>&nbsp;<\/p>\n<p>Tre gli appuntamenti da non perdere di <strong>SPAZIOCASA PREVIEW:<\/strong> l\u2019incontro con <strong>Patrizia Bertolini<\/strong> e i suoi ultimi progetti si \u00e8 svolto <strong>venerd\u00ec 27 febbraio<\/strong> presso lo <strong>Showroom FPL Arreda s.r.l.<\/strong> \u2013 Via Pr\u00e0 Bordoni 67; <strong>gioved\u00ec 5 marzo<\/strong> \u00e8 il turno di <strong>Francesca Braga Rosa e Ivano Vianello<\/strong> che presentano i loro lavori nello <strong>Showroom di Icona Arredamenti <\/strong>\u2013 Viale del Mercato nuovo 38 &#8211; e infine nella giornata di <strong>venerd\u00ec 6 marzo<\/strong>, presso lo <strong>Showroom di Cariolato s.r.l.<\/strong> \u2013 Via Monte Verlaldo,89 \u2013 sono in mostra gli elaborati di <strong>Paolo Ulian<\/strong>. Tutte le opere saranno presentate attraverso dei video prodotti da Maria Carollo, Valentina De Franceschi e Michela Golo, studentesse di <strong>ISAI Design Academy.<\/strong><\/p>\n<p>&nbsp;<\/p>\n<p>Grazie alla cooperazione tra Fiera di Vicenza, Confartigianato e l\u2019Assessorato all\u2019Istruzione del Comune di Vicenza, trova seguito anche <strong>Fiera Vicenza Educational<\/strong>, il progetto che coinvolge alcune classi delle scuole primarie in una serie di appuntamenti dedicati al rapporto genitori-figli. La collaborazione con Confartigianato Vicenza d\u00e0 vita all\u2019interno della sezione COMFORT, anche ad un\u2019area espositiva che raggruppa le imprese artigiane della categoria, con diverse proposte legate prevalentemente all\u2019edilizia abitativa, al riscaldamento e alle finiture per interni.<\/p>\n<p>Queste ultime, insieme all\u2019arredamento di interni, sono al centro dell\u2019attenzione nel seminario <strong><em>Materiali Innovativi per l\u2019arredo d\u2019interni e le finiture decorative<\/em><\/strong>, organizzato da <strong>TMD Demotech<\/strong> in collaborazione con <strong>MaTech<\/strong> e promosso da <strong>Fiera di Vicenza<\/strong> e <strong>CPV<\/strong> (Fondazione Centro Produttivit\u00e0 Veneto). L\u2019incontro ha l\u2019obiettivo di fornire una panoramica su materiali e tecnologie innovativi come i compositi da fibre vegetali, i materiali ceramici termoformabili, il legno tecnologico, i tessuti decorativi e i nuovi trattamenti estetici e funzionali che, tramite un sapiente utilizzo, possono rendere competitive le imprese nel loro mercato di riferimento.<\/p>\n<p>&nbsp;<\/p>\n<p>Interessante per tutti i visitatori \u00e8 anche l\u2019appuntamento proposto da <strong>CasaClima<\/strong>, agenzia di Bolzano che si occupa della certificazione energetica degli edifici. Numerosi gli incontri e i forum informativi che si svolgeranno nei primi due giorni del duplice appuntamento con Spaziocasa (13 e 14 marzo; 20 e 21 marzo), momenti dedicati alla costruzione e rivolti soprattutto a privati e professionisti del settore.<\/p>\n<p>Last but not least, sempre in collaborazione con CasaClima \u00e8 l\u2019<strong>area Confartigianato<\/strong>, Associazione Artigiani della provincia di Vicenza, che ospita numerosi incontri e convegni sul tema dell\u2019architettura sostenibile: progettare un tetto a norma, risanare un edificio che duri nel tempo o un immobile colpito dall\u2019umidit\u00e0, l\u2019importanza delle case prefabbricate in legno, questi sono solo alcuni dei temi che verranno approfonditi durante i meeting organizzati.<br \/>\nEventi, workshop, momenti esperienziali e molto altro\u2026 SPAZIOCASA 2015 d\u00e0 la possibilit\u00e0 di vivere un\u2019esperienza unica, un viaggio tra interni da sogno e complementi d\u2019arredo in un doppio appuntamento con il design made in Italy!<\/p>\n<p>&nbsp;<\/p>\n<p>Per conoscere i dettagli e gli aggiornamenti riguardo alla Manifestazione, orari di apertura e chiusura, espositori presenti e le proposte espositive e formative in programma, visitare il sito <a href=\"http:\/\/www.spaziocasafiera.it\/\"><strong>www.spaziocasafiera.it<\/strong><\/a>.<\/p>\n<p>&nbsp;<\/p>\n<p><strong><em>\u00a0<\/em><\/strong><\/p>\n<p><em>\u00a0<\/em><\/p>\n<p><strong>\u00a0<\/strong><\/p>\n<p><strong>\u00a0<\/strong><\/p>\n<p><strong>\u00a0<\/strong><\/p>\n","protected":false},"excerpt":{"rendered":"<p>In Fiera di Vicenza due weekend tra arredamento e design Fiera di Vicenza\u00a0ha aperto \u00a0le porte a SPAZIOCASA, l\u2019appuntamento di riferimento per il mondo della casa, del design e dell&#8217;arredamento che, da oltre 50 anni, rappresenta un\u2019occasione importante per mettere in luce le eccellenze nel campo del design di Vicenza e del suo territorio. Proposta &hellip; <a href=\"https:\/\/www.gdapress.it\/it\/index.php\/49733\/architettura\/spaziocasa-2015-stile-e-comfort-esaltano-il-made-in-italy.html\" class=\"more-link\">Read more <span class=\"screen-reader-text\">SPAZIOCASA 2015: Stile e Comfort esaltano il made in Italy<\/span><\/a><\/p>\n","protected":false},"author":3,"featured_media":0,"comment_status":"closed","ping_status":"open","sticky":false,"template":"","format":"standard","meta":{"footnotes":""},"categories":[3],"tags":[17445,308,14907],"class_list":["post-49733","post","type-post","status-publish","format-standard","hentry","category-architettura","tag-architettura","tag-made-in-italy","tag-spaziocasa-2015"],"_links":{"self":[{"href":"https:\/\/www.gdapress.it\/it\/index.php\/wp-json\/wp\/v2\/posts\/49733","targetHints":{"allow":["GET"]}}],"collection":[{"href":"https:\/\/www.gdapress.it\/it\/index.php\/wp-json\/wp\/v2\/posts"}],"about":[{"href":"https:\/\/www.gdapress.it\/it\/index.php\/wp-json\/wp\/v2\/types\/post"}],"author":[{"embeddable":true,"href":"https:\/\/www.gdapress.it\/it\/index.php\/wp-json\/wp\/v2\/users\/3"}],"replies":[{"embeddable":true,"href":"https:\/\/www.gdapress.it\/it\/index.php\/wp-json\/wp\/v2\/comments?post=49733"}],"version-history":[{"count":2,"href":"https:\/\/www.gdapress.it\/it\/index.php\/wp-json\/wp\/v2\/posts\/49733\/revisions"}],"predecessor-version":[{"id":49736,"href":"https:\/\/www.gdapress.it\/it\/index.php\/wp-json\/wp\/v2\/posts\/49733\/revisions\/49736"}],"wp:attachment":[{"href":"https:\/\/www.gdapress.it\/it\/index.php\/wp-json\/wp\/v2\/media?parent=49733"}],"wp:term":[{"taxonomy":"category","embeddable":true,"href":"https:\/\/www.gdapress.it\/it\/index.php\/wp-json\/wp\/v2\/categories?post=49733"},{"taxonomy":"post_tag","embeddable":true,"href":"https:\/\/www.gdapress.it\/it\/index.php\/wp-json\/wp\/v2\/tags?post=49733"}],"curies":[{"name":"wp","href":"https:\/\/api.w.org\/{rel}","templated":true}]}}