
{"id":49690,"date":"2015-03-15T10:42:26","date_gmt":"2015-03-15T08:42:26","guid":{"rendered":"http:\/\/www.gdapress.it\/it\/?p=49690"},"modified":"2015-03-15T10:42:26","modified_gmt":"2015-03-15T08:42:26","slug":"theatrum-instrumentorum-la-ricerca-del-suono-perduto-treviso","status":"publish","type":"post","link":"https:\/\/www.gdapress.it\/it\/index.php\/49690\/musica\/theatrum-instrumentorum-la-ricerca-del-suono-perduto-treviso.html","title":{"rendered":"Theatrum Instrumentorum: la ricerca del suono perduto Treviso"},"content":{"rendered":"<p><a href=\"http:\/\/www.gdapress.it\/it\/..\/public\/it\/2015\/03\/liuti-e-chitarra-bar..jpg\"><img loading=\"lazy\" decoding=\"async\" class=\"alignnone size-medium wp-image-49691\" src=\"http:\/\/www.gdapress.it\/it\/..\/public\/it\/2015\/03\/liuti-e-chitarra-bar.-300x200.jpg\" alt=\"liuti e chitarra bar.\" width=\"300\" height=\"200\" srcset=\"https:\/\/www.gdapress.it\/it\/..\/public\/it\/2015\/03\/liuti-e-chitarra-bar.-300x200.jpg 300w, https:\/\/www.gdapress.it\/it\/..\/public\/it\/2015\/03\/liuti-e-chitarra-bar.-500x334.jpg 500w, https:\/\/www.gdapress.it\/it\/..\/public\/it\/2015\/03\/liuti-e-chitarra-bar.-900x600.jpg 900w, https:\/\/www.gdapress.it\/it\/..\/public\/it\/2015\/03\/liuti-e-chitarra-bar..jpg 1000w\" sizes=\"auto, (max-width: 300px) 100vw, 300px\" \/><\/a><\/p>\n<p><strong>Theatrum Instrumentorum: la ricerca del suono perduto <\/strong><\/p>\n<p><em>mostra dedicata alla musica e agli strumenti musicali in Europa tra medioevo e primo barocco<\/em><\/p>\n<p>inaugurazione pubblica domenica 15 marzo ore 18<\/p>\n<p><em>concerti<\/em> e <em>lezioni concerto<\/em><\/p>\n<p>18, 19, 20 e 21 marzo<\/p>\n<p>spazi Bomben, via Cornarotta 7, Treviso<\/p>\n<p>Il progetto <em>Musica antica in casa Cozzi<\/em>, il ciclo di appuntamenti, corsi di perfezionamento e concerti con protagonista la Musica antica, organizzato dalla Fondazione Benetton Studi Ricerche e da almamusica433, tra febbraio e giugno 2015, prosegue nel mese di marzo con una serie di eventi pensati in occasione della <strong>Terza Giornata Europea della Musica Antica<\/strong> (21 marzo).<\/p>\n<p>&nbsp;<\/p>\n<p><strong><span style=\"text-decoration: underline;\">Domenica 15 marzo alle ore 18<\/span><\/strong>, inaugura, negli spazi Bomben di Treviso, la mostra <strong><em>Theatrum Instrumentorum: la ricerca del suono perduto<\/em><\/strong>, dedicata alla musica e agli strumenti musicali in Europa tra medioevo e primo barocco.<\/p>\n<p>L\u2019esposizione, in collaborazione con Dramsam Centro Giuliano di Musica Antica, offrir\u00e0 una panoramica sul mondo degli strumenti musicali dei secoli tra il XII e il XVII e rappresenter\u00e0 un\u2019occasione per saggiare competenze, tra artigianato artistico e tecnologia, applicate all\u2019invenzione e produzione di un ricco repertorio di \u201coggetti per fare musica\u201d che ha rappresentato una delle pi\u00f9 ricche eredit\u00e0 artistiche europee. L\u2019evento si propone inoltre come un\u2019occasione didattica per le scuole.<\/p>\n<p>In mostra strumenti originali, copie e strumenti ricostruiti da fonti manoscritte ma di molti dei quali non si \u00e8 conservato sino ai nostri giorni nessun originale.<\/p>\n<p><strong>L\u2019inaugurazione pubblica sar\u00e0 accompagnata da un concerto itinerante nelle sale espositive<\/strong>.<\/p>\n<p>L\u2019esposizione rimarr\u00e0 aperta fino a sabato 28 marzo 2015, da marted\u00ec-venerd\u00ec ore 15-20, sabato e domenica ore 10-20.<\/p>\n<p>Ingresso 5 euro, ingresso scuole 2 euro su prenotazione.<\/p>\n<p>&nbsp;<\/p>\n<p><strong>\u00a0<\/strong><\/p>\n<p><strong><span style=\"text-decoration: underline;\">Sabato 21 marzo alle ore 21<\/span><\/strong>, nell\u2019auditorium degli spazi Bomben di Treviso, \u00e8 in programma il concerto <strong><em>Orfeo ed Euridice di C. W. Gluck<\/em><\/strong>, una realizzazione in forma scenica di una selezione della celeberrima opera di Gluck, in collaborazione con l\u2019associazione Musica Emozioni di Treviso.<\/p>\n<p>La produzione \u00e8 affidata a giovani cantanti del panorama italiano che si sono distinti e segnalati per partecipazioni importanti. Riuniti e seguiti dal Maestro Pierfederici gli interpreti daranno vita alla versione del 1762 dell\u2019opera arricchita dall\u2019autore da testi e rimandi letterari al mito di Orfeo. Si tratta della prima opera nella quale i principi teorici della riforma del melodramma serio settecentesco, operata da Gluck in collaborazione con il librettista Ranieri De\u2019 Calzabigi, trovano realizzazione pratica nella costruzione di un dramma musicale nel quale le ragioni drammaturgiche non sono sacrificate al virtuosismo dei solisti e la musica si pone completamente al servizio della scena.<\/p>\n<p>Con <strong>Sibilla Serafini<\/strong> (contralto), <strong>Tamara Stanese<\/strong> (soprano), <strong>Maria Eleonora Caminada<\/strong> (soprano), al pianoforte <strong>Alessandro Pierfederici<\/strong>.<\/p>\n<p>Ingresso a offerta responsabile.<\/p>\n<p>Inoltre <strong><span style=\"text-decoration: underline;\">mercoled\u00ec 18, gioved\u00ec 19, venerd\u00ec 20 marzo alle ore 9 e alle 11<\/span> <\/strong>saranno proposte, sempre nell\u2019auditorium degli spazi Bomben di Treviso, alcune <strong>lezioni concerto <\/strong><strong>per le scuole<\/strong> primarie e secondarie di primo grado: <em>I ludi musici, ovvero l\u2019Arte di tenere fantasia<\/em>.<\/p>\n<p>Il gruppo musicale <strong>Kalicantus Ensemble<\/strong> racconter\u00e0 alcune delle pagine pi\u00f9 misteriose e suggestive della storia della musica occidentale antica in un viaggio che ha dell\u2019incredibile.<\/p>\n<p>Ingresso 2 euro su prenotazione (Fondazione Benetton, tel. 0422.5121, perlascuola@fbsr.it)<\/p>\n<p>Il progetto <em>Musica antica in casa Cozzi<\/em> proseguir\u00e0 poi nei mesi di aprile, maggio e giugno con altri concerti e masterclass.<\/p>\n<p>Domenica 12 aprile nella Chiesa di Santa Maria Maggiore, Treviso, \u00e8 in programma il concerto della <strong>Boston Camerata<\/strong>, il pi\u00f9 importante ensemble di musica antica in America e uno dei pi\u00f9 grandi al mondo, che torna in Italia, dopo anni di assenza, per quest\u2019unica tappa trevigiana, con un programma di musica medievale pluripremiato dalla critica, i <em>Carmina Burana <\/em>del Codex Buranus. La sua carismatica direttrice, <strong>Anne Az\u00e9ma<\/strong>, e la viellista, <strong>Shira Kammen<\/strong>, la pi\u00f9 completa polistrumentista di musica antica al mondo, condurranno una delle masterclass (13 e 14 aprile) in programma a <em>casa Luisa e Gaetano Cozzi<\/em>, Zero Branco, Treviso.<\/p>\n<p>&nbsp;<\/p>\n<p>Saranno poi protagoniste: <strong>Gyongy Erodi <\/strong>(concerto venerd\u00ec 22 maggio nell\u2019auditorium degli spazi Bomben di Treviso, masterclass 23 e 24 maggio), talentuosa musicista specializzata nel repertorio barocco ma molto apprezzata in questi ultimi anni anche come studiosa e interprete della basse de violon; e <strong>Claudia Caffagni <\/strong>(concerto venerd\u00ec 12 giugno nell\u2019auditorium degli spazi Bomben di Treviso, masterclass 13 e 14 giugno), una delle anime del gruppo La Reverdie. Vedremo inoltre il ritorno di <strong>Lia Serafini<\/strong> (masterclass 25 e 26 aprile) per un fine settimana dedicato alla prassi e all\u2019interpretazione del canto rinascimentale e barocco. La clavicembalista Paola Erdas quest\u2019anno parteciper\u00e0 come \u201cartista in residenza\u201d.<\/p>\n<p>&nbsp;<\/p>\n<p>Il progetto si concluder\u00e0 con una \u201c<strong>festa d\u2019estate<\/strong>\u201d (domenica 21 giugno) nel giardino di <em>casa Luisa e Gaetano Cozzi<\/em>.<\/p>\n<p>Maggiori informazioni, regolamento dei corsi e modulo d\u2019iscrizione alle masterclass:<\/p>\n<p>almamusica433: cell. 339.4901462, <a href=\"mailto:info@almamusica433.it\">info@almamusica433.it<\/a>, <a href=\"http:\/\/www.almamusica433.it\">www.almamusica433.it<\/a>;<\/p>\n<p>Fondazione Benetton Studi Ricerche: tel. 0422.5121, <a href=\"mailto:fbsr@fbsr.it\">fbsr@fbsr.it<\/a>, <a href=\"http:\/\/www.fbsr.it\">www.fbsr.it<\/a><\/p>\n","protected":false},"excerpt":{"rendered":"<p>Theatrum Instrumentorum: la ricerca del suono perduto mostra dedicata alla musica e agli strumenti musicali in Europa tra medioevo e primo barocco inaugurazione pubblica domenica 15 marzo ore 18 concerti e lezioni concerto 18, 19, 20 e 21 marzo spazi Bomben, via Cornarotta 7, Treviso Il progetto Musica antica in casa Cozzi, il ciclo di &hellip; <a href=\"https:\/\/www.gdapress.it\/it\/index.php\/49690\/musica\/theatrum-instrumentorum-la-ricerca-del-suono-perduto-treviso.html\" class=\"more-link\">Read more <span class=\"screen-reader-text\">Theatrum Instrumentorum: la ricerca del suono perduto Treviso<\/span><\/a><\/p>\n","protected":false},"author":3,"featured_media":0,"comment_status":"closed","ping_status":"open","sticky":false,"template":"","format":"standard","meta":{"footnotes":""},"categories":[19],"tags":[1992,14892,4364],"class_list":["post-49690","post","type-post","status-publish","format-standard","hentry","category-musica","tag-benetton","tag-theatrum-instrumentorum","tag-treviso"],"_links":{"self":[{"href":"https:\/\/www.gdapress.it\/it\/index.php\/wp-json\/wp\/v2\/posts\/49690","targetHints":{"allow":["GET"]}}],"collection":[{"href":"https:\/\/www.gdapress.it\/it\/index.php\/wp-json\/wp\/v2\/posts"}],"about":[{"href":"https:\/\/www.gdapress.it\/it\/index.php\/wp-json\/wp\/v2\/types\/post"}],"author":[{"embeddable":true,"href":"https:\/\/www.gdapress.it\/it\/index.php\/wp-json\/wp\/v2\/users\/3"}],"replies":[{"embeddable":true,"href":"https:\/\/www.gdapress.it\/it\/index.php\/wp-json\/wp\/v2\/comments?post=49690"}],"version-history":[{"count":1,"href":"https:\/\/www.gdapress.it\/it\/index.php\/wp-json\/wp\/v2\/posts\/49690\/revisions"}],"predecessor-version":[{"id":49692,"href":"https:\/\/www.gdapress.it\/it\/index.php\/wp-json\/wp\/v2\/posts\/49690\/revisions\/49692"}],"wp:attachment":[{"href":"https:\/\/www.gdapress.it\/it\/index.php\/wp-json\/wp\/v2\/media?parent=49690"}],"wp:term":[{"taxonomy":"category","embeddable":true,"href":"https:\/\/www.gdapress.it\/it\/index.php\/wp-json\/wp\/v2\/categories?post=49690"},{"taxonomy":"post_tag","embeddable":true,"href":"https:\/\/www.gdapress.it\/it\/index.php\/wp-json\/wp\/v2\/tags?post=49690"}],"curies":[{"name":"wp","href":"https:\/\/api.w.org\/{rel}","templated":true}]}}