
{"id":49617,"date":"2015-03-12T10:59:38","date_gmt":"2015-03-12T08:59:38","guid":{"rendered":"http:\/\/www.gdapress.it\/it\/?p=49617"},"modified":"2015-03-12T10:59:38","modified_gmt":"2015-03-12T08:59:38","slug":"giorgio-griffa-silenzio-parla-la-pittura-lorenzelli-arte","status":"publish","type":"post","link":"https:\/\/www.gdapress.it\/it\/index.php\/49617\/arte\/giorgio-griffa-silenzio-parla-la-pittura-lorenzelli-arte.html","title":{"rendered":"Giorgio Griffa   SILENZIO: PARLA LA PITTURA Lorenzelli Arte"},"content":{"rendered":"<p><a href=\"http:\/\/www.gdapress.it\/it\/..\/public\/it\/2015\/03\/Senza-titolo-1973-acrilico-su-juta-cm-118x190.jpg\"><img loading=\"lazy\" decoding=\"async\" class=\"alignnone size-large wp-image-49618\" src=\"http:\/\/www.gdapress.it\/it\/..\/public\/it\/2015\/03\/Senza-titolo-1973-acrilico-su-juta-cm-118x190-500x329.jpg\" alt=\"Senza titolo, 1973, acrilico su juta, cm 118x190\" width=\"500\" height=\"329\" srcset=\"https:\/\/www.gdapress.it\/it\/..\/public\/it\/2015\/03\/Senza-titolo-1973-acrilico-su-juta-cm-118x190-500x329.jpg 500w, https:\/\/www.gdapress.it\/it\/..\/public\/it\/2015\/03\/Senza-titolo-1973-acrilico-su-juta-cm-118x190-300x197.jpg 300w, https:\/\/www.gdapress.it\/it\/..\/public\/it\/2015\/03\/Senza-titolo-1973-acrilico-su-juta-cm-118x190-900x592.jpg 900w, https:\/\/www.gdapress.it\/it\/..\/public\/it\/2015\/03\/Senza-titolo-1973-acrilico-su-juta-cm-118x190.jpg 1181w\" sizes=\"auto, (max-width: 500px) 100vw, 500px\" \/><\/a><\/p>\n<p>Giorgio Griffa \u00a0\u00a0SILENZIO: PARLA LA PITTURA<\/p>\n<p>12 marzo &#8211; 15 aprile 2015<\/p>\n<p><span style=\"text-decoration: underline;\">inaugurazione gioved\u00ec <\/span><span style=\"text-decoration: underline;\">12 <\/span><span style=\"text-decoration: underline;\">\u00a0marzo, ore <\/span><span style=\"text-decoration: underline;\">18,30<\/span><\/p>\n<p><strong>Silenzio: parla la pittura<\/strong> \u00e8 l\u2019ultimo omaggio, in ordine di tempo, che <strong>Lorenzelli Arte<\/strong> dedica a <strong>Giorgio Griffa<\/strong>. Apre infatti <strong>gioved\u00ec 12 marzo<\/strong> la personale dell\u2019artista torinese verso il quale \u00a0la galleria ha sempre prestato particolare attenzione. Lo testimoniano le numerose esposizioni che sono state proposte dalla met\u00e0 degli anni \u201970 sino all\u2019ultima realizzata nel 2008.<\/p>\n<p>Giorgio Griffa \u00e8 uno dei maggiori protagonisti dell\u2019astrattismo, esponente fra i pi\u00f9 creativi di quella tendenza artistica denominata \u201cPittura Analitica\u201d o \u201cPittura Pittura\u201d nata sul finire degli anni Sessanta. Proprio con lavori di questo periodo si apre la rassegna che presenta <strong>22 opere che coprono il decennio sino al 1978<\/strong>, sicuramente il suo periodo pi\u00f9 interessante e significativo non solo per le dimensioni, notevoli, dei lavori \u00a0ma soprattutto per la qualit\u00e0 intrinseca delle opere, di assoluta importanza perch\u00e9 sublime espressione della ricerca dell\u2019artista.<\/p>\n<p>Le opere di Giorgio Griffa sono tele libere, non costrette dal telaio dove il colore diventa il tramite di un&#8217;azione e il segno l&#8217;effetto di un pensiero. Si contraddistinguono per la loro essenziale composizione formale: segni, linee, strisce, arabeschi, a volte sfumati, altre a campiture di colore uniforme ma sempre dipinti direttamente sulla tela grezza; una pittura immediata, vivace e luminosa, eseguita senza esitazioni.<\/p>\n<p>Una maniera di dipingere non referenziale che sposta il suo accento sugli elementi sostanziali della pittura: il colore, espresso tramite elementi decorativi primari e lo spazio che \u00e8 parte integrante della composizione pittorica.<\/p>\n<p>Le tele, prive di supporto, vengono appese direttamente alle pareti. Questo volontario allontanamento dagli elementi classici della pittura, evoca un&#8217;idea di movimento, un attraversamento della pittura verso lo spazio intorno ad essa. Un fare artistico minimale e concettuale sospinto verso una dimensione tra il finito e l&#8217;infinito.<\/p>\n<p>Nel suo peculiare approccio alla pittura Griffa ha sperimentato il Canone Aureo che definisce \u201c<em>un numero piccolo che fissa un concetto immenso<\/em>\u201d che in queste opere appare come un segno interrotto dopo un numero variabile di cifre. Scrive Griffa: \u201c<em>Da parte sua la pittura porta una lunga memoria di altro da s\u00e9. La sezione aurea appartiene a questa memoria. Essa non \u00e8 soltanto pittura o architettura, essa \u00e8 matematica, \u00e8 filosofia; il suo numero che non finisce mai affonda nell\u2019ignoto e posa un ponte con le conoscenze e le emozioni del nostro tempo\u201d<\/em>. Per l\u2019artista, la moltiplicazione matematica del numero aureo rappresenta la possibilit\u00e0 dell\u2019arte di indagare spazi indefiniti e inesplorabili. I segni ripetuti di Griffa si compongono in un ritmo di crescita naturale, con le infinite variazioni e i misteriosi significati di un poetico dialogo con l\u2019inesplorato.<\/p>\n<p>In occasione della mostra verr\u00e0 pubblicata una monografia bilingue con la riproduzione delle opere esposte, un testo critico di Ivan Quaroni e una testimonianza di Giorgio Griffa.<\/p>\n<p><strong><span style=\"text-decoration: underline;\">Biografia<\/span><\/strong><\/p>\n<p>Giorgio Griffa nasce a Torino nel 1936, dove vive e lavora. La sua prima mostra personale si tenne alla Galleria Martano di Torino nel 1968. Partecipa a numerose rassegne nazionali e internazionali dedicate alla pittura aniconica, ed espone in numerosi spazi pubblici e privati.<\/p>\n<p>Tra le personali ricordiamo quelle presso le Gallerie Martano e Sperone di Torino, Sonnaben a New York, Templon di Parigi, Fumagalli di Bergamo, la Pinacoteca di Ravenna, e pi\u00f9 recentemente al Kunslanding di Aschaffenburg, il Museo della Permanente a Milano e l&#8217;Insitut Mathildenh\u00f6he di Darmstadt; tra le collettive si ricordino almeno le partecipazioni alle Biennali di Venezia del 1978 e 1980, e le mostre presso Palazzo Reale di Milano, Palazzo delle Esposizioni di Roma, Castello di Rivoli e tantissime altre.<\/p>\n<p>Giorgio Griffa ha tenuto mostre personali alla Galleria Lorenzelli di Milano nel 1976 e nel 1978, e alla Lorenzelli Arte nel 1981, nel 1985, nel 1997 e nel 2008.<\/p>\n<p><strong><span style=\"text-decoration: underline;\">Scheda Tecnica<\/span><\/strong><\/p>\n<p><strong>\u00a0<\/strong><em>Titolo mostra<\/em>\u00a0\u00a0\u00a0\u00a0\u00a0\u00a0\u00a0\u00a0\u00a0\u00a0\u00a0\u00a0\u00a0\u00a0\u00a0\u00a0\u00a0\u00a0\u00a0\u00a0\u00a0\u00a0\u00a0\u00a0\u00a0\u00a0\u00a0\u00a0\u00a0\u00a0\u00a0\u00a0\u00a0\u00a0\u00a0 <strong>Silenzio: parla la pittura<\/strong><\/p>\n<p><em>A cura di<\/em><strong>\u00a0\u00a0\u00a0\u00a0\u00a0\u00a0\u00a0\u00a0\u00a0\u00a0\u00a0\u00a0\u00a0\u00a0\u00a0\u00a0\u00a0\u00a0\u00a0\u00a0\u00a0\u00a0\u00a0\u00a0\u00a0\u00a0\u00a0\u00a0\u00a0\u00a0\u00a0\u00a0\u00a0\u00a0\u00a0\u00a0\u00a0\u00a0\u00a0\u00a0\u00a0 Matteo Lorenzelli, Ivan Quaroni<\/strong><\/p>\n<p><em>Sede<\/em><strong>\u00a0\u00a0\u00a0\u00a0\u00a0\u00a0\u00a0\u00a0\u00a0\u00a0\u00a0\u00a0\u00a0\u00a0\u00a0\u00a0\u00a0\u00a0\u00a0\u00a0\u00a0\u00a0\u00a0\u00a0\u00a0\u00a0\u00a0\u00a0\u00a0\u00a0\u00a0\u00a0\u00a0\u00a0\u00a0\u00a0\u00a0\u00a0\u00a0\u00a0\u00a0\u00a0\u00a0\u00a0\u00a0\u00a0\u00a0\u00a0 Lorenzelli Arte<\/strong><\/p>\n<p><strong>\u00a0 \u00a0 \u00a0 \u00a0 \u00a0 \u00a0 \u00a0 \u00a0 \u00a0 \u00a0 \u00a0 \u00a0 \u00a0 \u00a0 \u00a0 \u00a0 \u00a0 \u00a0 \u00a0 \u00a0 \u00a0 \u00a0 \u00a0 \u00a0 \u00a0 \u00a0 \u00a0 Milano, corso Buenos Aires, 2<\/strong><\/p>\n<p><em>Periodo<\/em><strong>\u00a0 \u00a0 \u00a0 \u00a0 \u00a0 \u00a0 \u00a0 \u00a0 \u00a0 \u00a0 \u00a0 \u00a0 \u00a0 \u00a0 \u00a0 \u00a0 \u00a0 \u00a0 \u00a0 dal 12 marzo al 15 aprile 2015<\/strong><\/p>\n<p><em>Inaugurazione<\/em><strong>\u00a0 \u00a0 \u00a0 \u00a0 \u00a0 \u00a0 \u00a0 \u00a0 \u00a0 \u00a0 \u00a0 gioved\u00ec 12 marzo 2015, ore18.30<\/strong><\/p>\n<p><em>Orari<\/em><strong>\u00a0\u00a0\u00a0\u00a0\u00a0\u00a0\u00a0\u00a0\u00a0\u00a0\u00a0\u00a0\u00a0\u00a0\u00a0\u00a0\u00a0\u00a0\u00a0\u00a0\u00a0\u00a0\u00a0\u00a0\u00a0\u00a0\u00a0\u00a0\u00a0\u00a0\u00a0\u00a0\u00a0\u00a0\u00a0\u00a0\u00a0\u00a0\u00a0\u00a0\u00a0\u00a0\u00a0\u00a0\u00a0\u00a0\u00a0\u00a0 marted\u00ec &#8211; sabato, ore 10.00\/13.00 &#8211; 15.00\/19.00.<\/strong><\/p>\n<p><strong>\u00a0luned\u00ec su appuntamento. Festivi chiuso<\/strong><\/p>\n<p>&nbsp;<\/p>\n<p><em>Ingresso<\/em>\u00a0\u00a0\u00a0\u00a0\u00a0\u00a0\u00a0\u00a0\u00a0\u00a0\u00a0\u00a0\u00a0\u00a0\u00a0\u00a0\u00a0\u00a0\u00a0\u00a0\u00a0\u00a0\u00a0\u00a0\u00a0\u00a0\u00a0\u00a0\u00a0\u00a0\u00a0\u00a0\u00a0\u00a0\u00a0\u00a0\u00a0\u00a0\u00a0\u00a0\u00a0\u00a0\u00a0 <strong>libero<\/strong><\/p>\n<p><em>Catalogo<\/em>\u00a0\u00a0\u00a0\u00a0\u00a0\u00a0\u00a0\u00a0\u00a0\u00a0\u00a0\u00a0\u00a0\u00a0\u00a0\u00a0\u00a0\u00a0\u00a0\u00a0\u00a0\u00a0\u00a0\u00a0\u00a0\u00a0\u00a0\u00a0\u00a0\u00a0\u00a0\u00a0\u00a0\u00a0\u00a0\u00a0\u00a0\u00a0\u00a0\u00a0 <strong>lorenzelli arte<\/strong> <strong>n\u00b0 145 testo di Ivan Quaroni, Giorgio Griffa<\/strong><\/p>\n<p><em>Come raggiungerci<\/em><\/p>\n<p><strong>Metropolitana 1 (rossa), fermata Porta Venezia<\/strong><\/p>\n<p><strong>Tram: 9, 29, 30, fermata p.zza Oberdan<\/strong><\/p>\n<p><strong>Passante ferroviario: Porta Venezia<\/strong><\/p>\n<p><em>Informazioni<\/em>\u00a0\u00a0\u00a0\u00a0\u00a0\u00a0\u00a0\u00a0\u00a0\u00a0\u00a0\u00a0\u00a0\u00a0\u00a0\u00a0\u00a0\u00a0\u00a0\u00a0\u00a0\u00a0\u00a0\u00a0\u00a0\u00a0\u00a0\u00a0\u00a0\u00a0\u00a0\u00a0\u00a0\u00a0\u00a0\u00a0 <strong>+39.02.201914<\/strong><\/p>\n<p><strong>www.lorenzelliarte.com<\/strong><\/p>\n<p><strong>\u00a0\u00a0\u00a0\u00a0\u00a0\u00a0\u00a0\u00a0\u00a0\u00a0\u00a0\u00a0\u00a0\u00a0\u00a0\u00a0\u00a0\u00a0\u00a0\u00a0\u00a0\u00a0\u00a0\u00a0\u00a0\u00a0\u00a0\u00a0\u00a0\u00a0\u00a0\u00a0\u00a0\u00a0\u00a0\u00a0\u00a0\u00a0\u00a0\u00a0\u00a0\u00a0\u00a0\u00a0\u00a0\u00a0\u00a0\u00a0\u00a0\u00a0\u00a0\u00a0\u00a0\u00a0\u00a0\u00a0 <\/strong><em>\u00a0<\/em><\/p>\n<p>&nbsp;<\/p>\n","protected":false},"excerpt":{"rendered":"<p>Giorgio Griffa \u00a0\u00a0SILENZIO: PARLA LA PITTURA 12 marzo &#8211; 15 aprile 2015 inaugurazione gioved\u00ec 12 \u00a0marzo, ore 18,30 Silenzio: parla la pittura \u00e8 l\u2019ultimo omaggio, in ordine di tempo, che Lorenzelli Arte dedica a Giorgio Griffa. Apre infatti gioved\u00ec 12 marzo la personale dell\u2019artista torinese verso il quale \u00a0la galleria ha sempre prestato particolare attenzione. &hellip; <a href=\"https:\/\/www.gdapress.it\/it\/index.php\/49617\/arte\/giorgio-griffa-silenzio-parla-la-pittura-lorenzelli-arte.html\" class=\"more-link\">Read more <span class=\"screen-reader-text\">Giorgio Griffa   SILENZIO: PARLA LA PITTURA Lorenzelli Arte<\/span><\/a><\/p>\n","protected":false},"author":3,"featured_media":0,"comment_status":"closed","ping_status":"open","sticky":false,"template":"","format":"standard","meta":{"footnotes":""},"categories":[4],"tags":[6641,1436],"class_list":["post-49617","post","type-post","status-publish","format-standard","hentry","category-arte","tag-giorgio-griffa","tag-lorenzelli-arte"],"_links":{"self":[{"href":"https:\/\/www.gdapress.it\/it\/index.php\/wp-json\/wp\/v2\/posts\/49617","targetHints":{"allow":["GET"]}}],"collection":[{"href":"https:\/\/www.gdapress.it\/it\/index.php\/wp-json\/wp\/v2\/posts"}],"about":[{"href":"https:\/\/www.gdapress.it\/it\/index.php\/wp-json\/wp\/v2\/types\/post"}],"author":[{"embeddable":true,"href":"https:\/\/www.gdapress.it\/it\/index.php\/wp-json\/wp\/v2\/users\/3"}],"replies":[{"embeddable":true,"href":"https:\/\/www.gdapress.it\/it\/index.php\/wp-json\/wp\/v2\/comments?post=49617"}],"version-history":[{"count":1,"href":"https:\/\/www.gdapress.it\/it\/index.php\/wp-json\/wp\/v2\/posts\/49617\/revisions"}],"predecessor-version":[{"id":49619,"href":"https:\/\/www.gdapress.it\/it\/index.php\/wp-json\/wp\/v2\/posts\/49617\/revisions\/49619"}],"wp:attachment":[{"href":"https:\/\/www.gdapress.it\/it\/index.php\/wp-json\/wp\/v2\/media?parent=49617"}],"wp:term":[{"taxonomy":"category","embeddable":true,"href":"https:\/\/www.gdapress.it\/it\/index.php\/wp-json\/wp\/v2\/categories?post=49617"},{"taxonomy":"post_tag","embeddable":true,"href":"https:\/\/www.gdapress.it\/it\/index.php\/wp-json\/wp\/v2\/tags?post=49617"}],"curies":[{"name":"wp","href":"https:\/\/api.w.org\/{rel}","templated":true}]}}