
{"id":49487,"date":"2015-03-06T10:13:39","date_gmt":"2015-03-06T08:13:39","guid":{"rendered":"http:\/\/www.gdapress.it\/it\/?p=49487"},"modified":"2015-03-06T10:13:39","modified_gmt":"2015-03-06T08:13:39","slug":"madonnina-social-pop-roma","status":"publish","type":"post","link":"https:\/\/www.gdapress.it\/it\/index.php\/49487\/arte\/madonnina-social-pop-roma.html","title":{"rendered":"Madonnina social pop Roma"},"content":{"rendered":"<p><a href=\"http:\/\/www.gdapress.it\/it\/..\/public\/it\/2015\/03\/ImageProxy-78.jpg\"><img loading=\"lazy\" decoding=\"async\" class=\"alignnone size-large wp-image-49488\" src=\"http:\/\/www.gdapress.it\/it\/..\/public\/it\/2015\/03\/ImageProxy-78-500x308.jpg\" alt=\"ImageProxy (78)\" width=\"500\" height=\"308\" srcset=\"https:\/\/www.gdapress.it\/it\/..\/public\/it\/2015\/03\/ImageProxy-78-500x308.jpg 500w, https:\/\/www.gdapress.it\/it\/..\/public\/it\/2015\/03\/ImageProxy-78-300x185.jpg 300w, https:\/\/www.gdapress.it\/it\/..\/public\/it\/2015\/03\/ImageProxy-78.jpg 600w\" sizes=\"auto, (max-width: 500px) 100vw, 500px\" \/><\/a><\/p>\n<p>Decine di artisti presentano a studio.ra il loro contributo creativo spontaneo per modernizzare un\u2019icona simbolo per eccellenza di Milano<\/p>\n<p>Il progetto, ideato da Raffaella Losapio nel 2004, ed esteso a tutti gli artisti nel gennaio 2015, include<br \/>\nil video e commento sonoro \u201cS.AVE\u201d di Carlo Fatigoni-<a href=\"http:\/\/www.faticart.org\/\" target=\"_blank\">www.faticart.org\/<\/a>\u200e<\/p>\n<p>\u201cNew Look, abiti nuovi per la Madonnina: spogliata dell\u2019oro, \u00e8 trasformata in icona social, addobbata con colori sgargianti. Svecchiata e aggiornata, la statua simbolo di Milano ottimizza il suo valore di logo, di marchio riconoscibile.<br \/>\nL\u2019icona modernizzata potr\u00e0 cos\u00ec essere collocata ovunque, in luoghi deputati alla fruizione artistica cos\u00ec come su treni, autobus e metropolitane. Accanto a tutti, atei e devoti, riconoscibile e al contempo inedita. La Madonnina scende sulla terra. Il divino partecipa con curiosit\u00e0 alle faccende, soprattutto cromatiche e di look, di quaggi\u00f9. E lo fa inondata e inondando di luce. \u00c8 una luce epifanica, rivelatrice, moderna quella che circonda la Madonnina milanese; \u00e8 una luce privata di ogni accento atmosferico che diventa puro colore. Ed \u00e8 la luce a nutrire la misura del limite, e a suggerire di superarlo. Nel segno del dialogo, del progresso, del futuro.\u201d<br \/>\nCinzia Bollino Bossi<\/p>\n<p>La documentazione, raccolta su dvd, verr\u00e0 decontestualizzata a Roma, discussa e proiettata a studio.ra, con commento sonoro, gioved\u00ec 6 marzo 2015 dalle ore 18 alle 21. Le \u201cMadonnine social pop\u201d, realizzate in piccolo formato, formeranno un\u2019installazione collettiva costituita da un grande mosaico di immagini. L\u2019intento non \u00e8 quello di sfruttare commercialmente il suddetto simbolo. I contributi spontanei e creativi degli Artisti rimarranno a disposizione di Autorit\u00e0 e Responsabili religiosi, pubblici o privati. Si potr\u00e0 cos\u00ec eventualmente decidere o approvare le modalit\u00e0 di un eventuale sviluppo di attivit\u00e0 espositive, performative, installazioni, special project.<\/p>\n<p>Artisti: Salvatore Anelli, Alessandro Antonucci, Roberta Banino, Tiziana Baracchi, Pier Roberto Bassi, \u200eTiziana Befani, Luisa Bergamini, Jose Luis Bernardes, Guy Bleus (Belgium), Giovanni Bonanno, Patrizia Jacomella Bonola, Cecilia Bossi, Rossana Bucci, Alfonso Caccavale, Vincenzo Ceccato, Giorgio Celon, Francesca Cho (Korea), Laura Cristin, Valentina Colella, Carmela Corsitto, Rosanna de Felice, Eleonora Del Brocco, Peppe Esposito, Marcello Diotallevi, Isabella Di Sagio (Austria), Monika Mori (Austria), Yue Fan (China), Cinzia Farina, Eligia Gentilucci, Sofia Gradassi_Maria Vittoria Baravelli, Michela Giovinetti, Rosy Imbrogno, Gabriele Innammorati, Isabelle, Benedetta Jandolo, La Fabbrica delle Scimmie, Raffaella Losapio, Xing Liu (China), Calogero Marrali, Virginia Milici, Assunta Mollo, Antonella Paponi, Michel Patrin, Ilaria Pergolesi, Ettore Pinelli, Eliana Prosperi, Mauro De Simone Rea, Claudia Rivelli, Angelo Riviello, Vincenzo Russo, Rocco Salvia, Ilaria Santarelli, Roberto Scala, Giuseppe Scelfo, Giovanna Semerano, Fulgor Silvi, Gruppo Sinestetico, Silvia Stucky, Lucia Spagnuolo, Giancarlo Villani, Lili White (NYC, USA), Qinggang Xiang (China).<\/p>\n<p>Inaugurazione Venerd\u00ec 6 marzo ore 18<\/p>\n<p>Studio Ra Contemporary Art<br \/>\nvia Bartolomeo Platina, 1\/F Roma<br \/>\nlun-sab 15.30-19<br \/>\ningresso libero<\/p>\n","protected":false},"excerpt":{"rendered":"<p>Decine di artisti presentano a studio.ra il loro contributo creativo spontaneo per modernizzare un\u2019icona simbolo per eccellenza di Milano Il progetto, ideato da Raffaella Losapio nel 2004, ed esteso a tutti gli artisti nel gennaio 2015, include il video e commento sonoro \u201cS.AVE\u201d di Carlo Fatigoni-www.faticart.org\/\u200e \u201cNew Look, abiti nuovi per la Madonnina: spogliata dell\u2019oro, &hellip; <a href=\"https:\/\/www.gdapress.it\/it\/index.php\/49487\/arte\/madonnina-social-pop-roma.html\" class=\"more-link\">Read more <span class=\"screen-reader-text\">Madonnina social pop Roma<\/span><\/a><\/p>\n","protected":false},"author":3,"featured_media":0,"comment_status":"closed","ping_status":"open","sticky":false,"template":"","format":"standard","meta":{"footnotes":""},"categories":[4],"tags":[14837,27],"class_list":["post-49487","post","type-post","status-publish","format-standard","hentry","category-arte","tag-madonnina-social-pop","tag-roma"],"_links":{"self":[{"href":"https:\/\/www.gdapress.it\/it\/index.php\/wp-json\/wp\/v2\/posts\/49487","targetHints":{"allow":["GET"]}}],"collection":[{"href":"https:\/\/www.gdapress.it\/it\/index.php\/wp-json\/wp\/v2\/posts"}],"about":[{"href":"https:\/\/www.gdapress.it\/it\/index.php\/wp-json\/wp\/v2\/types\/post"}],"author":[{"embeddable":true,"href":"https:\/\/www.gdapress.it\/it\/index.php\/wp-json\/wp\/v2\/users\/3"}],"replies":[{"embeddable":true,"href":"https:\/\/www.gdapress.it\/it\/index.php\/wp-json\/wp\/v2\/comments?post=49487"}],"version-history":[{"count":1,"href":"https:\/\/www.gdapress.it\/it\/index.php\/wp-json\/wp\/v2\/posts\/49487\/revisions"}],"predecessor-version":[{"id":49489,"href":"https:\/\/www.gdapress.it\/it\/index.php\/wp-json\/wp\/v2\/posts\/49487\/revisions\/49489"}],"wp:attachment":[{"href":"https:\/\/www.gdapress.it\/it\/index.php\/wp-json\/wp\/v2\/media?parent=49487"}],"wp:term":[{"taxonomy":"category","embeddable":true,"href":"https:\/\/www.gdapress.it\/it\/index.php\/wp-json\/wp\/v2\/categories?post=49487"},{"taxonomy":"post_tag","embeddable":true,"href":"https:\/\/www.gdapress.it\/it\/index.php\/wp-json\/wp\/v2\/tags?post=49487"}],"curies":[{"name":"wp","href":"https:\/\/api.w.org\/{rel}","templated":true}]}}