
{"id":49337,"date":"2015-03-01T12:19:41","date_gmt":"2015-03-01T10:19:41","guid":{"rendered":"http:\/\/www.gdapress.it\/it\/?p=49337"},"modified":"2015-03-01T12:19:41","modified_gmt":"2015-03-01T10:19:41","slug":"como-classica-cosmopolitan-trio-per-haydn-beethoven-e-dvorak","status":"publish","type":"post","link":"https:\/\/www.gdapress.it\/it\/index.php\/49337\/musica\/como-classica-cosmopolitan-trio-per-haydn-beethoven-e-dvorak.html","title":{"rendered":"Como Classica: Cosmopolitan Trio per Haydn, Beethoven e Dvorak"},"content":{"rendered":"<p><a href=\"http:\/\/www.gdapress.it\/it\/..\/public\/it\/2015\/03\/Elisabeth-Kropfitsch.jpg\"><img loading=\"lazy\" decoding=\"async\" class=\"alignnone size-large wp-image-49338\" src=\"http:\/\/www.gdapress.it\/it\/..\/public\/it\/2015\/03\/Elisabeth-Kropfitsch-254x400.jpg\" alt=\"Elisabeth Kropfitsch\" width=\"254\" height=\"400\" srcset=\"https:\/\/www.gdapress.it\/it\/..\/public\/it\/2015\/03\/Elisabeth-Kropfitsch-254x400.jpg 254w, https:\/\/www.gdapress.it\/it\/..\/public\/it\/2015\/03\/Elisabeth-Kropfitsch-190x300.jpg 190w, https:\/\/www.gdapress.it\/it\/..\/public\/it\/2015\/03\/Elisabeth-Kropfitsch.jpg 317w\" sizes=\"auto, (max-width: 254px) 100vw, 254px\" \/><\/a><\/p>\n<p><strong>COMO CLASSICA<\/strong><\/p>\n<p><strong>Terza edizione<\/strong><\/p>\n<p><strong>\u00a0<\/strong><strong>COSMOPOLITAN TRIO:<\/strong><\/p>\n<p><strong>TRE SOLISTE UNICHE<\/strong><\/p>\n<p><strong>\u00a0<\/strong><strong><span style=\"text-decoration: underline;\">Domenica 1 marzo 2015, ore<\/span><\/strong><strong><span style=\"text-decoration: underline;\"> 17.30<\/span><\/strong><\/p>\n<p><strong>Como, Salone Musa dell\u2019Istituto Carducci<\/strong><\/p>\n<p><strong><span style=\"text-decoration: underline;\">Ingresso libero fino ad esaurimento posti.<\/span><\/strong><\/p>\n<p><strong>Domenica 1 marzo alle ore 17.30, presso il Salone Musa dell\u2019Istituto Carducci di Como<\/strong>, l\u2019edizione 2015 del <strong>Festival Como Classica<\/strong> prosegue con il terzo concerto in cartellone.<\/p>\n<p>Protagonista del concerto sar\u00e0 questa volta un trio internazionale, il <strong>Cosmopolitan Trio<\/strong> formato dalla indiana <strong>Marialena Fernandes<\/strong> al pianoforte, dall\u2019austriaca <strong>Elisabeth Kropfitsch<\/strong> al violino e dalla coreana <strong>Meehae Ryo<\/strong> al violoncello.<\/p>\n<p>Queste \u00a0tre grandi ed espressive soliste, ognuna con una storia e con caratteristiche differenti, si sono incontrate per fondere le loro esperienze e mettere a confronto le loro diversi visioni della musica. Insieme, con la loro impeccabile tecnica e ognuna con il suo stile unico, riescono ad andare ben oltre la musica, fino a toccare il cuore degli spettatori.<\/p>\n<p>Il programma del concerto prevede:<\/p>\n<p>Franz Joseph Haydn, Piano trio, Hob. XV.25 \u201cAll\u2019Ongarese\u201d<\/p>\n<p>Ludwig van Beethoven,\u00a0 Gassenhauer Trio, op.11<\/p>\n<p>Antonin Dvorak, Piano Trio n. 4 \u201cDumky\u201d, op.90<\/p>\n<p><strong>Elisabeth Kropfitsch, violino<\/strong><\/p>\n<p>La violinista Elisabeth Jess-Kropfitsch da anni tiene concerti nelle pi\u00f9 importanti sale. Il suo repertorio spazia dai grandi concerti per violino e orchestra, fino alle grandi composizioni per violino solo di Bach, Paganini e Kreisler, passando attraverso le differenti formazioni della musica da camera. Insieme al Cosmopolitan Trio si \u00e8 esibita in tutto il mondo. La sua tecnica violinistica segue la scuola del grande violinista Wolfgang Schneiderhan, che \u00e8 stato suo insegnante fino al diploma.<\/p>\n<p>Ha vinto numerosi concerti, come il Concorso Internazionale \u201cCitt\u00e0 di Senigallia\u201d, che l\u2019ha portata sulla strada dell\u2019insegnamento. E\u2019 diventata infatti insegnante di violino presso \u201cWiener Musikhochschule\u201d e professore assistente di E. Melkus, I. Ozim, J. Pospichal e M. Frischenschlager. Successivamente \u00e8 diventata docente al Joseph Haydn Institute presso l\u2019Universit\u00e4t f\u00fcr Musik und darstellende Kunst a Vienna e anche presso il Conservatorio Joseph Haydn Eisenstadt in collaborazione con l\u2019Universit\u00e0 di Bratislava.<br \/>\nParallelamente ai successi nei concorsi e all\u2019attivit\u00e0 di docente, ha sempre portato avanti una brillante carriera da solista e camerista. Da solista ha suonato con diverse orchestra quali Mozarteum Orchestra Salzburg (Brahms, Beethoven), the Festival Strings Lucerne (Martinu),\u00a0 l\u2019orchestra del \u201cS\u00fcdwestdeutscher Rundfunk\u201d (Bach), la Bohusla Martinu Symphonie Orchestra (Blechinger), i Wiener Solisten (Haydn), i Wiener Sinfonietta (Mendelssohn), la Laibach Philharmonic Orchestra (Beethoven), la Capella Itropolitana (Bach), la Nagoya Symphony Orchestra (Mendelssohn), la Moskau e la St. Petersburg Symphonic orchestra (Beethoven).<\/p>\n<p>Insieme al Cosmopolitan Trio di Vienna ha realizzato l\u2019integrale dei lavori per Trio di Ludwig van Beethoven.<\/p>\n<p>Ha registrato per importanti etichette discografiche quali EMI, Gramola, Hungaroton, Rondo.\u00a0 Suona il violino \u201cd\u2019Elia\u201d, di sua propriet\u00e0, costruito nel 1751 da Giambattista Guadagnini.<\/p>\n<p>&nbsp;<\/p>\n<p><strong>Meehae Ryo, violoncello<\/strong><\/p>\n<p>E\u2019 considerata la violoncellista pi\u00f9 interessante della Repubblica Coreana, per la sua tecnica virtuosistica e la sua travolgente musicalit\u00e0. Meehae si \u00e8 accostata al violoncello all\u2019et\u00e0 di sei anni. Dopo aver vinto numerosi concorsi, \u00e8 nata in lei l\u2019ambizione di studiare all\u2019estero, nonostante la sua giovane et\u00e0; all\u2019et\u00e0 di sedici anni \u00e8 stata selezionata per frequentare la Juilliard School e successivamente ha concluso i suoi studi presso la University of Michigan negli USA.<\/p>\n<p>La totale devozione per la musica di Meehae ha fatto di lei la violoncellista preferita di numerose orchestre, in particolare; i Berliner Symphony Orchestra, la Prague Radio Symphony Orchestra, la Toronto Philharmonia, la Hongkong Philharmonic Orchestra, la Thailand Philharmonic Orchestra, Martinu Philharmonic Orchestra, Kaerntner Symphony Orchestra, Stratford Orchestra of the Swan in the UK, la National Radio Symphony Orchestra della Bulgaria, la Prague Symphony Chamber Orchestra, Madeira Classical Players in Portugal, la Kazakhstan National Symphony Orchestra, la Korean Symphony Orchestra, la Seoul Philharmonic Orchestra.<\/p>\n<p>La prima incisione di Meehae\u00e8 stata con la Prague Radio Symphony Orchestra sotto la direzione del Maestro Vladimir Valek; il Cd \u00e8 stato un omaggio a Schumann in occasione dei 150 anni della sua morte, prodotto dall\u2019etichetta Sony Classic. Nel 2013 ha registrato Saint-Sa\u00ebns e Elgar, concerto per violoncello, con la Nuremberg Symphony Orchestra, con la prestigiosa etichetta Deutsche Gramophone.<\/p>\n<p>&nbsp;<\/p>\n<p><strong>Marialena Fernandes, pianoforte<\/strong><\/p>\n<p>Nata a Mumbai Marialena Fernandes si \u00e8 diplomata alla Royal School of Music, successivamente si \u00e8 laureata in Psicologia all\u2019Universit\u00e0 di Mumbai. Nel 1975 si diploma in Musica da Camera con menzione d\u2019onore e nel 1988 consegue il master in Arts Education.<\/p>\n<p>Nel 2008 riceve il Premio MIA dedicato a donne con un\u2019importante carriera in campo artistico e culturale. Dal 1991 \u00e8 Professore presso la University of Music and Performing Arts di Vienna.<\/p>\n<p>La sua carriera la vede protagonista in esibizioni da solista, in formazioni da camera, con l\u2019orchestra, nonch\u00e8 membro di importanti giurie di concorsi internazionali, e protagonista di incisioni discografiche, trasmissioni radiofoniche e televisive.<\/p>\n<p>Dal 1988 al 2006 \u00e8 stata insegnante di pianoforte e Musica da Camera al Joseph Haydn Conservatory di Eisenstadt.<\/p>\n<p>Marialena \u00e8 impegnata anche in progetti sperimentali e di crossover, dove i differenti mondi della musica classica, jazz ed etnica si fondono, e organizza eventi dove studenti, artisti e pubblico interagiscono.<\/p>\n<p>Dal 2007 \u00e8 protagonista della rassegna concertistica \u201cUno, Due, Tre\u201d al Musikverein di Vienna.<\/p>\n<p>&nbsp;<\/p>\n<p><strong><span style=\"text-decoration: underline;\">Ingresso libero fino ad esaurimento posti.<\/span><\/strong><\/p>\n<p><strong>\u00c8 possibile sottoscrivere una tessera annuale del costo di 20 euro per sostenere l\u2019attivit\u00e0<\/strong><strong> dell\u2019Associazione Musicale Como Classica.<\/strong><\/p>\n<p><strong>\u00a0<\/strong><strong>Per informazioni:<\/strong><\/p>\n<p><strong><a href=\"mailto:comoclassica@gmail.com\">comoclassica@gmail.com<\/a> \u2013 <\/strong><strong><a href=\"http:\/\/comoclassica.wordpress.com\">http:\/\/comoclassica.wordpress.com<\/a> <\/strong><\/p>\n<p><strong>\u00a0<\/strong><strong><span style=\"text-decoration: underline;\">Al termine del concerto sar\u00e0 possibile prendere parte alla \u201cCena con l\u2019Artista\u201d presso il Ristorante Antica Riva (costo 25 euro).<\/span><\/strong><\/p>\n<p><strong><span style=\"text-decoration: underline;\">Per info sul men\u00f9 e per prenotazioni: tel. 031 305221.<\/span><\/strong><\/p>\n","protected":false},"excerpt":{"rendered":"<p>COMO CLASSICA Terza edizione \u00a0COSMOPOLITAN TRIO: TRE SOLISTE UNICHE \u00a0Domenica 1 marzo 2015, ore 17.30 Como, Salone Musa dell\u2019Istituto Carducci Ingresso libero fino ad esaurimento posti. Domenica 1 marzo alle ore 17.30, presso il Salone Musa dell\u2019Istituto Carducci di Como, l\u2019edizione 2015 del Festival Como Classica prosegue con il terzo concerto in cartellone. Protagonista del &hellip; <a href=\"https:\/\/www.gdapress.it\/it\/index.php\/49337\/musica\/como-classica-cosmopolitan-trio-per-haydn-beethoven-e-dvorak.html\" class=\"more-link\">Read more <span class=\"screen-reader-text\">Como Classica: Cosmopolitan Trio per Haydn, Beethoven e Dvorak<\/span><\/a><\/p>\n","protected":false},"author":3,"featured_media":0,"comment_status":"closed","ping_status":"open","sticky":false,"template":"","format":"standard","meta":{"footnotes":""},"categories":[19],"tags":[1919,14787,5950,14788],"class_list":["post-49337","post","type-post","status-publish","format-standard","hentry","category-musica","tag-beethoven","tag-como-classicacosmopolitan-trio","tag-dvorak","tag-haydn"],"_links":{"self":[{"href":"https:\/\/www.gdapress.it\/it\/index.php\/wp-json\/wp\/v2\/posts\/49337","targetHints":{"allow":["GET"]}}],"collection":[{"href":"https:\/\/www.gdapress.it\/it\/index.php\/wp-json\/wp\/v2\/posts"}],"about":[{"href":"https:\/\/www.gdapress.it\/it\/index.php\/wp-json\/wp\/v2\/types\/post"}],"author":[{"embeddable":true,"href":"https:\/\/www.gdapress.it\/it\/index.php\/wp-json\/wp\/v2\/users\/3"}],"replies":[{"embeddable":true,"href":"https:\/\/www.gdapress.it\/it\/index.php\/wp-json\/wp\/v2\/comments?post=49337"}],"version-history":[{"count":1,"href":"https:\/\/www.gdapress.it\/it\/index.php\/wp-json\/wp\/v2\/posts\/49337\/revisions"}],"predecessor-version":[{"id":49339,"href":"https:\/\/www.gdapress.it\/it\/index.php\/wp-json\/wp\/v2\/posts\/49337\/revisions\/49339"}],"wp:attachment":[{"href":"https:\/\/www.gdapress.it\/it\/index.php\/wp-json\/wp\/v2\/media?parent=49337"}],"wp:term":[{"taxonomy":"category","embeddable":true,"href":"https:\/\/www.gdapress.it\/it\/index.php\/wp-json\/wp\/v2\/categories?post=49337"},{"taxonomy":"post_tag","embeddable":true,"href":"https:\/\/www.gdapress.it\/it\/index.php\/wp-json\/wp\/v2\/tags?post=49337"}],"curies":[{"name":"wp","href":"https:\/\/api.w.org\/{rel}","templated":true}]}}