
{"id":49276,"date":"2015-02-26T01:24:09","date_gmt":"2015-02-25T23:24:09","guid":{"rendered":"http:\/\/www.gdapress.it\/it\/?p=49276"},"modified":"2015-02-26T01:24:09","modified_gmt":"2015-02-25T23:24:09","slug":"milano-teatro-menotti-le-cattive-strade","status":"publish","type":"post","link":"https:\/\/www.gdapress.it\/it\/index.php\/49276\/teatro\/milano-teatro-menotti-le-cattive-strade.html","title":{"rendered":"MILANO TEATRO MENOTTI LE CATTIVE STRADE"},"content":{"rendered":"<p><a href=\"http:\/\/www.gdapress.it\/it\/..\/public\/it\/2015\/02\/MG_0371.jpg\"><img loading=\"lazy\" decoding=\"async\" class=\"alignnone size-medium wp-image-49277\" src=\"http:\/\/www.gdapress.it\/it\/..\/public\/it\/2015\/02\/MG_0371-300x200.jpg\" alt=\"_MG_0371\" width=\"300\" height=\"200\" srcset=\"https:\/\/www.gdapress.it\/it\/..\/public\/it\/2015\/02\/MG_0371-300x200.jpg 300w, https:\/\/www.gdapress.it\/it\/..\/public\/it\/2015\/02\/MG_0371-500x333.jpg 500w, https:\/\/www.gdapress.it\/it\/..\/public\/it\/2015\/02\/MG_0371-900x600.jpg 900w\" sizes=\"auto, (max-width: 300px) 100vw, 300px\" \/><\/a><\/p>\n<p><strong>TEATRO MENOTTI<\/strong><\/p>\n<p>dal 26 febbraio al 1 marzo<\/p>\n<p><strong>LE CATTIVE STRADE<\/strong><\/p>\n<p><em>Casale-Scanzi per De Andr\u00e8<\/em><\/p>\n<p>con Giulio Casale e Andrea Scanzi<\/p>\n<p>produzione Promo Music<\/p>\n<p>in collaborazione con il Comune di Cagli &#8211; Istituzione Teatro Comunale<\/p>\n<p><em>si ringrazia la Fondazione Fabrizio De Andr\u00e9 Onlus<\/em><\/p>\n<p><em>Le cattive strade<\/em> \u00e8 uno spettacolo scritto e interpretato da Giulio Casale e Andrea Scanzi. In novanta minuti si ripercorre la carriera di Fabrizio De Andr\u00e9.<\/p>\n<p>Scanzi, giornalista, autore teatrale e scrittore, racconta gli snodi del percorso artistico del poeta e cantautore ligure. Alla sua narrazione si alternano le interpretazioni del cantautore e attore Giulio Casale, capace di personalizzare con rispetto, personalit\u00e0 ed eclettismo il repertorio di <em>Faber<\/em>.<\/p>\n<p>Il lavoro, che racconta anche il De Andr\u00e9 meno noto, non desidera canonizzare o santificare l&#8217;artista. Al contrario, <em>Le cattive strade<\/em> intende raccontare, senza agiografie, ma con passione, le continue rivoluzioni e le poderose intuizioni (anche musicali) di un intellettuale inquieto. Scomodo. Irripetibile.<\/p>\n<p>Lo spettacolo vive anche di una sua particolare multimedialit\u00e0 che comprende la proiezione di filmati originali di Fabrizio De Andr\u00e9, estratti audio, foto rare, ed esecuzioni dal vivo in acustico e anche su base. Da <em>Geordie<\/em> a Brassens, dal <em>Suonatore Jones<\/em> alla <em>Canzone del maggio<\/em>, da <em>Se ti tagliassero a pezzetti<\/em> ad <em>Anime salve<\/em>. Senza dimenticare la produzione dialettale e l\u2019apporto fondamentale dei tanti collaboratori avvicendatisi accanto a lui.<\/p>\n<p>\u00e8 una storia per nulla sbagliata, quella di Fabrizio De Andr\u00e9.<\/p>\n<p>Tra cattive strade e fiori che nascono dove meno te lo aspetti.<\/p>\n<p>Una storia che continua e continuer\u00e0, in direzione ostinatamente contraria.<\/p>\n<p>\u201cDi Fabrizio De Andr\u00e9 si parla tanto. Forse troppo. Un talento inquieto, spigoloso, quasi mai facile. Un uomo bruciato dal desiderio quasi inconscio, e talora da lui stesso mal sopportato, di inseguire e concretizzare rivoluzioni continue. Nessun desiderio di raccontare un santino; molta voglia di restituire gli snodi di un artista vero. Tra i pi\u00f9 grandi del Novecento italiano.\u201d<\/p>\n<p>ANDREA SCANZI<\/p>\n<p>\u201cDe Andr\u00e9 \u00e8 stato come minimo uno tra i pi\u00f9 importanti cantautori del secolo scorso. Ognuno di noi che si provi a fare oggi lo stesso suo mestiere gli deve almeno un pezzo della propria chitarra, del proprio cercare e spesso non trovare una voce, e un tono, altrettanto autorevole, impeccabile. Questo basti a darci il senso di restituzione, per il tanto ricevuto. Fuor di retorica, ma proprio solo di pancia, e di cuore.\u201d<\/p>\n<p>GIULIO CASALE<\/p>\n<p><strong>TEATRO MENOTTI<\/strong><\/p>\n<p><strong>\u00a0<\/strong>via Ciro Menotti 11, Milano<\/p>\n<p>tel. 02 36592544<\/p>\n<p><a href=\"mailto:biglietteria@tieffeteatro.it\">biglietteria@tieffeteatro.it<\/a><\/p>\n<p>Acquisti online<\/p>\n<p>con carta di credito su <a href=\"http:\/\/www.teatromenotti.org\/\">www.teatromenotti.org<\/a><\/p>\n<p>PREZZI<\/p>\n<p>intero &#8211; \u20ac 25.00<\/p>\n<p>convenzioni &#8211; \u20ac 20.00<\/p>\n<p>ridotto\/under 25 &#8211; \u20ac 20,00<\/p>\n<p>ridotto\/over 65 (residenti a Milano) \u20ac 12,50<\/p>\n<p>ridotto\/over 65 (residenti fuori Milano) \u20ac 17,50<\/p>\n<p>prevendita &#8211; \u20ac 1,50<\/p>\n<p><strong>ORARI SPETTACOLO<\/strong><\/p>\n<p>luned\u00ec riposo<\/p>\n<p>marted\u00ec, gioved\u00ec, venerd\u00ec, sabato\u00a0 &#8211; ore 20.30<\/p>\n<p>mercoled\u00ec\u00a0 &#8211; ore 19.30<\/p>\n<p>domenica &#8211; ore 17.00<\/p>\n<p><em>\u00a0<\/em><\/p>\n<p>&nbsp;<\/p>\n<p>&nbsp;<\/p>\n","protected":false},"excerpt":{"rendered":"<p>TEATRO MENOTTI dal 26 febbraio al 1 marzo LE CATTIVE STRADE Casale-Scanzi per De Andr\u00e8 con Giulio Casale e Andrea Scanzi produzione Promo Music in collaborazione con il Comune di Cagli &#8211; Istituzione Teatro Comunale si ringrazia la Fondazione Fabrizio De Andr\u00e9 Onlus Le cattive strade \u00e8 uno spettacolo scritto e interpretato da Giulio Casale &hellip; <a href=\"https:\/\/www.gdapress.it\/it\/index.php\/49276\/teatro\/milano-teatro-menotti-le-cattive-strade.html\" class=\"more-link\">Read more <span class=\"screen-reader-text\">MILANO TEATRO MENOTTI LE CATTIVE STRADE<\/span><\/a><\/p>\n","protected":false},"author":3,"featured_media":0,"comment_status":"closed","ping_status":"open","sticky":false,"template":"","format":"standard","meta":{"footnotes":""},"categories":[1],"tags":[14771,17,7382],"class_list":["post-49276","post","type-post","status-publish","format-standard","hentry","category-teatro","tag-le-cattive-strade","tag-milano","tag-teatro-menotti"],"_links":{"self":[{"href":"https:\/\/www.gdapress.it\/it\/index.php\/wp-json\/wp\/v2\/posts\/49276","targetHints":{"allow":["GET"]}}],"collection":[{"href":"https:\/\/www.gdapress.it\/it\/index.php\/wp-json\/wp\/v2\/posts"}],"about":[{"href":"https:\/\/www.gdapress.it\/it\/index.php\/wp-json\/wp\/v2\/types\/post"}],"author":[{"embeddable":true,"href":"https:\/\/www.gdapress.it\/it\/index.php\/wp-json\/wp\/v2\/users\/3"}],"replies":[{"embeddable":true,"href":"https:\/\/www.gdapress.it\/it\/index.php\/wp-json\/wp\/v2\/comments?post=49276"}],"version-history":[{"count":1,"href":"https:\/\/www.gdapress.it\/it\/index.php\/wp-json\/wp\/v2\/posts\/49276\/revisions"}],"predecessor-version":[{"id":49278,"href":"https:\/\/www.gdapress.it\/it\/index.php\/wp-json\/wp\/v2\/posts\/49276\/revisions\/49278"}],"wp:attachment":[{"href":"https:\/\/www.gdapress.it\/it\/index.php\/wp-json\/wp\/v2\/media?parent=49276"}],"wp:term":[{"taxonomy":"category","embeddable":true,"href":"https:\/\/www.gdapress.it\/it\/index.php\/wp-json\/wp\/v2\/categories?post=49276"},{"taxonomy":"post_tag","embeddable":true,"href":"https:\/\/www.gdapress.it\/it\/index.php\/wp-json\/wp\/v2\/tags?post=49276"}],"curies":[{"name":"wp","href":"https:\/\/api.w.org\/{rel}","templated":true}]}}