
{"id":49178,"date":"2015-02-24T01:43:34","date_gmt":"2015-02-23T23:43:34","guid":{"rendered":"http:\/\/www.gdapress.it\/it\/?p=49178"},"modified":"2015-02-24T01:43:34","modified_gmt":"2015-02-23T23:43:34","slug":"radio-garage-rock-donatiolesen-al-teatro-leonardo","status":"publish","type":"post","link":"https:\/\/www.gdapress.it\/it\/index.php\/49178\/teatro\/radio-garage-rock-donatiolesen-al-teatro-leonardo.html","title":{"rendered":"Radio Garage Rock &#8211; Donati\/Olesen al Teatro Leonardo"},"content":{"rendered":"<p class=\"ecxMsoNormal\" align=\"center\"><a href=\"http:\/\/www.gdapress.it\/it\/..\/public\/it\/2015\/02\/donati_olesen2piccola.jpg\"><img loading=\"lazy\" decoding=\"async\" class=\"alignnone size-medium wp-image-49179\" src=\"http:\/\/www.gdapress.it\/it\/..\/public\/it\/2015\/02\/donati_olesen2piccola-300x200.jpg\" alt=\"donati_olesen2piccola\" width=\"300\" height=\"200\" srcset=\"https:\/\/www.gdapress.it\/it\/..\/public\/it\/2015\/02\/donati_olesen2piccola-300x200.jpg 300w, https:\/\/www.gdapress.it\/it\/..\/public\/it\/2015\/02\/donati_olesen2piccola-500x333.jpg 500w, https:\/\/www.gdapress.it\/it\/..\/public\/it\/2015\/02\/donati_olesen2piccola-900x599.jpg 900w, https:\/\/www.gdapress.it\/it\/..\/public\/it\/2015\/02\/donati_olesen2piccola.jpg 1745w\" sizes=\"auto, (max-width: 300px) 100vw, 300px\" \/><\/a><\/p>\n<p class=\"ecxMsoNormal\" align=\"center\"><b>TEATRO LEONARDO DA VINCI<\/b><\/p>\n<p class=\"ecxMsoNormal\" align=\"center\">Via Amp\u00e8re 1 \u2013 Milano<\/p>\n<p class=\"ecxMsoNormal\" align=\"center\"><b>Donati\/Olesen<\/b><\/p>\n<p class=\"ecxMsoNormal\" align=\"center\">Presenta<\/p>\n<p class=\"ecxMsoNormal\" align=\"center\"><b>Radio Garage Rock<\/b><\/p>\n<p class=\"ecxMsoNormal\" align=\"center\"><b>\u00a0<\/b><i>con<\/i><\/p>\n<p><span style=\"font-size: large;\">di e con Giorgio Donati, Jacob Olesen, Ted Kejiser e con Giovanni Cal\u00f2<\/span><\/p>\n<p><span style=\"font-size: large;\">regia Giovanni Cal\u00f2<\/span><\/p>\n<p>Da una postazione clandestina, in un garage insonorizzato, ogni sera va in onda una rivoluzionaria trasmissione radiofonica: Radio Garage Rock! Musica in diretta, cronaca spicciola, terrorizzanti radiodrammi notturni. Il vero brivido per\u00f2 arriva all&#8217;improvviso: il terribile sterminatore delle casalinghe Vincenzo Uccellini \u00e8 di nuovo libero ed \u00e8 tornato a terrorizzare i radioascoltatori.<\/p>\n<p>Sar\u00e0 scongiurata la minaccia Uccellini?<\/p>\n<p>Ritorner\u00e0 la calma nelle case dei fedeli radioascoltatori?<\/p>\n<p>Lo sapremo soltanto collegandoci con il pazzo, originale, mozzafiato divertimento notturno di RADIO GARAGE ROCK, la nuova produzione teatrale della Compagnia Donati-Olesen.<\/p>\n<p><strong>Informazioni e prenotazioni: <\/strong><\/p>\n<p>Teatro Leonardo da Vinci &#8211; Via Amp\u00e8re 1, angolo piazza Leonardo da Vinci, Milano<\/p>\n<p>Tel: 02 26.68.11.66 dal lun al sab dalle 15.00 alle 19.00\u00a0 <a href=\"mailto:biglietteria@teatroleonardo.it\">biglietteria@teatroleonardo.it<\/a> &#8211; <a href=\"http:\/\/www.teatroleonardo.it\/\">www.teatroleonardo.it<\/a><\/p>\n<p><strong>Date e orari: dal marted\u00ec al sabato ore 20.45, la domenica ore 16.00, luned\u00ec riposo<\/strong><\/p>\n<p><strong>Prezzi: <\/strong>intero: 22,00 euro \u2013 ridotto under 30: 15,00 euro, over 60: 11 euro \u2013 il marted\u00ec 10,00 euro<\/p>\n<p class=\"ecxMsoNormal\" align=\"center\">\n","protected":false},"excerpt":{"rendered":"<p>TEATRO LEONARDO DA VINCI Via Amp\u00e8re 1 \u2013 Milano Donati\/Olesen Presenta Radio Garage Rock \u00a0con di e con Giorgio Donati, Jacob Olesen, Ted Kejiser e con Giovanni Cal\u00f2 regia Giovanni Cal\u00f2 Da una postazione clandestina, in un garage insonorizzato, ogni sera va in onda una rivoluzionaria trasmissione radiofonica: Radio Garage Rock! Musica in diretta, cronaca &hellip; <a href=\"https:\/\/www.gdapress.it\/it\/index.php\/49178\/teatro\/radio-garage-rock-donatiolesen-al-teatro-leonardo.html\" class=\"more-link\">Read more <span class=\"screen-reader-text\">Radio Garage Rock &#8211; Donati\/Olesen al Teatro Leonardo<\/span><\/a><\/p>\n","protected":false},"author":3,"featured_media":0,"comment_status":"closed","ping_status":"open","sticky":false,"template":"","format":"standard","meta":{"footnotes":""},"categories":[1],"tags":[17,6221],"class_list":["post-49178","post","type-post","status-publish","format-standard","hentry","category-teatro","tag-milano","tag-teatro-leonardo"],"_links":{"self":[{"href":"https:\/\/www.gdapress.it\/it\/index.php\/wp-json\/wp\/v2\/posts\/49178","targetHints":{"allow":["GET"]}}],"collection":[{"href":"https:\/\/www.gdapress.it\/it\/index.php\/wp-json\/wp\/v2\/posts"}],"about":[{"href":"https:\/\/www.gdapress.it\/it\/index.php\/wp-json\/wp\/v2\/types\/post"}],"author":[{"embeddable":true,"href":"https:\/\/www.gdapress.it\/it\/index.php\/wp-json\/wp\/v2\/users\/3"}],"replies":[{"embeddable":true,"href":"https:\/\/www.gdapress.it\/it\/index.php\/wp-json\/wp\/v2\/comments?post=49178"}],"version-history":[{"count":1,"href":"https:\/\/www.gdapress.it\/it\/index.php\/wp-json\/wp\/v2\/posts\/49178\/revisions"}],"predecessor-version":[{"id":49180,"href":"https:\/\/www.gdapress.it\/it\/index.php\/wp-json\/wp\/v2\/posts\/49178\/revisions\/49180"}],"wp:attachment":[{"href":"https:\/\/www.gdapress.it\/it\/index.php\/wp-json\/wp\/v2\/media?parent=49178"}],"wp:term":[{"taxonomy":"category","embeddable":true,"href":"https:\/\/www.gdapress.it\/it\/index.php\/wp-json\/wp\/v2\/categories?post=49178"},{"taxonomy":"post_tag","embeddable":true,"href":"https:\/\/www.gdapress.it\/it\/index.php\/wp-json\/wp\/v2\/tags?post=49178"}],"curies":[{"name":"wp","href":"https:\/\/api.w.org\/{rel}","templated":true}]}}