
{"id":49133,"date":"2015-02-23T21:50:58","date_gmt":"2015-02-23T19:50:58","guid":{"rendered":"http:\/\/www.gdapress.it\/it\/?p=49133"},"modified":"2015-02-23T21:50:58","modified_gmt":"2015-02-23T19:50:58","slug":"parte-milano-moda-donna-25-febbraio-2-marzo-2015","status":"publish","type":"post","link":"https:\/\/www.gdapress.it\/it\/index.php\/49133\/costume\/parte-milano-moda-donna-25-febbraio-2-marzo-2015.html","title":{"rendered":"PARTE MILANO MODA DONNA 25 FEBBRAIO-2 MARZO 2015"},"content":{"rendered":"<p><a href=\"http:\/\/www.gdapress.it\/it\/..\/public\/it\/2015\/02\/unnamed-2.jpg\"><img loading=\"lazy\" decoding=\"async\" class=\"alignnone size-large wp-image-49134\" src=\"http:\/\/www.gdapress.it\/it\/..\/public\/it\/2015\/02\/unnamed-2-500x73.jpg\" alt=\"unnamed (2)\" width=\"500\" height=\"73\" srcset=\"https:\/\/www.gdapress.it\/it\/..\/public\/it\/2015\/02\/unnamed-2-500x73.jpg 500w, https:\/\/www.gdapress.it\/it\/..\/public\/it\/2015\/02\/unnamed-2-300x44.jpg 300w, https:\/\/www.gdapress.it\/it\/..\/public\/it\/2015\/02\/unnamed-2.jpg 640w\" sizes=\"auto, (max-width: 500px) 100vw, 500px\" \/><\/a><\/p>\n<p><a href=\"http:\/\/www.gdapress.it\/it\/..\/public\/it\/2015\/02\/th11.jpg\"><img loading=\"lazy\" decoding=\"async\" class=\"alignnone size-medium wp-image-49135\" src=\"http:\/\/www.gdapress.it\/it\/..\/public\/it\/2015\/02\/th11-300x273.jpg\" alt=\"th11\" width=\"300\" height=\"273\" \/><\/a><\/p>\n<p>In occasione di questa edizione di Milano Moda Donna Mario Boselli, Presidente di Camera Nazionale Della Moda Italiana, con Jane Reeve CEO, insieme a Cristina Tajani, Assessore alla Moda e Design, hanno presentato \u00a0a Palazzo Marino le sfilate A\/I 2015\/2016 e i numerosi eventi correlati, in calendario a Milano dal 25 febbraio al 2 marzo 2015.<\/p>\n<p>Un\u2019edizione che si preannuncia positiva, con un calendario forte e ben strutturato su sei giorni pieni : 68 sfilate, 76 presentazioni, 4 presentazioni su appuntamento, per un totale di 151 collezioni, caratterizzano questo appuntamento della moda milanese.\u2028Nuovi nomi sfilano per la prima volta a Milano Moda Donna: Vivetta e Philosophy di Lorenzo Serafini, e molti sono i designer che hanno scelto per la prima volta Milano per presentare le proprie collezioni: Giannico, Co|te, Coliac by Martina Grasselli, Hache, Capucci, Philippe Model Paris, V\u00b073, Rubeus, Chiara Ferragni.<\/p>\n<p>A testimonianza del grande impegno di Camera Nazionale della Moda Italiana verso le nuove promesse del Made in Italy, per la prima volta la sfilata dei quattro vincitori del concorso Next Generation, aprir\u00e0 la Fashion Week marted\u00ec 24 febbraio alle ore 21.00 al Teatro Vetra.\u2028Luned\u00ec 2 marzo, inoltre, sfileranno i quattro designer del progetto \u201cDesigners powered by Camera Nazionale della Moda Italiana\u201d: Leitmotiv, Alberto Zambelli, San Andres Milano, Fatima Val.<\/p>\n<p>Il cuore pulsante di Milano Moda Donna sar\u00e0 il FASHION HUB che prende vita all&#8217;interno di tre storiche sedi: Palazzo Giureconsulti centro servizi e quartier generale della manifestazione aperto anche al pubblico. Palazzo Clerici (Sala Tiepolo) e Palazzo Reale (Sala Delle Cariatidi), a cui si aggiunge la nuova location di Teatro Vetra, all\u2019interno del quale CNMI ha allestito una grande Sala sfilate.<\/p>\n<p>Presso il Fashion Hub di Palazzo Giureconsulti prenderanno vita diverse iniziative.\u2028All\u2019interno dello spazio Cuoio di Toscana, grazie alla collaborazione con Fratelli Rossetti, il pubblico avr\u00e0 modo di scoprire la tecnologia NFC (Near field communication) che certifica la provenienza della suola e la tracciabilit\u00e0 della materia prima.\u2028Al primo piano del Palazzo sar\u00e0 allestita la Mostra \u201cThe Backstage Diaries\u201d di Filippo Mutani: un percorso nel mondo delle sfilate, attraverso gli scatti del famoso fotografo di moda. E all\u2019interno della Sala Donzelli l\u2019esclusiva presentazione dell\u2019Archivio storico di ricerca di Lineapelle.\u2028Sempre all\u2019interno del Palazzo Giureconsulti le lounge degli sponsor di CNMI che offriranno servizi agli ospiti della manifestazione: il make up con MAC Cosmetics, l\u2019Hairstyling con Testanera, mentre il Centro Servizi Canon supporter\u00e0 i fotografi accreditati.<\/p>\n<p>Proprio davanti al Palazzo saranno presenti i due box sponsor di DHL, con le ultime novit\u00e0 e Class Editori, con un salotto dedicato a interviste esclusive. Anche questa nuova edizione di Milano Moda Donna sar\u00e0 resa pi\u00f9 frizzante grazie alle bollicine di Consorzio Franciacorta.<\/p>\n<p>Per la prima volta anche all\u2019esterno del Palazzo Giureconsulti sar\u00e0 data visibilit\u00e0 ai Designers powered by Camera Nazionale della Moda Italiana, con uno spazio dedicato interamente al talento delle giovani promesse della Moda italiana che CNMI ha scoperto e sostenuto negli anni. Il pubblico avr\u00e0\u00a0modo di vedere le loro collezioni e scoprire le loro storie anche attraverso l\u2019agendina dedicata, che sar\u00e0 distribuita all\u2019interno dello spazio.<\/p>\n<p>&#8220;Questa edizione di Milano Moda Donna \u00e8 particolarmente attesa perch\u00e9 precede l&#8217;apertura di Expo 2015 e, in qualche modo, contribuisce a prepararlo. Sfilate, presentazioni e eventi che esprimono uno dei tratti distintivi della citt\u00e0, in cui design , buon gusto e attenzione alla qualit\u00e0 e alla ricerca si fondono dando origine al pi\u00f9 autentico stile Milano&#8221; Commenta l&#8217;Assessore alle Politiche per il Lavoro, Moda e Design Cristina Tajani che prosegue &#8220;Milano \u00e8 al fianco dei giovani creativi mettendo a disposizione della loro creativit\u00e0 e della loro carica innovativa, i suoi spazi pi\u00f9 prestigiosi. Perch\u00e8 solo coltivando i talenti e la loro capacit\u00e0 di immaginare il futuro possiamo costruire insieme una citt\u00e0 che sappia essere attrattiva e punto riferimento per chiunque voglia fare moda o esprimere la propria creativit\u00e0\u201d.<\/p>\n<p>\u201cQuesta edizione di Milano Moda Donna parte sotto buon auspicio, sono infatti convinto che siamo\u00a0alla vigilia di un periodo eccezionalmente positivo che cambia in meglio le previsioni, non solo di fatturato, ma di saldo attivo della bilancia commerciale che ritengo superer\u00e0 i 20 milioni di Euro. Il prezzo del petrolio \u00e8 sceso della met\u00e0 rispetto a sei mesi fa, la diversa situazione della BCE e delle Banche vede un allentamento dell\u2019erogazione del credito e la fine del credit crunch. Ma \u00e8 soprattutto il cambio Euro\/Dollaro che oggi \u00e8 1.14, tornato sotto i livelli del suo esordio, oltre a favorire l\u2019export, penalizzer\u00e0 l\u2019import e quindi difender\u00e0 le nostre PMI della parte alta della filiera.\u201d Commenta Mario Boselli, Presidente di Camera Nazionale della Moda Italiana<\/p>\n<p>&#8220;Milano Moda Donna ha un calendario con sei giornate piene, che inizia con i giovani e che offrir\u00e0 tutti i giorni un programma interessante tra sfilate, presentazioni ed eventi, con le proposte dei marchi pi\u00f9 noti e affermati e dei promettenti nuovi protagonisti. Una settimana che conferma l\u2019impianto strategico di Camera della Moda: pi\u00f9 internazionale, pi\u00f9 spazio per i nuovi talenti e per i giovani, pi\u00f9 attenzione alla comunicazione digitale.\u201d Commenta Jane Reeve, CEO di Camera Nazionale della Moda Italiana<\/p>\n<p>La Fashion Week milanese potr\u00e0 essere seguita day by day attraverso il sito milanomodadonna.it con video, streaming delle sfilate, fotogallery delle collezioni.\u2028Lo streaming delle sfilate, i video day by day e contenuti editoriali sempre nuovi saranno trasmessi anche attraverso i megaschermi posti in alcuni punti di grande passaggio della citt\u00e0: Via Croce Rossa, Corso Vittorio Emanuele ang. Piazza San Babila, Piazza Cordusio affiancheranno i due grandi ledwall in piazza dei Mercanti.<\/p>\n<p>Infine un\u2019altra iniziativa regalata alla citt\u00e0 di Milano \u00e8 presentata da Metroweb, in collaborazione con Camera Nazionale della Moda Italiana: \u201cSopra il Sotto \u2013 Tombini Art raccontano la Citt\u00e0 Cablata\u201d, una Mostra open air di 24 Tombini Art interpretati dai Grandi protagonisti della Moda Italiana, dal 24 febbraio 2015 a gennaio 2016 in via Monte Napoleone e via Sant\u2019Andrea.<\/p>\n<p>I tombini, pezzi unici ideati dagli stilisti, saranno battuti all\u2019asta da Christie\u2019s, il cui ricavato sar\u00e0 interamente devoluto in beneficenza a favore dell\u2019associazione no profit Oxfam Italia.<\/p>\n","protected":false},"excerpt":{"rendered":"<p>In occasione di questa edizione di Milano Moda Donna Mario Boselli, Presidente di Camera Nazionale Della Moda Italiana, con Jane Reeve CEO, insieme a Cristina Tajani, Assessore alla Moda e Design, hanno presentato \u00a0a Palazzo Marino le sfilate A\/I 2015\/2016 e i numerosi eventi correlati, in calendario a Milano dal 25 febbraio al 2 marzo &hellip; <a href=\"https:\/\/www.gdapress.it\/it\/index.php\/49133\/costume\/parte-milano-moda-donna-25-febbraio-2-marzo-2015.html\" class=\"more-link\">Read more <span class=\"screen-reader-text\">PARTE MILANO MODA DONNA 25 FEBBRAIO-2 MARZO 2015<\/span><\/a><\/p>\n","protected":false},"author":3,"featured_media":0,"comment_status":"closed","ping_status":"open","sticky":false,"template":"","format":"standard","meta":{"footnotes":""},"categories":[2244],"tags":[1538,17,12395,14730],"class_list":["post-49133","post","type-post","status-publish","format-standard","hentry","category-costume","tag-camera-commercio","tag-milano","tag-milano-moda-donna","tag-tombini"],"_links":{"self":[{"href":"https:\/\/www.gdapress.it\/it\/index.php\/wp-json\/wp\/v2\/posts\/49133","targetHints":{"allow":["GET"]}}],"collection":[{"href":"https:\/\/www.gdapress.it\/it\/index.php\/wp-json\/wp\/v2\/posts"}],"about":[{"href":"https:\/\/www.gdapress.it\/it\/index.php\/wp-json\/wp\/v2\/types\/post"}],"author":[{"embeddable":true,"href":"https:\/\/www.gdapress.it\/it\/index.php\/wp-json\/wp\/v2\/users\/3"}],"replies":[{"embeddable":true,"href":"https:\/\/www.gdapress.it\/it\/index.php\/wp-json\/wp\/v2\/comments?post=49133"}],"version-history":[{"count":1,"href":"https:\/\/www.gdapress.it\/it\/index.php\/wp-json\/wp\/v2\/posts\/49133\/revisions"}],"predecessor-version":[{"id":49136,"href":"https:\/\/www.gdapress.it\/it\/index.php\/wp-json\/wp\/v2\/posts\/49133\/revisions\/49136"}],"wp:attachment":[{"href":"https:\/\/www.gdapress.it\/it\/index.php\/wp-json\/wp\/v2\/media?parent=49133"}],"wp:term":[{"taxonomy":"category","embeddable":true,"href":"https:\/\/www.gdapress.it\/it\/index.php\/wp-json\/wp\/v2\/categories?post=49133"},{"taxonomy":"post_tag","embeddable":true,"href":"https:\/\/www.gdapress.it\/it\/index.php\/wp-json\/wp\/v2\/tags?post=49133"}],"curies":[{"name":"wp","href":"https:\/\/api.w.org\/{rel}","templated":true}]}}