
{"id":49094,"date":"2015-02-23T19:12:13","date_gmt":"2015-02-23T17:12:13","guid":{"rendered":"http:\/\/www.gdapress.it\/it\/?p=49094"},"modified":"2015-02-23T19:12:13","modified_gmt":"2015-02-23T17:12:13","slug":"dittico-la-voix-humaine-cavalleria-rusticana-teatro-filodrammatici-milano","status":"publish","type":"post","link":"https:\/\/www.gdapress.it\/it\/index.php\/49094\/teatro\/dittico-la-voix-humaine-cavalleria-rusticana-teatro-filodrammatici-milano.html","title":{"rendered":"DITTICO  \u201cLA VOIX HUMAINE\u201d \u2013 \u201cCAVALLERIA RUSTICANA\u201d TEATRO FILODRAMMATICI &#8211; MILANO"},"content":{"rendered":"<p><a href=\"http:\/\/www.gdapress.it\/it\/..\/public\/it\/2015\/02\/la-voce-humana-ginevra-schiassi.jpg\"><img loading=\"lazy\" decoding=\"async\" class=\"alignnone size-large wp-image-49095\" src=\"http:\/\/www.gdapress.it\/it\/..\/public\/it\/2015\/02\/la-voce-humana-ginevra-schiassi-322x400.jpg\" alt=\"la voce humana - ginevra schiassi\" width=\"322\" height=\"400\" srcset=\"https:\/\/www.gdapress.it\/it\/..\/public\/it\/2015\/02\/la-voce-humana-ginevra-schiassi-322x400.jpg 322w, https:\/\/www.gdapress.it\/it\/..\/public\/it\/2015\/02\/la-voce-humana-ginevra-schiassi-242x300.jpg 242w, https:\/\/www.gdapress.it\/it\/..\/public\/it\/2015\/02\/la-voce-humana-ginevra-schiassi-544x676.jpg 544w, https:\/\/www.gdapress.it\/it\/..\/public\/it\/2015\/02\/la-voce-humana-ginevra-schiassi.jpg 690w\" sizes=\"auto, (max-width: 322px) 100vw, 322px\" \/><\/a>\u00a0<a href=\"http:\/\/www.gdapress.it\/it\/..\/public\/it\/2015\/02\/Locandina_Dittico_VoceAllOpera.png\"><img loading=\"lazy\" decoding=\"async\" class=\"alignnone size-large wp-image-49096\" src=\"http:\/\/www.gdapress.it\/it\/..\/public\/it\/2015\/02\/Locandina_Dittico_VoceAllOpera-286x400.png\" alt=\"Locandina_Dittico_VoceAllOpera\" width=\"286\" height=\"400\" srcset=\"https:\/\/www.gdapress.it\/it\/..\/public\/it\/2015\/02\/Locandina_Dittico_VoceAllOpera-286x400.png 286w, https:\/\/www.gdapress.it\/it\/..\/public\/it\/2015\/02\/Locandina_Dittico_VoceAllOpera-214x300.png 214w, https:\/\/www.gdapress.it\/it\/..\/public\/it\/2015\/02\/Locandina_Dittico_VoceAllOpera-483x676.png 483w, https:\/\/www.gdapress.it\/it\/..\/public\/it\/2015\/02\/Locandina_Dittico_VoceAllOpera.png 847w\" sizes=\"auto, (max-width: 286px) 100vw, 286px\" \/><\/a><\/p>\n<p><strong>Dittico <\/strong><\/p>\n<p><strong>\u201cLa voix humaine\u201d \u2013 \u201cCavalleria rusticana\u201d<\/strong><\/p>\n<p>Stagione Lirica di VoceAll<em>Opera<\/em> 2015<\/p>\n<p><strong>Teatro Filodrammatici &#8211; Milano<\/strong><\/p>\n<p><strong>26-27-28 febbraio 2015, ore 20:30<\/strong><\/p>\n<p>Continua la Stagione Lirica 2015 dell\u2019<a href=\"http:\/\/www.voceallopera.com\/\"><strong>Associazione VoceAll<em>Opera<\/em><\/strong><\/a> presso il <strong>Teatro Filodrammatici di Milano<\/strong>, proprio accanto al Teatro alla Scala, sotto il <strong>patrocinio del Comune di Milano<\/strong>. Dopo aver rotto il ghiaccio con il frizzante Elisr d\u2019amore ai primi di gennaio, ora ci sia avvia sicuri verso il secondo appuntamento, il <strong>Dittico \u201cLa voix humaine\u201d \u2013 \u201cCavalleria rusticana\u201d<\/strong> in scena dal 26 al 28 febbraio 2015.<\/p>\n<p>Anche in questo caso la forza dello spettacolo sar\u00e0 un allestimento moderno che ha l\u2019intento di attrarre all\u2019opera giovani e pubblico nuovo. Infatti, come la maggior parte degli allestimenti di VoceAllOpera, la messa in scena \u00e8 fedele al libretto e alle volont\u00e0 autoriali, ma a variare \u00e8 la collocazione temporale affinch\u00e9 il pubblico di oggi possa comprendere e rispecchiarsi nella storia.<\/p>\n<p>\u201c<strong>La voix humaine<\/strong>\u201d di Francis Poulenc, derivata dalla pi\u00e9ce omonima di Jean Cocteau che firma il libretto e \u201c<strong>Cavalleria Rusticana<\/strong>\u201d di Pietro Mascagni, tratta dall\u2019omonima novella di Giovanni Verga hanno un minimo comune denominatore: la <strong>passione<\/strong>.<\/p>\n<p>La passione esasperata e malata della protagonista de <em>La voce umana<\/em>, donna un tempo innamorata e amata e che ora non riesce a rassegnarsi alla fine del rapporto. <strong>Cerca disperatamente di mettersi in contatto telefonico con l\u2019amato<\/strong>, per sentire per l\u2019ultima volta la sua voce, per provare quel fremito che forse non sar\u00e0 pi\u00f9 in grado di provare, per tentare di dirgli addio per sempre.<\/p>\n<p>La passione impossibile tra <strong>Turiddu e Lola<\/strong> visto che entrambi sono gi\u00e0 legati ad altre persone (Santuzza e Alfio), la pi\u00f9 che motivata gelosia di <strong>Santuzza<\/strong> che si tramuta in odio nei confronti della rivale Lola, la smania di vendetta di <strong>Alfio<\/strong> nei confronti di Turiddu, il calvario \u201cpassionale\u201d di <strong>mamma Lucia<\/strong> e Santuzza, proprio come la Madonna e Maria Maddalena. Una storia ambientata nella Sicilia di fine ottocento durante le celebrazioni rituali del giorno di Pasqua, proprio all\u2019apice della passione di Cristo e che ancora oggi rivive in rituali ancestrali e rimasti immutati nel tempo.<\/p>\n<p>Un\u2019allestimento pulito, minimalista, che punter\u00e0 tutto sull\u2019interpretazione dei protagonisti. <strong>Ginevra Schiassi<\/strong> interpreter\u00e0 magistralmente <em>La voce umana<\/em> per tutte le date. <strong>Moonnjin Kim<\/strong> (26), <strong>Marina Gubareva<\/strong> (27) e <strong>Laura Dacomo<\/strong> (28) vestiranno i panni di <em>Santuzza<\/em> in Cavalleria rusticana. <em>Turiddu<\/em> sar\u00e0 impersonato da <strong>Vitaly Kovalchuk<\/strong> (26 e 28) e da <strong>Alessandro Mundula<\/strong> (27). <strong>Carlotta Vichi<\/strong> (26 e 28) ed <strong>Elena Caccamo<\/strong> (27) saranno <em>Lola<\/em>, mentre <em>Alfio<\/em> e <em>mamma Lucia<\/em> saranno impersonati per tutte e tre le recite rispettivamente da <strong>Hyun Kyu Ra<\/strong> e <strong>Chiara Albano<\/strong>.<\/p>\n<p>Il <strong>trio di fiati<\/strong> e il coro dei giovani di VoceAllOpera saranno diretti dal Maestro e pianista <strong>Damiano Cerutti.<\/strong> L\u2019ideazione scenica e la regia saranno a cura di <strong>Gianmaria Aliverta<\/strong>, presidente di VoceAllOpera e direttore artistico dell\u2019intera stagione.<\/p>\n<p>Lo staff tecnico \u00e8 tutto al femminile: dalla light designer <strong>Adriana Renna<\/strong> diplomata all\u2019Accademia della Scala (che curer\u00e0 le luci di tutta la stagione), alla costumista <strong>Alessandra Locatelli<\/strong>, che vestir\u00e0 i cantanti grazie all\u2019aiuto degli anziani del <strong>Centro Diurno di Milano<\/strong>. Gli <strong>studenti della Scuola \u201cImmaginazione e Lavoro\u201d di Milano<\/strong> si occuperanno con professionalit\u00e0 del trucco e delle acconciature dei cantanti.<\/p>\n<p>&nbsp;<\/p>\n<p><strong>Teatro Filodrammatici<\/strong>, Via Filodrammatici , 1 \u2013 MILANO (M1\/M3 Duomo)<\/p>\n<p>Ingresso: 33 (nuovi soci), 30 (gi\u00e0 soci), 25 (under 26\/over 65), 60 (coppie) \u2013 Posti non assegnati<\/p>\n<p>Info: <a href=\"http:\/\/www.voceallopera.com\/biglietteria\">www.voceallopera.com\/biglietteria<\/a> Tel: 3494249181<\/p>\n","protected":false},"excerpt":{"rendered":"<p>\u00a0 Dittico \u201cLa voix humaine\u201d \u2013 \u201cCavalleria rusticana\u201d Stagione Lirica di VoceAllOpera 2015 Teatro Filodrammatici &#8211; Milano 26-27-28 febbraio 2015, ore 20:30 Continua la Stagione Lirica 2015 dell\u2019Associazione VoceAllOpera presso il Teatro Filodrammatici di Milano, proprio accanto al Teatro alla Scala, sotto il patrocinio del Comune di Milano. Dopo aver rotto il ghiaccio con il &hellip; <a href=\"https:\/\/www.gdapress.it\/it\/index.php\/49094\/teatro\/dittico-la-voix-humaine-cavalleria-rusticana-teatro-filodrammatici-milano.html\" class=\"more-link\">Read more <span class=\"screen-reader-text\">DITTICO  \u201cLA VOIX HUMAINE\u201d \u2013 \u201cCAVALLERIA RUSTICANA\u201d TEATRO FILODRAMMATICI &#8211; MILANO<\/span><\/a><\/p>\n","protected":false},"author":3,"featured_media":0,"comment_status":"closed","ping_status":"open","sticky":false,"template":"","format":"standard","meta":{"footnotes":""},"categories":[1],"tags":[14719,17,6000,986],"class_list":["post-49094","post","type-post","status-publish","format-standard","hentry","category-teatro","tag-dittico","tag-milano","tag-opera-lirica","tag-teatro-filodrammatici"],"_links":{"self":[{"href":"https:\/\/www.gdapress.it\/it\/index.php\/wp-json\/wp\/v2\/posts\/49094","targetHints":{"allow":["GET"]}}],"collection":[{"href":"https:\/\/www.gdapress.it\/it\/index.php\/wp-json\/wp\/v2\/posts"}],"about":[{"href":"https:\/\/www.gdapress.it\/it\/index.php\/wp-json\/wp\/v2\/types\/post"}],"author":[{"embeddable":true,"href":"https:\/\/www.gdapress.it\/it\/index.php\/wp-json\/wp\/v2\/users\/3"}],"replies":[{"embeddable":true,"href":"https:\/\/www.gdapress.it\/it\/index.php\/wp-json\/wp\/v2\/comments?post=49094"}],"version-history":[{"count":1,"href":"https:\/\/www.gdapress.it\/it\/index.php\/wp-json\/wp\/v2\/posts\/49094\/revisions"}],"predecessor-version":[{"id":49097,"href":"https:\/\/www.gdapress.it\/it\/index.php\/wp-json\/wp\/v2\/posts\/49094\/revisions\/49097"}],"wp:attachment":[{"href":"https:\/\/www.gdapress.it\/it\/index.php\/wp-json\/wp\/v2\/media?parent=49094"}],"wp:term":[{"taxonomy":"category","embeddable":true,"href":"https:\/\/www.gdapress.it\/it\/index.php\/wp-json\/wp\/v2\/categories?post=49094"},{"taxonomy":"post_tag","embeddable":true,"href":"https:\/\/www.gdapress.it\/it\/index.php\/wp-json\/wp\/v2\/tags?post=49094"}],"curies":[{"name":"wp","href":"https:\/\/api.w.org\/{rel}","templated":true}]}}