
{"id":49089,"date":"2015-02-23T18:55:16","date_gmt":"2015-02-23T16:55:16","guid":{"rendered":"http:\/\/www.gdapress.it\/it\/?p=49089"},"modified":"2015-02-23T18:56:44","modified_gmt":"2015-02-23T16:56:44","slug":"fashion-remake-il-riciclo-e-cool","status":"publish","type":"post","link":"https:\/\/www.gdapress.it\/it\/index.php\/49089\/expo-2015-2\/fashion-remake-il-riciclo-e-cool.html","title":{"rendered":"FASHION REMAKE: IL RICICLO E\u2019 COOL"},"content":{"rendered":"<p><a href=\"http:\/\/www.gdapress.it\/it\/..\/public\/it\/2015\/02\/1002692_626157640846909_8850822865936508933_n.jpg\"><img loading=\"lazy\" decoding=\"async\" class=\"alignnone size-large wp-image-49090\" src=\"http:\/\/www.gdapress.it\/it\/..\/public\/it\/2015\/02\/1002692_626157640846909_8850822865936508933_n-500x303.jpg\" alt=\"1002692_626157640846909_8850822865936508933_n\" width=\"500\" height=\"303\" srcset=\"https:\/\/www.gdapress.it\/it\/..\/public\/it\/2015\/02\/1002692_626157640846909_8850822865936508933_n-500x303.jpg 500w, https:\/\/www.gdapress.it\/it\/..\/public\/it\/2015\/02\/1002692_626157640846909_8850822865936508933_n-300x182.jpg 300w, https:\/\/www.gdapress.it\/it\/..\/public\/it\/2015\/02\/1002692_626157640846909_8850822865936508933_n-900x546.jpg 900w, https:\/\/www.gdapress.it\/it\/..\/public\/it\/2015\/02\/1002692_626157640846909_8850822865936508933_n.jpg 960w\" sizes=\"auto, (max-width: 500px) 100vw, 500px\" \/><\/a><\/p>\n<p><a href=\"http:\/\/www.gdapress.it\/it\/..\/public\/it\/2015\/02\/Caroline-Corbetta-e-C09BD9.jpg\"><img loading=\"lazy\" decoding=\"async\" class=\"alignnone size-large wp-image-49092\" src=\"http:\/\/www.gdapress.it\/it\/..\/public\/it\/2015\/02\/Caroline-Corbetta-e-C09BD9-267x400.jpg\" alt=\"Caroline Corbetta e #C09BD9\" width=\"267\" height=\"400\" srcset=\"https:\/\/www.gdapress.it\/it\/..\/public\/it\/2015\/02\/Caroline-Corbetta-e-C09BD9-267x400.jpg 267w, https:\/\/www.gdapress.it\/it\/..\/public\/it\/2015\/02\/Caroline-Corbetta-e-C09BD9-200x300.jpg 200w, https:\/\/www.gdapress.it\/it\/..\/public\/it\/2015\/02\/Caroline-Corbetta-e-C09BD9-451x676.jpg 451w, https:\/\/www.gdapress.it\/it\/..\/public\/it\/2015\/02\/Caroline-Corbetta-e-C09BD9.jpg 1181w\" sizes=\"auto, (max-width: 267px) 100vw, 267px\" \/><\/a><\/p>\n<p><strong>Expo Gate: da luned\u00ec 23 febbraio, Coca-Cola ed Ekocycle\u2122 <\/strong><\/p>\n<p><strong>per un mostra all&#8217;insegna della moda sostenibile<\/strong><\/p>\n<p>In Expo Gate da <strong>luned\u00ec 23 febbraio<\/strong> a <strong>marted\u00ec 3 marzo<\/strong>, <strong>Coca-Cola<\/strong> sar\u00e0 protagonista con <strong>Ekocycle\u2122<\/strong>, della mostra \u201c<strong>Fashion Remake<\/strong>\u201d, in collaborazione con l&#8217;Istituto Europeo di Design &#8211; <strong>IED<\/strong> Moda Milano e patrocinato dalla <strong>Camera Nazionale della Moda Italiana.<\/strong><\/p>\n<p>&nbsp;<\/p>\n<p><em>\u201cUno dei pilastri intorno a cui ruota la presenza di Coca-Cola ad Expo Milano 2015 \u00e8 l\u2019impegno dell\u2019Azienda a favore della sostenibilit\u00e0. Il rispetto per l\u2019ambiente per Coca-Cola si traduce anche in una politica \u2018zero sprechi\u2019. Il progetto Ekocycle va in questa direzione: sensibilizzare i consumatori sull&#8217;importanza del riciclo.\u201d &#8211; <\/em>afferma <strong>Kim Alexander<\/strong>, General Manager <strong>Coca-Cola per Expo 2015<\/strong><em>.<\/em><\/p>\n<p>&nbsp;<\/p>\n<p><strong>Ekocycle\u2122<\/strong> \u00e8 il brand indipendente creato nel 2012 da Coca-Cola e dal musicista di fama internazionale <strong>will.i.am<\/strong> per educare i consumatori all\u2019importanza del riciclo in aiuto all\u2019ambiente.<\/p>\n<p>&nbsp;<\/p>\n<p>23 febbraio \u2013 3 marzo<\/p>\n<p>Spazio Sforza, Expo Gate<\/p>\n<p>Tutti\u00a0 i giorni, 10 alle 20<\/p>\n<p>Ingresso libero<\/p>\n<p>&nbsp;<\/p>\n","protected":false},"excerpt":{"rendered":"<p>Expo Gate: da luned\u00ec 23 febbraio, Coca-Cola ed Ekocycle\u2122 per un mostra all&#8217;insegna della moda sostenibile In Expo Gate da luned\u00ec 23 febbraio a marted\u00ec 3 marzo, Coca-Cola sar\u00e0 protagonista con Ekocycle\u2122, della mostra \u201cFashion Remake\u201d, in collaborazione con l&#8217;Istituto Europeo di Design &#8211; IED Moda Milano e patrocinato dalla Camera Nazionale della Moda Italiana. &hellip; <a href=\"https:\/\/www.gdapress.it\/it\/index.php\/49089\/expo-2015-2\/fashion-remake-il-riciclo-e-cool.html\" class=\"more-link\">Read more <span class=\"screen-reader-text\">FASHION REMAKE: IL RICICLO E\u2019 COOL<\/span><\/a><\/p>\n","protected":false},"author":3,"featured_media":0,"comment_status":"closed","ping_status":"open","sticky":false,"template":"","format":"standard","meta":{"footnotes":""},"categories":[12170],"tags":[14718,14511,14717,17],"class_list":["post-49089","post","type-post","status-publish","format-standard","hentry","category-expo-2015-2","tag-cocacola","tag-expogate","tag-fashion-remake","tag-milano"],"_links":{"self":[{"href":"https:\/\/www.gdapress.it\/it\/index.php\/wp-json\/wp\/v2\/posts\/49089","targetHints":{"allow":["GET"]}}],"collection":[{"href":"https:\/\/www.gdapress.it\/it\/index.php\/wp-json\/wp\/v2\/posts"}],"about":[{"href":"https:\/\/www.gdapress.it\/it\/index.php\/wp-json\/wp\/v2\/types\/post"}],"author":[{"embeddable":true,"href":"https:\/\/www.gdapress.it\/it\/index.php\/wp-json\/wp\/v2\/users\/3"}],"replies":[{"embeddable":true,"href":"https:\/\/www.gdapress.it\/it\/index.php\/wp-json\/wp\/v2\/comments?post=49089"}],"version-history":[{"count":2,"href":"https:\/\/www.gdapress.it\/it\/index.php\/wp-json\/wp\/v2\/posts\/49089\/revisions"}],"predecessor-version":[{"id":49093,"href":"https:\/\/www.gdapress.it\/it\/index.php\/wp-json\/wp\/v2\/posts\/49089\/revisions\/49093"}],"wp:attachment":[{"href":"https:\/\/www.gdapress.it\/it\/index.php\/wp-json\/wp\/v2\/media?parent=49089"}],"wp:term":[{"taxonomy":"category","embeddable":true,"href":"https:\/\/www.gdapress.it\/it\/index.php\/wp-json\/wp\/v2\/categories?post=49089"},{"taxonomy":"post_tag","embeddable":true,"href":"https:\/\/www.gdapress.it\/it\/index.php\/wp-json\/wp\/v2\/tags?post=49089"}],"curies":[{"name":"wp","href":"https:\/\/api.w.org\/{rel}","templated":true}]}}